{"id":29785,"date":"2022-02-22T15:58:17","date_gmt":"2022-02-22T15:58:17","guid":{"rendered":"http:\/\/latribunera.com\/apuntes\/?p=29785"},"modified":"2022-02-22T16:09:07","modified_gmt":"2022-02-22T16:09:07","slug":"nicolas-freire-en-duda-para-clasico-capitalino","status":"publish","type":"post","link":"https:\/\/latribunera.com\/apuntes\/index.php\/2022\/02\/22\/nicolas-freire-en-duda-para-clasico-capitalino\/","title":{"rendered":"Nicol\u00e1s Freire, en duda para Cl\u00e1sico Capitalino"},"content":{"rendered":"\n<p><\/p>\n\n\n<p><script async src=\"https:\/\/pagead2.googlesyndication.com\/pagead\/js\/adsbygoogle.js\"><\/script><br \/>\n<!-- PC 728x90 --><br \/>\n<ins class=\"adsbygoogle\"\nstyle=\"display:inline-block;width:728px;height:90px\"\ndata-ad-client=\"ca-pub-9427576701762839\"\ndata-ad-slot=\"1011393878\"><\/ins><br \/>\n<script>\n(adsbygoogle = window.adsbygoogle || []).push({});\n<\/script><\/p>\n\n\n\n<p><\/p>\n\n\n\n<p><\/p>\n\n\n\n<p>Nicol\u00e1s Freire estar\u00eda en duda para enfrentar al Am\u00e9rica en el Cl\u00e1sico Capitalino, ya que tiene una distensi\u00f3n en el muslo izquierdo.<\/p>\n\n\n\n<p>\u00a0De acuerdo con informaci\u00f3n del diario R\u00c9CORD, el argentino fue sometido a estudios para saber la gravedad de la lesi\u00f3n y ah\u00ed se supo que tiene una distensi\u00f3n, por lo que ser\u00e1 hoy en unas horas cuando se sepa cu\u00e1nto tiempo estar\u00eda fuera de las canchas.\u00a0<\/p>\n\n\n\n<p>En caso de que Freire no pueda tener minutos ante los de Coapa, su lugar lo ocupar\u00eda Ricardo Galindo.<\/p>\n\n\n\n<p><\/p>\n\n\n\n<p><\/p>\n\n\n<p><script async src=\"https:\/\/pagead2.googlesyndication.com\/pagead\/js\/adsbygoogle.js\"><\/script><br \/>\n<!-- PC 728x90 --><br \/>\n<ins class=\"adsbygoogle\"\nstyle=\"display:inline-block;width:728px;height:90px\"\ndata-ad-client=\"ca-pub-9427576701762839\"\ndata-ad-slot=\"1011393878\"><\/ins><br \/>\n<script>\n(adsbygoogle = window.adsbygoogle || []).push({});\n<\/script><\/p>\n","protected":false},"excerpt":{"rendered":"<p>Nicol\u00e1s Freire estar\u00eda en duda para enfrentar al Am\u00e9rica en el Cl\u00e1sico Capitalino, ya que tiene una distensi\u00f3n en el muslo izquierdo. \u00a0De acuerdo con informaci\u00f3n del diario R\u00c9CORD, el argentino fue sometido a estudios para saber la gravedad de la lesi\u00f3n y ah\u00ed se supo que tiene una distensi\u00f3n, por lo que ser\u00e1 hoy&#8230; <\/p>\n<div class=\"clear\"><\/div>\n<p><a href=\"https:\/\/latribunera.com\/apuntes\/index.php\/2022\/02\/22\/nicolas-freire-en-duda-para-clasico-capitalino\/\" class=\"excerpt-read-more\">Read More<i class=\"fa fa-caret-right icon-caret-right\"><\/i><\/a><\/p>\n","protected":false},"author":55,"featured_media":29794,"comment_status":"open","ping_status":"open","sticky":false,"template":"","format":"standard","meta":{"_jetpack_memberships_contains_paid_content":false,"footnotes":""},"categories":[231,140,3,2],"tags":[933,123,585],"class_list":["post-29785","post","type-post","status-publish","format-standard","has-post-thumbnail","hentry","category-apuntes","category-deportes","category-futbol","category-futbol-mexicano","tag-nicolas-freire","tag-pumas","tag-pumas-unam"],"jetpack_featured_media_url":"https:\/\/latribunera.com\/apuntes\/wp-content\/uploads\/2022\/02\/Dise\u00f1o-sin-t\u00edtulo-56.jpg","jetpack-related-posts":[],"jetpack_sharing_enabled":true,"_links":{"self":[{"href":"https:\/\/latribunera.com\/apuntes\/index.php\/wp-json\/wp\/v2\/posts\/29785","targetHints":{"allow":["GET"]}}],"collection":[{"href":"https:\/\/latribunera.com\/apuntes\/index.php\/wp-json\/wp\/v2\/posts"}],"about":[{"href":"https:\/\/latribunera.com\/apuntes\/index.php\/wp-json\/wp\/v2\/types\/post"}],"author":[{"embeddable":true,"href":"https:\/\/latribunera.com\/apuntes\/index.php\/wp-json\/wp\/v2\/users\/55"}],"replies":[{"embeddable":true,"href":"https:\/\/latribunera.com\/apuntes\/index.php\/wp-json\/wp\/v2\/comments?post=29785"}],"version-history":[{"count":3,"href":"https:\/\/latribunera.com\/apuntes\/index.php\/wp-json\/wp\/v2\/posts\/29785\/revisions"}],"predecessor-version":[{"id":29796,"href":"https:\/\/latribunera.com\/apuntes\/index.php\/wp-json\/wp\/v2\/posts\/29785\/revisions\/29796"}],"wp:featuredmedia":[{"embeddable":true,"href":"https:\/\/latribunera.com\/apuntes\/index.php\/wp-json\/wp\/v2\/media\/29794"}],"wp:attachment":[{"href":"https:\/\/latribunera.com\/apuntes\/index.php\/wp-json\/wp\/v2\/media?parent=29785"}],"wp:term":[{"taxonomy":"category","embeddable":true,"href":"https:\/\/latribunera.com\/apuntes\/index.php\/wp-json\/wp\/v2\/categories?post=29785"},{"taxonomy":"post_tag","embeddable":true,"href":"https:\/\/latribunera.com\/apuntes\/index.php\/wp-json\/wp\/v2\/tags?post=29785"}],"curies":[{"name":"wp","href":"https:\/\/api.w.org\/{rel}","templated":true}]}}