{"id":30267,"date":"2022-03-03T00:13:15","date_gmt":"2022-03-03T00:13:15","guid":{"rendered":"http:\/\/latribunera.com\/apuntes\/?p=30267"},"modified":"2022-03-03T06:44:09","modified_gmt":"2022-03-03T06:44:09","slug":"rayados-hace-oficial-regreso-de-vuce","status":"publish","type":"post","link":"https:\/\/latribunera.com\/apuntes\/index.php\/2022\/03\/03\/rayados-hace-oficial-regreso-de-vuce\/","title":{"rendered":"RAYADOS HACE OFICIAL REGRESO DE VUCE"},"content":{"rendered":"\n<p><\/p>\n\n\n\n<p><\/p>\n\n\n<p><script async=\"\" src=\"https:\/\/pagead2.googlesyndication.com\/pagead\/js\/adsbygoogle.js\"><\/script><br \/>\n<!-- PC 728x90 --><br \/>\n<ins class=\"adsbygoogle\" style=\"display:inline-block;width:728px;height:90px\" data-ad-client=\"ca-pub-9427576701762839\" data-ad-slot=\"1011393878\"><\/ins><br \/>\n<script>\n     (adsbygoogle = window.adsbygoogle || []).push({});\n<\/script><\/p>\n\n\n\n<p><\/p>\n\n\n\n<p><\/p>\n\n\n\n<p><strong>Por Carlos Morales | Twitter @CMoralesSerrato<\/strong><\/p>\n\n\n\n<p>La tarde de este mi\u00e9rcoles se dio a conocer de manera oficial, lo que les ven\u00edamos anunciando desde hace algunos d\u00edas.<\/p>\n\n\n\n<p>El regreso de V\u00edctor Manuel Vucetich a los Rayados de Monterrey.<\/p>\n\n\n\n<p>El nuevo timonel de la Pandilla, estamp\u00f3 su firma previo a ser anunciado en las redes sociales de la instituci\u00f3n albiazul y despu\u00e9s se dispuso a dirigir su primer entrenamiento de Rayados.<\/p>\n\n\n\n<p>Tras la confirmaci\u00f3n de la llega del t\u00e9cnico mexicano, dirigi\u00f3 su primer entrenamiento de cara al duelo ante las \u00c1guilas del Am\u00e9rica, que se jugar\u00e1 el pr\u00f3ximo s\u00e1bado en el Gigante de Acero.<\/p>\n\n\n\n<p><\/p>\n\n\n\n<p><\/p>\n\n\n<p><script async=\"\" src=\"https:\/\/pagead2.googlesyndication.com\/pagead\/js\/adsbygoogle.js\"><\/script><br \/>\n<!-- PC 728x90 --><br \/>\n<ins class=\"adsbygoogle\" style=\"display:inline-block;width:728px;height:90px\" data-ad-client=\"ca-pub-9427576701762839\" data-ad-slot=\"1011393878\"><\/ins><br \/>\n<script>\n     (adsbygoogle = window.adsbygoogle || []).push({});\n<\/script><\/p>\n","protected":false},"excerpt":{"rendered":"<p>Por Carlos Morales | Twitter @CMoralesSerrato La tarde de este mi\u00e9rcoles se dio a conocer de manera oficial, lo que les ven\u00edamos anunciando desde hace algunos d\u00edas. El regreso de V\u00edctor Manuel Vucetich a los Rayados de Monterrey. El nuevo timonel de la Pandilla, estamp\u00f3 su firma previo a ser anunciado en las redes sociales&#8230; <\/p>\n<div class=\"clear\"><\/div>\n<p><a href=\"https:\/\/latribunera.com\/apuntes\/index.php\/2022\/03\/03\/rayados-hace-oficial-regreso-de-vuce\/\" class=\"excerpt-read-more\">Read More<i class=\"fa fa-caret-right icon-caret-right\"><\/i><\/a><\/p>\n","protected":false},"author":4,"featured_media":30268,"comment_status":"open","ping_status":"open","sticky":false,"template":"","format":"standard","meta":{"_jetpack_memberships_contains_paid_content":false,"footnotes":""},"categories":[313,277],"tags":[74,6],"class_list":["post-30267","post","type-post","status-publish","format-standard","has-post-thumbnail","hentry","category-tribus","category-zonarayada","tag-liga-mx","tag-rayados"],"jetpack_featured_media_url":"https:\/\/latribunera.com\/apuntes\/wp-content\/uploads\/2022\/03\/696CB738-5488-490C-8817-3EA3B02D94A0.jpeg","jetpack-related-posts":[{"id":45392,"url":"https:\/\/latribunera.com\/apuntes\/index.php\/2026\/04\/09\/se-presento-la-13va-edicion-del-guerreton\/","url_meta":{"origin":30267,"position":0},"title":"Se presento la 13va edici\u00f3n del Guerret\u00f3n.","author":"Staff","date":"9 abril, 2026","format":false,"excerpt":"A lo largo de sus primeras 12 ediciones, Guerret\u00f3n ha logrado recolectar m\u00e1s de 121,500juguetes, peluches y balones, beneficiando a diversas asociaciones e instituciones de laregi\u00f3n lagunera, entre ellas CRIT Durango, los sistemas DIF de distintos municipios, as\u00edcomo organizaciones educativas y asistenciales. A la fecha, se han instalado cuatro ludotecas\u2026","rel":"","context":"In &quot;Ganar Sirviendo&quot;","block_context":{"text":"Ganar Sirviendo","link":"https:\/\/latribunera.com\/apuntes\/index.php\/category\/futbol\/futbol-mexicano\/ganar-sirviendo\/"},"img":{"alt_text":"","src":"https:\/\/i0.wp.com\/latribunera.com\/apuntes\/wp-content\/uploads\/2026\/04\/9Guerreton-2026-2.jpg.jpeg?resize=350%2C200&ssl=1","width":350,"height":200,"srcset":"https:\/\/i0.wp.com\/latribunera.com\/apuntes\/wp-content\/uploads\/2026\/04\/9Guerreton-2026-2.jpg.jpeg?resize=350%2C200&ssl=1 1x, https:\/\/i0.wp.com\/latribunera.com\/apuntes\/wp-content\/uploads\/2026\/04\/9Guerreton-2026-2.jpg.jpeg?resize=525%2C300&ssl=1 1.5x, https:\/\/i0.wp.com\/latribunera.com\/apuntes\/wp-content\/uploads\/2026\/04\/9Guerreton-2026-2.jpg.jpeg?resize=700%2C400&ssl=1 2x, https:\/\/i0.wp.com\/latribunera.com\/apuntes\/wp-content\/uploads\/2026\/04\/9Guerreton-2026-2.jpg.jpeg?resize=1050%2C600&ssl=1 3x, https:\/\/i0.wp.com\/latribunera.com\/apuntes\/wp-content\/uploads\/2026\/04\/9Guerreton-2026-2.jpg.jpeg?resize=1400%2C800&ssl=1 4x"},"classes":[]},{"id":45489,"url":"https:\/\/latribunera.com\/apuntes\/index.php\/2026\/08\/14\/santos-laguna-invita-a-su-aficion-a-pintar-de-verde-el-corona-ante-chivas\/","url_meta":{"origin":30267,"position":1},"title":"Santos Laguna invita a su afici\u00f3n a pintar de verde el Corona ante Chivas.","author":"Staff","date":"14 agosto, 2026","format":false,"excerpt":"\u2022 Los Guerreros regresan a casa con el envi\u00f3n an\u00edmico de su triunfo ante Philadelphia Union y buscar\u00e1n, junto a su afici\u00f3n, su primera victoria del Apertura 2026. Luego de cerrar su participaci\u00f3n en la Leagues Cup 2026 con una victoria de 2 a 0 sobre Philadelphia Union en el\u2026","rel":"","context":"In &quot;Liga MX&quot;","block_context":{"text":"Liga MX","link":"https:\/\/latribunera.com\/apuntes\/index.php\/category\/futbol\/futbol-mexicano\/"},"img":{"alt_text":"","src":"https:\/\/i0.wp.com\/latribunera.com\/apuntes\/wp-content\/uploads\/2026\/08\/IMG-20260814-WA0041.jpg?resize=350%2C200&ssl=1","width":350,"height":200,"srcset":"https:\/\/i0.wp.com\/latribunera.com\/apuntes\/wp-content\/uploads\/2026\/08\/IMG-20260814-WA0041.jpg?resize=350%2C200&ssl=1 1x, https:\/\/i0.wp.com\/latribunera.com\/apuntes\/wp-content\/uploads\/2026\/08\/IMG-20260814-WA0041.jpg?resize=525%2C300&ssl=1 1.5x, https:\/\/i0.wp.com\/latribunera.com\/apuntes\/wp-content\/uploads\/2026\/08\/IMG-20260814-WA0041.jpg?resize=700%2C400&ssl=1 2x, https:\/\/i0.wp.com\/latribunera.com\/apuntes\/wp-content\/uploads\/2026\/08\/IMG-20260814-WA0041.jpg?resize=1050%2C600&ssl=1 3x, https:\/\/i0.wp.com\/latribunera.com\/apuntes\/wp-content\/uploads\/2026\/08\/IMG-20260814-WA0041.jpg?resize=1400%2C800&ssl=1 4x"},"classes":[]},{"id":45450,"url":"https:\/\/latribunera.com\/apuntes\/index.php\/2026\/07\/02\/santos-laguna-recibira-america-de-cali-historico-del-futbol-sudamericano-en-el-estadio-corona\/","url_meta":{"origin":30267,"position":2},"title":"Santos Laguna recibir\u00e1 Am\u00e9rica de Cali hist\u00f3rico del futbol sudamericano, en el Estadio Corona.","author":"Jacob Alarcon","date":"2 julio, 2026","format":false,"excerpt":"El encuentro se disputar\u00e1 el jueves 9 de julio y representar\u00e1 el regreso de un partido de preparaci\u00f3n ante un rival internacional en el Estadio Corona, previo al inicio del Torneo Apertura 2026. \u2022 Los boletos estar\u00e1n disponibles en $100 y $150 pesos. \u2022 Los Abonados Guerrero Total ingresar\u00e1n sin\u2026","rel":"","context":"In &quot;Sin categor\u00eda&quot;","block_context":{"text":"Sin categor\u00eda","link":"https:\/\/latribunera.com\/apuntes\/index.php\/category\/sin-categoria\/"},"img":{"alt_text":"","src":"https:\/\/i0.wp.com\/latribunera.com\/apuntes\/wp-content\/uploads\/2026\/07\/Santos-vs-America-de-Cali.jpg?resize=350%2C200&ssl=1","width":350,"height":200,"srcset":"https:\/\/i0.wp.com\/latribunera.com\/apuntes\/wp-content\/uploads\/2026\/07\/Santos-vs-America-de-Cali.jpg?resize=350%2C200&ssl=1 1x, https:\/\/i0.wp.com\/latribunera.com\/apuntes\/wp-content\/uploads\/2026\/07\/Santos-vs-America-de-Cali.jpg?resize=525%2C300&ssl=1 1.5x, https:\/\/i0.wp.com\/latribunera.com\/apuntes\/wp-content\/uploads\/2026\/07\/Santos-vs-America-de-Cali.jpg?resize=700%2C400&ssl=1 2x, https:\/\/i0.wp.com\/latribunera.com\/apuntes\/wp-content\/uploads\/2026\/07\/Santos-vs-America-de-Cali.jpg?resize=1050%2C600&ssl=1 3x, https:\/\/i0.wp.com\/latribunera.com\/apuntes\/wp-content\/uploads\/2026\/07\/Santos-vs-America-de-Cali.jpg?resize=1400%2C800&ssl=1 4x"},"classes":[]},{"id":45478,"url":"https:\/\/latribunera.com\/apuntes\/index.php\/2026\/08\/11\/club-santos-laguna-ofrece-a-su-aficion-el-pack-vs-chivas-tigres\/","url_meta":{"origin":30267,"position":3},"title":"Club Santos Laguna ofrece a su afici\u00f3n el pack vs Chivas + Tigres","author":"Staff","date":"11 agosto, 2026","format":false,"excerpt":"\u2022 El paquete asegura dos de los tres partidos de mayor demanda del semestre y da acceso preferente a la venta ante Tigres. Club Santos Laguna ofrece a su afici\u00f3n el Pack Santos vs Chivas + Tigres, un paquete especial que permite asegurar el lugar en dos de los duelos\u2026","rel":"","context":"In &quot;Pasi\u00f3n Guerrera&quot;","block_context":{"text":"Pasi\u00f3n Guerrera","link":"https:\/\/latribunera.com\/apuntes\/index.php\/category\/tribus\/pasionguerrera\/"},"img":{"alt_text":"","src":"https:\/\/i0.wp.com\/latribunera.com\/apuntes\/wp-content\/uploads\/2026\/08\/IMG-20260810-WA0178.jpg?resize=350%2C200&ssl=1","width":350,"height":200,"srcset":"https:\/\/i0.wp.com\/latribunera.com\/apuntes\/wp-content\/uploads\/2026\/08\/IMG-20260810-WA0178.jpg?resize=350%2C200&ssl=1 1x, https:\/\/i0.wp.com\/latribunera.com\/apuntes\/wp-content\/uploads\/2026\/08\/IMG-20260810-WA0178.jpg?resize=525%2C300&ssl=1 1.5x, https:\/\/i0.wp.com\/latribunera.com\/apuntes\/wp-content\/uploads\/2026\/08\/IMG-20260810-WA0178.jpg?resize=700%2C400&ssl=1 2x, https:\/\/i0.wp.com\/latribunera.com\/apuntes\/wp-content\/uploads\/2026\/08\/IMG-20260810-WA0178.jpg?resize=1050%2C600&ssl=1 3x, https:\/\/i0.wp.com\/latribunera.com\/apuntes\/wp-content\/uploads\/2026\/08\/IMG-20260810-WA0178.jpg?resize=1400%2C800&ssl=1 4x"},"classes":[]},{"id":45434,"url":"https:\/\/latribunera.com\/apuntes\/index.php\/2026\/05\/28\/45434\/","url_meta":{"origin":30267,"position":4},"title":"Renato Paiva es presentado como Director T\u00e9cnico de Santos Laguna","author":"Jacob Alarcon","date":"28 mayo, 2026","format":false,"excerpt":"Santos Laguna llev\u00f3 a cabo este jueves la presentaci\u00f3n oficial de Renato Paiva como nuevo Director T\u00e9cnico del Primer Equipo, en conferencia de prensa realizada en el Auditorio Orlegi de Territorio Santos Modelo, encabezada por Alejandro Irarragorri Kalb, Presidente del Club, y Gonzalo Pineda, Director de Futbol del Primer Equipo.\u2026","rel":"","context":"In &quot;Pasi\u00f3n Guerrera&quot;","block_context":{"text":"Pasi\u00f3n Guerrera","link":"https:\/\/latribunera.com\/apuntes\/index.php\/category\/tribus\/pasionguerrera\/"},"img":{"alt_text":"","src":"https:\/\/i0.wp.com\/latribunera.com\/apuntes\/wp-content\/uploads\/2026\/05\/RENATO-PAIVA.jpg?resize=350%2C200&ssl=1","width":350,"height":200,"srcset":"https:\/\/i0.wp.com\/latribunera.com\/apuntes\/wp-content\/uploads\/2026\/05\/RENATO-PAIVA.jpg?resize=350%2C200&ssl=1 1x, https:\/\/i0.wp.com\/latribunera.com\/apuntes\/wp-content\/uploads\/2026\/05\/RENATO-PAIVA.jpg?resize=525%2C300&ssl=1 1.5x, https:\/\/i0.wp.com\/latribunera.com\/apuntes\/wp-content\/uploads\/2026\/05\/RENATO-PAIVA.jpg?resize=700%2C400&ssl=1 2x, https:\/\/i0.wp.com\/latribunera.com\/apuntes\/wp-content\/uploads\/2026\/05\/RENATO-PAIVA.jpg?resize=1050%2C600&ssl=1 3x, https:\/\/i0.wp.com\/latribunera.com\/apuntes\/wp-content\/uploads\/2026\/05\/RENATO-PAIVA.jpg?resize=1400%2C800&ssl=1 4x"},"classes":[]},{"id":45502,"url":"https:\/\/latribunera.com\/apuntes\/index.php\/2026\/08\/25\/el-corona-se-prepara-para-una-noche-especial-ante-tigres\/","url_meta":{"origin":30267,"position":5},"title":"El Corona se prepara para una noche especial ante Tigres","author":"Staff","date":"25 agosto, 2026","format":false,"excerpt":"Un nuevo duelo en el Estadio Corona est\u00e1 cada vez m\u00e1s cerca y la afici\u00f3n santista se prepara para vivir una noche llena de emociones. Los Guerreros recibir\u00e1n a Tigres este s\u00e1bado 29 de agosto a las 21:10 horas, en partido correspondiente a la jornada 6 del Torneo Apertura 2026.\u2026","rel":"","context":"In &quot;Pasi\u00f3n Guerrera&quot;","block_context":{"text":"Pasi\u00f3n Guerrera","link":"https:\/\/latribunera.com\/apuntes\/index.php\/category\/tribus\/pasionguerrera\/"},"img":{"alt_text":"","src":"https:\/\/i0.wp.com\/latribunera.com\/apuntes\/wp-content\/uploads\/2026\/08\/Drones-TSM.jpg?resize=350%2C200&ssl=1","width":350,"height":200,"srcset":"https:\/\/i0.wp.com\/latribunera.com\/apuntes\/wp-content\/uploads\/2026\/08\/Drones-TSM.jpg?resize=350%2C200&ssl=1 1x, https:\/\/i0.wp.com\/latribunera.com\/apuntes\/wp-content\/uploads\/2026\/08\/Drones-TSM.jpg?resize=525%2C300&ssl=1 1.5x, https:\/\/i0.wp.com\/latribunera.com\/apuntes\/wp-content\/uploads\/2026\/08\/Drones-TSM.jpg?resize=700%2C400&ssl=1 2x, https:\/\/i0.wp.com\/latribunera.com\/apuntes\/wp-content\/uploads\/2026\/08\/Drones-TSM.jpg?resize=1050%2C600&ssl=1 3x, https:\/\/i0.wp.com\/latribunera.com\/apuntes\/wp-content\/uploads\/2026\/08\/Drones-TSM.jpg?resize=1400%2C800&ssl=1 4x"},"classes":[]}],"jetpack_sharing_enabled":true,"_links":{"self":[{"href":"https:\/\/latribunera.com\/apuntes\/index.php\/wp-json\/wp\/v2\/posts\/30267","targetHints":{"allow":["GET"]}}],"collection":[{"href":"https:\/\/latribunera.com\/apuntes\/index.php\/wp-json\/wp\/v2\/posts"}],"about":[{"href":"https:\/\/latribunera.com\/apuntes\/index.php\/wp-json\/wp\/v2\/types\/post"}],"author":[{"embeddable":true,"href":"https:\/\/latribunera.com\/apuntes\/index.php\/wp-json\/wp\/v2\/users\/4"}],"replies":[{"embeddable":true,"href":"https:\/\/latribunera.com\/apuntes\/index.php\/wp-json\/wp\/v2\/comments?post=30267"}],"version-history":[{"count":4,"href":"https:\/\/latribunera.com\/apuntes\/index.php\/wp-json\/wp\/v2\/posts\/30267\/revisions"}],"predecessor-version":[{"id":30289,"href":"https:\/\/latribunera.com\/apuntes\/index.php\/wp-json\/wp\/v2\/posts\/30267\/revisions\/30289"}],"wp:featuredmedia":[{"embeddable":true,"href":"https:\/\/latribunera.com\/apuntes\/index.php\/wp-json\/wp\/v2\/media\/30268"}],"wp:attachment":[{"href":"https:\/\/latribunera.com\/apuntes\/index.php\/wp-json\/wp\/v2\/media?parent=30267"}],"wp:term":[{"taxonomy":"category","embeddable":true,"href":"https:\/\/latribunera.com\/apuntes\/index.php\/wp-json\/wp\/v2\/categories?post=30267"},{"taxonomy":"post_tag","embeddable":true,"href":"https:\/\/latribunera.com\/apuntes\/index.php\/wp-json\/wp\/v2\/tags?post=30267"}],"curies":[{"name":"wp","href":"https:\/\/api.w.org\/{rel}","templated":true}]}}