{"id":30623,"date":"2022-03-09T17:42:01","date_gmt":"2022-03-09T17:42:01","guid":{"rendered":"http:\/\/latribunera.com\/apuntes\/?p=30623"},"modified":"2022-03-10T16:07:01","modified_gmt":"2022-03-10T16:07:01","slug":"las-coincidencias-del-8-del-jefe-boy","status":"publish","type":"post","link":"https:\/\/latribunera.com\/apuntes\/index.php\/2022\/03\/09\/las-coincidencias-del-8-del-jefe-boy\/","title":{"rendered":"LAS COINCIDENCIAS DEL 8 DEL \u201cJEFE\u201d BOY"},"content":{"rendered":"\n<p><\/p>\n\n\n\n<p><\/p>\n\n\n<p><script async=\"\" src=\"https:\/\/pagead2.googlesyndication.com\/pagead\/js\/adsbygoogle.js\"><\/script><br \/>\n<!-- PC 728x90 --><br \/>\n<ins class=\"adsbygoogle\" style=\"display:inline-block;width:728px;height:90px\" data-ad-client=\"ca-pub-9427576701762839\" data-ad-slot=\"1011393878\"><\/ins><br \/>\n<script>\n(adsbygoogle = window.adsbygoogle || []).push({});\n<\/script><\/p>\n\n\n\n<p><\/p>\n\n\n\n<p><\/p>\n\n\n\n<p><strong>Por: Ren\u00e9 Fern\u00e1ndez | Twitter: @Renefdz<\/strong><\/p>\n\n\n\n<p>Con el n\u00famero 8 en la espalda Tom\u00e1s Boy se convirti\u00f3 en un jugador hist\u00f3rico del Club Tigres y ese fue un digit\u00f3 que lo acompa\u00f1o hasta el \u00faltimo d\u00eda de su vida dejando varias coincidencias que han sorprendido a m\u00e1s de uno. <\/p>\n\n\n\n<p>Y es que fue precisamente un 8 de marzo cuando el \u201cJefe\u201d parti\u00f3 al cielo, la lamentable noticia sobre su deceso comenz\u00f3 a circular a partir de las 8 de la noche.<\/p>\n\n\n\n<p>El \u00eddolo de los felinos ten\u00eda 70 a\u00f1os, en junio hubiera cumplido 71, dos d\u00edgitos que al sumarse se transforman en el n\u00famero 8.<\/p>\n\n\n\n<p>Su muerte se dio en el a\u00f1o del aniversario n\u00famero 62 del club de sus amores, s\u00ed, 6 m\u00e1s 2 y el 8 que inmortaliz\u00f3 el legendario Tom\u00e1s Boy vuelve a aparecer.<\/p>\n\n\n\n<p>Hay una \u00faltima coincidencia que podr\u00eda concretarse en los pr\u00f3ximos meses. Tigres va en busca de la conquista de un t\u00edtulo de liga m\u00e1s, de conseguirlo ser\u00e1 el octavo de su historia.<\/p>\n\n\n\n<p><\/p>\n\n\n\n<p><\/p>\n\n\n<p><script async=\"\" src=\"https:\/\/pagead2.googlesyndication.com\/pagead\/js\/adsbygoogle.js\"><\/script><br \/>\n<!-- PC 728x90 --><br \/>\n<ins class=\"adsbygoogle\" style=\"display:inline-block;width:728px;height:90px\" data-ad-client=\"ca-pub-9427576701762839\" data-ad-slot=\"1011393878\"><\/ins><br \/>\n<script>\n(adsbygoogle = window.adsbygoogle || []).push({});\n<\/script><\/p>\n\n\n\n<p><\/p>\n\n\n\n<p><\/p>\n\n\n\n<figure class=\"wp-block-embed-youtube wp-block-embed is-type-video is-provider-youtube wp-embed-aspect-16-9 wp-has-aspect-ratio\"><div class=\"wp-block-embed__wrapper\">\n<iframe loading=\"lazy\" title=\"Tomas Boy fallece, su ultima vez en el Estadio Universitario y abrazo con Gignac\" width=\"960\" height=\"540\" src=\"https:\/\/www.youtube.com\/embed\/_D82e8fFXhM?feature=oembed\" frameborder=\"0\" allow=\"accelerometer; autoplay; clipboard-write; encrypted-media; gyroscope; picture-in-picture\" allowfullscreen><\/iframe>\n<\/div><\/figure>\n\n\n\n<p><\/p>\n\n\n\n<p><\/p>\n\n\n<p><script async=\"\" src=\"https:\/\/pagead2.googlesyndication.com\/pagead\/js\/adsbygoogle.js\"><\/script><br \/>\n<!-- PC 728x90 --><br \/>\n<ins class=\"adsbygoogle\" style=\"display:inline-block;width:728px;height:90px\" data-ad-client=\"ca-pub-9427576701762839\" data-ad-slot=\"1011393878\"><\/ins><br \/>\n<script>\n(adsbygoogle = window.adsbygoogle || []).push({});\n<\/script><\/p>\n\n\n\n<p><\/p>\n\n\n\n<p><\/p>\n\n\n\n<p><strong>TE PODR\u00cdA INTERESAR&#8230;<\/strong><\/p>\n\n\n\n<p><strong><a href=\"https:\/\/bit.ly\/3pUt0Ms\">\u00a1Todos los jugadores\nque no podr\u00e1n ver acci\u00f3n en la fecha 10!<\/a><\/strong><\/p>\n\n\n\n<p><strong><a href=\"https:\/\/bit.ly\/3J1PSRL\">Horario y d\u00f3nde ver:\nJornada 10 Liga MX<\/a><\/strong><\/p>\n\n\n\n<p><strong><a href=\"https:\/\/bit.ly\/3sWaF3w\">Horario y d\u00f3nde ver: Jornada 10 Liga MX Femenil<\/a><\/strong><\/p>\n\n\n\n<p><\/p>\n\n\n\n<p><\/p>\n\n\n<p><script async=\"\" src=\"https:\/\/pagead2.googlesyndication.com\/pagead\/js\/adsbygoogle.js\"><\/script><br \/>\n<!-- PC 728x90 --><br \/>\n<ins class=\"adsbygoogle\" style=\"display:inline-block;width:728px;height:90px\" data-ad-client=\"ca-pub-9427576701762839\" data-ad-slot=\"1011393878\"><\/ins><br \/>\n<script>\n(adsbygoogle = window.adsbygoogle || []).push({});\n<\/script><\/p>\n","protected":false},"excerpt":{"rendered":"<p>Por: Ren\u00e9 Fern\u00e1ndez | Twitter: @Renefdz Con el n\u00famero 8 en la espalda Tom\u00e1s Boy se convirti\u00f3 en un jugador hist\u00f3rico del Club Tigres y ese fue un digit\u00f3 que lo acompa\u00f1o hasta el \u00faltimo d\u00eda de su vida dejando varias coincidencias que han sorprendido a m\u00e1s de uno. Y es que fue precisamente un&#8230; <\/p>\n<div class=\"clear\"><\/div>\n<p><a href=\"https:\/\/latribunera.com\/apuntes\/index.php\/2022\/03\/09\/las-coincidencias-del-8-del-jefe-boy\/\" class=\"excerpt-read-more\">Read More<i class=\"fa fa-caret-right icon-caret-right\"><\/i><\/a><\/p>\n","protected":false},"author":57,"featured_media":30624,"comment_status":"open","ping_status":"open","sticky":false,"template":"","format":"standard","meta":{"_jetpack_memberships_contains_paid_content":false,"footnotes":""},"categories":[231,278],"tags":[102,945],"class_list":["post-30623","post","type-post","status-publish","format-standard","has-post-thumbnail","hentry","category-apuntes","category-solotigres","tag-tigres","tag-tomas-boy"],"jetpack_featured_media_url":"https:\/\/latribunera.com\/apuntes\/wp-content\/uploads\/2022\/03\/Dise\u00f1o-sin-t\u00edtulo-3-5.jpg","jetpack-related-posts":[],"jetpack_sharing_enabled":true,"_links":{"self":[{"href":"https:\/\/latribunera.com\/apuntes\/index.php\/wp-json\/wp\/v2\/posts\/30623","targetHints":{"allow":["GET"]}}],"collection":[{"href":"https:\/\/latribunera.com\/apuntes\/index.php\/wp-json\/wp\/v2\/posts"}],"about":[{"href":"https:\/\/latribunera.com\/apuntes\/index.php\/wp-json\/wp\/v2\/types\/post"}],"author":[{"embeddable":true,"href":"https:\/\/latribunera.com\/apuntes\/index.php\/wp-json\/wp\/v2\/users\/57"}],"replies":[{"embeddable":true,"href":"https:\/\/latribunera.com\/apuntes\/index.php\/wp-json\/wp\/v2\/comments?post=30623"}],"version-history":[{"count":3,"href":"https:\/\/latribunera.com\/apuntes\/index.php\/wp-json\/wp\/v2\/posts\/30623\/revisions"}],"predecessor-version":[{"id":30681,"href":"https:\/\/latribunera.com\/apuntes\/index.php\/wp-json\/wp\/v2\/posts\/30623\/revisions\/30681"}],"wp:featuredmedia":[{"embeddable":true,"href":"https:\/\/latribunera.com\/apuntes\/index.php\/wp-json\/wp\/v2\/media\/30624"}],"wp:attachment":[{"href":"https:\/\/latribunera.com\/apuntes\/index.php\/wp-json\/wp\/v2\/media?parent=30623"}],"wp:term":[{"taxonomy":"category","embeddable":true,"href":"https:\/\/latribunera.com\/apuntes\/index.php\/wp-json\/wp\/v2\/categories?post=30623"},{"taxonomy":"post_tag","embeddable":true,"href":"https:\/\/latribunera.com\/apuntes\/index.php\/wp-json\/wp\/v2\/tags?post=30623"}],"curies":[{"name":"wp","href":"https:\/\/api.w.org\/{rel}","templated":true}]}}