{"id":30685,"date":"2022-03-10T16:39:23","date_gmt":"2022-03-10T16:39:23","guid":{"rendered":"http:\/\/latribunera.com\/apuntes\/?p=30685"},"modified":"2022-03-10T16:40:29","modified_gmt":"2022-03-10T16:40:29","slug":"la-faceta-taurina-de-tomas-boy","status":"publish","type":"post","link":"https:\/\/latribunera.com\/apuntes\/index.php\/2022\/03\/10\/la-faceta-taurina-de-tomas-boy\/","title":{"rendered":"La faceta taurina de Tom\u00e1s Boy"},"content":{"rendered":"\n<p><\/p>\n\n\n\n<p><\/p>\n\n\n<p><script async=\"\" src=\"https:\/\/pagead2.googlesyndication.com\/pagead\/js\/adsbygoogle.js\"><\/script><br \/>\n<!-- PC 728x90 --><br \/>\n<ins class=\"adsbygoogle\" style=\"display:inline-block;width:728px;height:90px\" data-ad-client=\"ca-pub-9427576701762839\" data-ad-slot=\"1011393878\"><\/ins><br \/>\n<script>\n(adsbygoogle = window.adsbygoogle || []).push({});\n<\/script><\/p>\n\n\n\n<p><\/p>\n\n\n\n<p><\/p>\n\n\n\n<p><strong>Por Martin Banda |  @martinbanda |  @altoromexico_ <\/strong><\/p>\n\n\n\n<p>El mundo del deporte se visti\u00f3 de luto otra vez, ahora\ncon el sensible fallecimiento, el lunes pasado por la noche, de Tom\u00e1s Boy\nEspinoza, ex jugador y entrenador de f\u00fatbol donde fue figura, aficionado\ntaurino y amigo de los toreros, ya que de jovencito tambi\u00e9n quiso ser torero.<\/p>\n\n\n\n<p>En su libro &#8220;Torero de Puerta Grande&#8221;, el\nmatador de toros en retiro Eloy Cavazos, narra c\u00f3mo conoci\u00f3 a Boy y desde\ncu\u00e1ndo tuvieron amistad, seg\u00fan se puede escuchar en el podcast que acompa\u00f1a\nesta informaci\u00f3n:<\/p>\n\n\n\n<p>&#8220;No recuerdo exactamente en qu\u00e9 a\u00f1o ser\u00eda, pero\nrecuerdo que ten\u00eda uno o dos a\u00f1os de matador de toros, o sea que tendr\u00eda como\n19 a\u00f1os. Recuerdo que entrenaba dur\u00edsimo, pues quer\u00eda colocarme entre los\npunteros de aquellos a\u00f1os. Muy temprano me iba al Desierto de los Leones o al\nBosque de Chapultepec cuando viv\u00eda en la Ciudad de M\u00e9xico.<\/p>\n\n\n\n<p>Regresaba de correr, me daba algo de comer mi adorada\nBety, esposa de don Rafa y \u00a1venga!, me iba con mi compadre Tableado al Toreo de\nCuatro caminos con don Armando Morales, que fue quien me ense\u00f1\u00f3 a matar los\ntoros.<\/p>\n\n\n\n<p>Despu\u00e9s de entrenar un par de horas, no s\u00e9 de d\u00f3nde\nsal\u00eda un bal\u00f3n de futbol y matadores, novilleros, subalternos y algunos\nprincipiantes nos pon\u00edamos a jugar, de burladero a burladero, que se convert\u00edan\nen porter\u00edas, y aquel hermoso ruedo se convert\u00eda en cancha de futbol.<\/p>\n\n\n\n<p>Hab\u00eda un chamaco espigado, con buen porte de torero y\nentrenaba muy sabroso junto con su gran amigo Paco, no recuerdo su apellido, y\nnos pon\u00eda un baile con el bal\u00f3n que nos dejaba con el ojo cuadrado.<\/p>\n\n\n\n<p>No se hizo torero, se hizo un gran jugador profesional\ny lo recuerdo con una camiseta de los Tigres y otra de nuestra Selecci\u00f3n\nMexicana.<\/p>\n\n\n\n<p>Ese chamaco era Tom\u00e1s Boy Espinoza. Recuerdo que le\nbrind\u00e9 un toro en Morelia y que llev\u00e1bamos una buena amistad. Cada d\u00eda me quedo\nm\u00e1s impresionado de c\u00f3mo el destino nos va poniendo en nuestro sitio&#8221;,\nescribi\u00f3 Eloy como recuerdo.<\/p>\n\n\n\n<p>David &#8220;Vito&#8221; Cavazos, hermano de Eloy,\ntambi\u00e9n recuerda aquellos inicios y los partidos que hac\u00edan con Tom\u00e1s.<\/p>\n\n\n\n<p>&#8220;Llegaba \u00e9l a la plaza con un bal\u00f3n viejo y lo\ndejaba por ah\u00ed en alg\u00fan lugar, lo recuerdo muy bien porque \u00e9ramos de la misma\nedad y agarraba el capote y se pon\u00eda a entrenar de sal\u00f3n y a hacer sombra,\nten\u00eda buenas maneras para torear.<\/p>\n\n\n\n<p>Luego de la nada se hac\u00edan los partidos de lado al\nlado del ruedo. Algunos jug\u00e1bamos poco para no lesionarnos. Tomas y Eloy eran\nm\u00e1s amigos y esa amistad fue para siempre.<\/p>\n\n\n\n<p>&#8220;Cuando \u00edbamos a Morelia ah\u00ed lo encontr\u00e1bamos en el desayuno y siempre era muy ameno para platicar. Qu\u00e9 l\u00e1stima que ahora fue \u00e9l quien se nos adelant\u00f3, pero en su vida sembr\u00f3 una amistad con todo el que lo buscaba, pues sab\u00eda ser amigo de verdad&#8221;, expres\u00f3 Vito.<\/p>\n\n\n\n<p><\/p>\n\n\n\n<p><strong>Los invitamos a escuchar el Podcast de nuestros amigos del sitio web \u2018Al Toro Mexico.com\u2019 <\/strong><\/p>\n\n\n\n<p><\/p>\n\n\n\n<p><\/p>\n\n\n\n<figure class=\"wp-block-image size-large\"><a href=\"https:\/\/bit.ly\/3w1L2Ap\"><img loading=\"lazy\" decoding=\"async\" width=\"1228\" height=\"421\" src=\"http:\/\/latribunera.com\/apuntes\/wp-content\/uploads\/2022\/03\/Captura-de-pantalla-2022-03-10-103232.jpg\" alt=\"\" class=\"wp-image-30686\"\/><\/a><\/figure>\n\n\n\n<p><\/p>\n\n\n\n<p><\/p>\n\n\n<p><script async=\"\" src=\"https:\/\/pagead2.googlesyndication.com\/pagead\/js\/adsbygoogle.js\"><\/script><br \/>\n<!-- PC 728x90 --><br \/>\n<ins class=\"adsbygoogle\" style=\"display:inline-block;width:728px;height:90px\" data-ad-client=\"ca-pub-9427576701762839\" data-ad-slot=\"1011393878\"><\/ins><br \/>\n<script>\n(adsbygoogle = window.adsbygoogle || []).push({});\n<\/script><\/p>\n\n\n\n<p><\/p>\n\n\n\n<p><\/p>\n\n\n\n<p><strong>TE PODR\u00cdA INTERESAR&#8230;<\/strong><\/p>\n\n\n\n<p><strong><a href=\"https:\/\/bit.ly\/3pUt0Ms\">\u00a1Todos los jugadores\nque no podr\u00e1n ver acci\u00f3n en la fecha 10!<\/a><\/strong><\/p>\n\n\n\n<p><strong><a href=\"https:\/\/bit.ly\/3J1PSRL\">Horario y d\u00f3nde ver:\nJornada 10 Liga MX<\/a><\/strong><\/p>\n\n\n\n<p><strong><a href=\"https:\/\/bit.ly\/3sWaF3w\">Horario y d\u00f3nde ver: Jornada 10 Liga MX Femenil<\/a><\/strong><\/p>\n\n\n\n<p><\/p>\n\n\n\n<p><\/p>\n\n\n\n<figure class=\"wp-block-embed-youtube wp-block-embed is-type-video is-provider-youtube wp-embed-aspect-16-9 wp-has-aspect-ratio\"><div class=\"wp-block-embed__wrapper\">\n<iframe loading=\"lazy\" title=\"La an\u00e9cdota con Tomas Boy Espinoza. Sayonara Miloc. Solo Tigres #17\" width=\"960\" height=\"540\" src=\"https:\/\/www.youtube.com\/embed\/Di9rGJyMgws?feature=oembed\" frameborder=\"0\" allow=\"accelerometer; autoplay; clipboard-write; encrypted-media; gyroscope; picture-in-picture\" allowfullscreen><\/iframe>\n<\/div><\/figure>\n\n\n\n<p><\/p>\n\n\n\n<p><\/p>\n\n\n<p><script async=\"\" src=\"https:\/\/pagead2.googlesyndication.com\/pagead\/js\/adsbygoogle.js\"><\/script><br \/>\n<!-- PC 728x90 --><br \/>\n<ins class=\"adsbygoogle\" style=\"display:inline-block;width:728px;height:90px\" data-ad-client=\"ca-pub-9427576701762839\" data-ad-slot=\"1011393878\"><\/ins><br \/>\n<script>\n(adsbygoogle = window.adsbygoogle || []).push({});\n<\/script><\/p>\n","protected":false},"excerpt":{"rendered":"<p>Por Martin Banda | @martinbanda | @altoromexico_ El mundo del deporte se visti\u00f3 de luto otra vez, ahora con el sensible fallecimiento, el lunes pasado por la noche, de Tom\u00e1s Boy Espinoza, ex jugador y entrenador de f\u00fatbol donde fue figura, aficionado taurino y amigo de los toreros, ya que de jovencito tambi\u00e9n quiso ser&#8230; <\/p>\n<div class=\"clear\"><\/div>\n<p><a href=\"https:\/\/latribunera.com\/apuntes\/index.php\/2022\/03\/10\/la-faceta-taurina-de-tomas-boy\/\" class=\"excerpt-read-more\">Read More<i class=\"fa fa-caret-right icon-caret-right\"><\/i><\/a><\/p>\n","protected":false},"author":4,"featured_media":30687,"comment_status":"open","ping_status":"open","sticky":false,"template":"","format":"standard","meta":{"_jetpack_memberships_contains_paid_content":false,"footnotes":""},"categories":[231],"tags":[945],"class_list":["post-30685","post","type-post","status-publish","format-standard","has-post-thumbnail","hentry","category-apuntes","tag-tomas-boy"],"jetpack_featured_media_url":"https:\/\/latribunera.com\/apuntes\/wp-content\/uploads\/2022\/03\/Dise\u00f1o-sin-t\u00edtulo-3-6.jpg","jetpack-related-posts":[],"jetpack_sharing_enabled":true,"_links":{"self":[{"href":"https:\/\/latribunera.com\/apuntes\/index.php\/wp-json\/wp\/v2\/posts\/30685","targetHints":{"allow":["GET"]}}],"collection":[{"href":"https:\/\/latribunera.com\/apuntes\/index.php\/wp-json\/wp\/v2\/posts"}],"about":[{"href":"https:\/\/latribunera.com\/apuntes\/index.php\/wp-json\/wp\/v2\/types\/post"}],"author":[{"embeddable":true,"href":"https:\/\/latribunera.com\/apuntes\/index.php\/wp-json\/wp\/v2\/users\/4"}],"replies":[{"embeddable":true,"href":"https:\/\/latribunera.com\/apuntes\/index.php\/wp-json\/wp\/v2\/comments?post=30685"}],"version-history":[{"count":3,"href":"https:\/\/latribunera.com\/apuntes\/index.php\/wp-json\/wp\/v2\/posts\/30685\/revisions"}],"predecessor-version":[{"id":30690,"href":"https:\/\/latribunera.com\/apuntes\/index.php\/wp-json\/wp\/v2\/posts\/30685\/revisions\/30690"}],"wp:featuredmedia":[{"embeddable":true,"href":"https:\/\/latribunera.com\/apuntes\/index.php\/wp-json\/wp\/v2\/media\/30687"}],"wp:attachment":[{"href":"https:\/\/latribunera.com\/apuntes\/index.php\/wp-json\/wp\/v2\/media?parent=30685"}],"wp:term":[{"taxonomy":"category","embeddable":true,"href":"https:\/\/latribunera.com\/apuntes\/index.php\/wp-json\/wp\/v2\/categories?post=30685"},{"taxonomy":"post_tag","embeddable":true,"href":"https:\/\/latribunera.com\/apuntes\/index.php\/wp-json\/wp\/v2\/tags?post=30685"}],"curies":[{"name":"wp","href":"https:\/\/api.w.org\/{rel}","templated":true}]}}