{"id":30709,"date":"2022-03-10T21:20:25","date_gmt":"2022-03-10T21:20:25","guid":{"rendered":"http:\/\/latribunera.com\/apuntes\/?p=30709"},"modified":"2022-03-11T14:08:00","modified_gmt":"2022-03-11T14:08:00","slug":"en-el-volcan-seguiria-el-cubrebocas","status":"publish","type":"post","link":"https:\/\/latribunera.com\/apuntes\/index.php\/2022\/03\/10\/en-el-volcan-seguiria-el-cubrebocas\/","title":{"rendered":"EN EL VOLC\u00c1N SEGUIR\u00cdA EL CUBREBOCAS"},"content":{"rendered":"\n<p><\/p>\n\n\n\n<p><\/p>\n\n\n<p><script async=\"\" src=\"https:\/\/pagead2.googlesyndication.com\/pagead\/js\/adsbygoogle.js\"><\/script><br \/>\n<!-- PC 728x90 --><br \/>\n<ins class=\"adsbygoogle\" style=\"display:inline-block;width:728px;height:90px\" data-ad-client=\"ca-pub-9427576701762839\" data-ad-slot=\"1011393878\"><\/ins><br \/>\n<script>\n     (adsbygoogle = window.adsbygoogle || []).push({});\n<\/script><\/p>\n\n\n\n<p><\/p>\n\n\n\n<p><\/p>\n\n\n\n<p><strong>Por: Ren\u00e9 Fern\u00e1ndez  | Twitter: @Renefdz<\/strong><\/p>\n\n\n\n<p>Aunque las autoridades del estado de Nuevo Le\u00f3n han dado luz verde para que a partir del pr\u00f3ximo domingo el uso de cubrebocas no sea obligatorio en espacios abiertos, en Tigres no quieren bajar la guardia.<\/p>\n\n\n\n<p>Y es que en el Estadio Universitario la idea de la directiva de Tigres es que sus aficionados contin\u00faen asistiendo con cubrebocas a los partido del equipo felino.<\/p>\n\n\n\n<p>Una fuente del club revel\u00f3 que si bien la intenci\u00f3n no es obligar a sus aficionados a que acudan con cubrebocas, si se tiene pensado seguir exhort\u00e1ndolos a que lo utilicen, por lo que esperan tener una buena respuesta de parte de los incomparables. <\/p>\n\n\n\n<p>El pr\u00f3ximo partido que Tigres tendr\u00e1 como local ser\u00e1 ante Rayados en la edici\u00f3n 127 del cl\u00e1sico regio el 19 de marzo.<\/p>\n\n\n\n<p><\/p>\n\n\n\n<p><\/p>\n\n\n<p><script async=\"\" src=\"https:\/\/pagead2.googlesyndication.com\/pagead\/js\/adsbygoogle.js\"><\/script><br \/>\n<!-- PC 728x90 --><br \/>\n<ins class=\"adsbygoogle\" style=\"display:inline-block;width:728px;height:90px\" data-ad-client=\"ca-pub-9427576701762839\" data-ad-slot=\"1011393878\"><\/ins><br \/>\n<script>\n     (adsbygoogle = window.adsbygoogle || []).push({});\n<\/script><\/p>\n\n\n\n<p><\/p>\n\n\n\n<p><\/p>\n\n\n\n<figure class=\"wp-block-embed-youtube wp-block-embed is-type-video is-provider-youtube wp-embed-aspect-16-9 wp-has-aspect-ratio\"><div class=\"wp-block-embed__wrapper\">\n<iframe loading=\"lazy\" title=\"Juan Manuel Azuara | Solo Tigres #20 | Entrevista\" width=\"960\" height=\"540\" src=\"https:\/\/www.youtube.com\/embed\/2Le6mjbe1dg?feature=oembed\" frameborder=\"0\" allow=\"accelerometer; autoplay; clipboard-write; encrypted-media; gyroscope; picture-in-picture\" allowfullscreen><\/iframe>\n<\/div><\/figure>\n\n\n\n<p><\/p>\n\n\n\n<p><\/p>\n\n\n<p><script async src=\"https:\/\/pagead2.googlesyndication.com\/pagead\/js\/adsbygoogle.js\"><\/script><br \/>\n<!-- PC 728x90 --><br \/>\n<ins class=\"adsbygoogle\"\nstyle=\"display:inline-block;width:728px;height:90px\"\ndata-ad-client=\"ca-pub-9427576701762839\"\ndata-ad-slot=\"1011393878\"><\/ins><br \/>\n<script>\n(adsbygoogle = window.adsbygoogle || []).push({});\n<\/script><\/p>\n\n\n\n<p><\/p>\n\n\n\n<p><\/p>\n\n\n\n<p><strong>TE PODR\u00cdA INTERESAR&#8230;<\/strong><\/p>\n\n\n\n<p><a href=\"https:\/\/bit.ly\/3pUt0Ms\"><strong>\u00a1Todos los jugadores que no podr\u00e1n ver acci\u00f3n en la\nfecha 10!<\/strong><\/a><strong><\/strong><\/p>\n\n\n\n<p><a href=\"https:\/\/bit.ly\/3J1PSRL\"><strong>Horario y d\u00f3nde ver: Jornada 10 Liga MX<\/strong><\/a><strong><\/strong><\/p>\n\n\n\n<p><a href=\"https:\/\/bit.ly\/3sWaF3w\"><strong>Horario y d\u00f3nde ver: Jornada 10 Liga MX Femenil<\/strong><\/a><\/p>\n\n\n\n<p><\/p>\n\n\n\n<p><\/p>\n\n\n<p><script async src=\"https:\/\/pagead2.googlesyndication.com\/pagead\/js\/adsbygoogle.js\"><\/script><br \/>\n<!-- PC 728x90 --><br \/>\n<ins class=\"adsbygoogle\"\nstyle=\"display:inline-block;width:728px;height:90px\"\ndata-ad-client=\"ca-pub-9427576701762839\"\ndata-ad-slot=\"1011393878\"><\/ins><br \/>\n<script>\n(adsbygoogle = window.adsbygoogle || []).push({});\n<\/script><\/p>\n","protected":false},"excerpt":{"rendered":"<p>Por: Ren\u00e9 Fern\u00e1ndez | Twitter: @Renefdz Aunque las autoridades del estado de Nuevo Le\u00f3n han dado luz verde para que a partir del pr\u00f3ximo domingo el uso de cubrebocas no sea obligatorio en espacios abiertos, en Tigres no quieren bajar la guardia. Y es que en el Estadio Universitario la idea de la directiva de&#8230; <\/p>\n<div class=\"clear\"><\/div>\n<p><a href=\"https:\/\/latribunera.com\/apuntes\/index.php\/2022\/03\/10\/en-el-volcan-seguiria-el-cubrebocas\/\" class=\"excerpt-read-more\">Read More<i class=\"fa fa-caret-right icon-caret-right\"><\/i><\/a><\/p>\n","protected":false},"author":57,"featured_media":30710,"comment_status":"open","ping_status":"open","sticky":false,"template":"","format":"standard","meta":{"_jetpack_memberships_contains_paid_content":false,"footnotes":""},"categories":[231,278],"tags":[74,102],"class_list":["post-30709","post","type-post","status-publish","format-standard","has-post-thumbnail","hentry","category-apuntes","category-solotigres","tag-liga-mx","tag-tigres"],"jetpack_featured_media_url":"https:\/\/latribunera.com\/apuntes\/wp-content\/uploads\/2022\/03\/14A22648-D4D8-4F98-980F-DC0F4A601BB5.jpeg","jetpack-related-posts":[],"jetpack_sharing_enabled":true,"_links":{"self":[{"href":"https:\/\/latribunera.com\/apuntes\/index.php\/wp-json\/wp\/v2\/posts\/30709","targetHints":{"allow":["GET"]}}],"collection":[{"href":"https:\/\/latribunera.com\/apuntes\/index.php\/wp-json\/wp\/v2\/posts"}],"about":[{"href":"https:\/\/latribunera.com\/apuntes\/index.php\/wp-json\/wp\/v2\/types\/post"}],"author":[{"embeddable":true,"href":"https:\/\/latribunera.com\/apuntes\/index.php\/wp-json\/wp\/v2\/users\/57"}],"replies":[{"embeddable":true,"href":"https:\/\/latribunera.com\/apuntes\/index.php\/wp-json\/wp\/v2\/comments?post=30709"}],"version-history":[{"count":3,"href":"https:\/\/latribunera.com\/apuntes\/index.php\/wp-json\/wp\/v2\/posts\/30709\/revisions"}],"predecessor-version":[{"id":30761,"href":"https:\/\/latribunera.com\/apuntes\/index.php\/wp-json\/wp\/v2\/posts\/30709\/revisions\/30761"}],"wp:featuredmedia":[{"embeddable":true,"href":"https:\/\/latribunera.com\/apuntes\/index.php\/wp-json\/wp\/v2\/media\/30710"}],"wp:attachment":[{"href":"https:\/\/latribunera.com\/apuntes\/index.php\/wp-json\/wp\/v2\/media?parent=30709"}],"wp:term":[{"taxonomy":"category","embeddable":true,"href":"https:\/\/latribunera.com\/apuntes\/index.php\/wp-json\/wp\/v2\/categories?post=30709"},{"taxonomy":"post_tag","embeddable":true,"href":"https:\/\/latribunera.com\/apuntes\/index.php\/wp-json\/wp\/v2\/tags?post=30709"}],"curies":[{"name":"wp","href":"https:\/\/api.w.org\/{rel}","templated":true}]}}