{"id":31067,"date":"2022-03-16T02:08:42","date_gmt":"2022-03-16T02:08:42","guid":{"rendered":"http:\/\/latribunera.com\/apuntes\/?p=31067"},"modified":"2022-03-16T06:45:52","modified_gmt":"2022-03-16T06:45:52","slug":"ronaldinho-se-manifesto-sobre-violencia-en-queretaro","status":"publish","type":"post","link":"https:\/\/latribunera.com\/apuntes\/index.php\/2022\/03\/16\/ronaldinho-se-manifesto-sobre-violencia-en-queretaro\/","title":{"rendered":"Ronaldinho se manifest\u00f3 sobre violencia en Quer\u00e9taro"},"content":{"rendered":"\n<p><\/p>\n\n\n\n<p><\/p>\n\n\n<p><script async=\"\" src=\"https:\/\/pagead2.googlesyndication.com\/pagead\/js\/adsbygoogle.js\"><\/script><br \/>\n<!-- PC 728x90 --><br \/>\n<ins class=\"adsbygoogle\" style=\"display:inline-block;width:728px;height:90px\" data-ad-client=\"ca-pub-9427576701762839\" data-ad-slot=\"1011393878\"><\/ins><br \/>\n<script>\n(adsbygoogle = window.adsbygoogle || []).push({});\n<\/script><\/p>\n\n\n\n<p><\/p>\n\n\n\n<p><\/p>\n\n\n\n<p>El hist\u00f3rico ex futbolista,&nbsp;<strong>Ronaldinho<\/strong>, que tambi\u00e9n tuvo su paso por los&nbsp;<strong>Gallos Blancos<\/strong>, lament\u00f3 totalmente los hechos de violencia acontecidos en el&nbsp;<strong>Estadio La Corregidora<\/strong>&nbsp;en el partido entre el&nbsp;<strong>Quer\u00e9taro&nbsp;<\/strong>y el&nbsp;<strong>Atlas<\/strong>.<\/p>\n\n\n\n<p>El ex futbolista del<strong>&nbsp;FC Barcelona&nbsp;<\/strong>dej\u00f3 en claro que jam\u00e1s pens\u00f3 que algo as\u00ed pudiera ocurrir.<\/p>\n\n\n\n<p>\u201c<em>He visto todo lo que pas\u00f3 en&nbsp;<strong>Quer\u00e9taro<\/strong>. Dif\u00edcil creer, yo que he vivido ah\u00ed, jam\u00e1s imaginar\u00eda que pasar\u00eda algo as\u00ed. Env\u00edo un fuerte abrazo a Quer\u00e9taro, todos los amigos que he hecho, espero que dentro de poco puedan tener una vida normal, un&nbsp;<strong>futbol&nbsp;<\/strong>normal<\/em>\u201d declar\u00f3 ante los medios de comunicaci\u00f3n en el&nbsp;<strong>Sal\u00f3n de la Fama<\/strong>.<\/p>\n\n\n\n<p>\u201c<em>Dif\u00edcil creer que pas\u00f3 algo as\u00ed, pero infelizmente fue as\u00ed. Ojal\u00e1 que nunca m\u00e1s vuelva a pasar algo de este tipo. Enviar un fuerte&nbsp;<strong>abrazo&nbsp;<\/strong>a todos y que nunca m\u00e1s vuelva a pasar<\/em>\u201d agreg\u00f3.<\/p>\n\n\n\n<p><\/p>\n\n\n\n<p><\/p>\n\n\n<p><script async=\"\" src=\"https:\/\/pagead2.googlesyndication.com\/pagead\/js\/adsbygoogle.js\"><\/script><br \/>\n<!-- PC 728x90 --><br \/>\n<ins class=\"adsbygoogle\" style=\"display:inline-block;width:728px;height:90px\" data-ad-client=\"ca-pub-9427576701762839\" data-ad-slot=\"1011393878\"><\/ins><br \/>\n<script>\n(adsbygoogle = window.adsbygoogle || []).push({});\n<\/script><\/p>\n","protected":false},"excerpt":{"rendered":"<p>El hist\u00f3rico ex futbolista,&nbsp;Ronaldinho, que tambi\u00e9n tuvo su paso por los&nbsp;Gallos Blancos, lament\u00f3 totalmente los hechos de violencia acontecidos en el&nbsp;Estadio La Corregidora&nbsp;en el partido entre el&nbsp;Quer\u00e9taro&nbsp;y el&nbsp;Atlas. El ex futbolista del&nbsp;FC Barcelona&nbsp;dej\u00f3 en claro que jam\u00e1s pens\u00f3 que algo as\u00ed pudiera ocurrir. \u201cHe visto todo lo que pas\u00f3 en&nbsp;Quer\u00e9taro. Dif\u00edcil creer, yo que he&#8230; <\/p>\n<div class=\"clear\"><\/div>\n<p><a href=\"https:\/\/latribunera.com\/apuntes\/index.php\/2022\/03\/16\/ronaldinho-se-manifesto-sobre-violencia-en-queretaro\/\" class=\"excerpt-read-more\">Read More<i class=\"fa fa-caret-right icon-caret-right\"><\/i><\/a><\/p>\n","protected":false},"author":55,"featured_media":31089,"comment_status":"open","ping_status":"open","sticky":false,"template":"","format":"standard","meta":{"_jetpack_memberships_contains_paid_content":false,"footnotes":""},"categories":[231],"tags":[958,959],"class_list":["post-31067","post","type-post","status-publish","format-standard","has-post-thumbnail","hentry","category-apuntes","tag-ronaldinho","tag-salon-de-la-fama"],"jetpack_featured_media_url":"https:\/\/latribunera.com\/apuntes\/wp-content\/uploads\/2022\/03\/Dise\u00f1o-sin-t\u00edtulo-3-9.jpg","jetpack-related-posts":[{"id":45386,"url":"https:\/\/latribunera.com\/apuntes\/index.php\/2026\/03\/11\/santos-launa-impulsa-mejoras-en-la-infraestructura-de-tsm-y-estadio-corona\/","url_meta":{"origin":31067,"position":0},"title":"Santos Laguna impulsa mejoras en la infraestructura de TSM y Estadio Corona","author":"Jacob Alarcon","date":"11 marzo, 2026","format":false,"excerpt":"Club Santos Laguna lleva a cabo una serie de reformas y mejoras en la infraestructura de TerritorioSantos Modelo y del Estadio Corona, con el objetivo de impulsar la innovaci\u00f3n tecnol\u00f3gica, lasostenibilidad y la modernizaci\u00f3n de sus espacios.Con estas acciones, el club contin\u00faa fortaleciendo la experiencia de sus aficionados yactualizando sus\u2026","rel":"","context":"In &quot;Pasi\u00f3n Guerrera&quot;","block_context":{"text":"Pasi\u00f3n Guerrera","link":"https:\/\/latribunera.com\/apuntes\/index.php\/category\/tribus\/pasionguerrera\/"},"img":{"alt_text":"","src":"https:\/\/i0.wp.com\/latribunera.com\/apuntes\/wp-content\/uploads\/2026\/03\/Renovacion-TSM.jpg?resize=350%2C200&ssl=1","width":350,"height":200,"srcset":"https:\/\/i0.wp.com\/latribunera.com\/apuntes\/wp-content\/uploads\/2026\/03\/Renovacion-TSM.jpg?resize=350%2C200&ssl=1 1x, https:\/\/i0.wp.com\/latribunera.com\/apuntes\/wp-content\/uploads\/2026\/03\/Renovacion-TSM.jpg?resize=525%2C300&ssl=1 1.5x, https:\/\/i0.wp.com\/latribunera.com\/apuntes\/wp-content\/uploads\/2026\/03\/Renovacion-TSM.jpg?resize=700%2C400&ssl=1 2x, https:\/\/i0.wp.com\/latribunera.com\/apuntes\/wp-content\/uploads\/2026\/03\/Renovacion-TSM.jpg?resize=1050%2C600&ssl=1 3x, https:\/\/i0.wp.com\/latribunera.com\/apuntes\/wp-content\/uploads\/2026\/03\/Renovacion-TSM.jpg?resize=1400%2C800&ssl=1 4x"},"classes":[]}],"jetpack_sharing_enabled":true,"_links":{"self":[{"href":"https:\/\/latribunera.com\/apuntes\/index.php\/wp-json\/wp\/v2\/posts\/31067","targetHints":{"allow":["GET"]}}],"collection":[{"href":"https:\/\/latribunera.com\/apuntes\/index.php\/wp-json\/wp\/v2\/posts"}],"about":[{"href":"https:\/\/latribunera.com\/apuntes\/index.php\/wp-json\/wp\/v2\/types\/post"}],"author":[{"embeddable":true,"href":"https:\/\/latribunera.com\/apuntes\/index.php\/wp-json\/wp\/v2\/users\/55"}],"replies":[{"embeddable":true,"href":"https:\/\/latribunera.com\/apuntes\/index.php\/wp-json\/wp\/v2\/comments?post=31067"}],"version-history":[{"count":4,"href":"https:\/\/latribunera.com\/apuntes\/index.php\/wp-json\/wp\/v2\/posts\/31067\/revisions"}],"predecessor-version":[{"id":31092,"href":"https:\/\/latribunera.com\/apuntes\/index.php\/wp-json\/wp\/v2\/posts\/31067\/revisions\/31092"}],"wp:featuredmedia":[{"embeddable":true,"href":"https:\/\/latribunera.com\/apuntes\/index.php\/wp-json\/wp\/v2\/media\/31089"}],"wp:attachment":[{"href":"https:\/\/latribunera.com\/apuntes\/index.php\/wp-json\/wp\/v2\/media?parent=31067"}],"wp:term":[{"taxonomy":"category","embeddable":true,"href":"https:\/\/latribunera.com\/apuntes\/index.php\/wp-json\/wp\/v2\/categories?post=31067"},{"taxonomy":"post_tag","embeddable":true,"href":"https:\/\/latribunera.com\/apuntes\/index.php\/wp-json\/wp\/v2\/tags?post=31067"}],"curies":[{"name":"wp","href":"https:\/\/api.w.org\/{rel}","templated":true}]}}