{"id":31071,"date":"2022-03-16T04:47:32","date_gmt":"2022-03-16T04:47:32","guid":{"rendered":"http:\/\/latribunera.com\/apuntes\/?p=31071"},"modified":"2022-03-16T16:42:57","modified_gmt":"2022-03-16T16:42:57","slug":"espiando-al-enemigo","status":"publish","type":"post","link":"https:\/\/latribunera.com\/apuntes\/index.php\/2022\/03\/16\/espiando-al-enemigo\/","title":{"rendered":"ESPIANDO AL ENEMIGO"},"content":{"rendered":"\n<p><\/p>\n\n\n\n<p><\/p>\n\n\n<p><script async=\"\" src=\"https:\/\/pagead2.googlesyndication.com\/pagead\/js\/adsbygoogle.js\"><\/script><br \/>\n<!-- PC 728x90 --><br \/>\n<ins class=\"adsbygoogle\" style=\"display:inline-block;width:728px;height:90px\" data-ad-client=\"ca-pub-9427576701762839\" data-ad-slot=\"1011393878\"><\/ins><br \/>\n<script>\n     (adsbygoogle = window.adsbygoogle || []).push({});\n<\/script><\/p>\n\n\n\n<p><\/p>\n\n\n\n<p><\/p>\n\n\n\n<p>Miguel Herrera contin\u00faa trabajando en busca de su primera victoria en el cl\u00e1sico regio con el escudo de Tigres y no solo lo hace desde la cancha de entrenamiento sino tambi\u00e9n desde las tribunas en la casa del rival.  <\/p>\n\n\n\n<p>Minutos antes de que comenzar\u00e1 el partido pendiente de la fecha cinco entre Rayados y Bravos, el \u201cPiojo\u201d fue captado llegando al estadio albiazul en donde seguramente tomar\u00e1 nota de la actuaci\u00f3n que tenga el pr\u00f3ximo rival de sus pupilos.<\/p>\n\n\n\n<p>Antes de ingresar al tambi\u00e9n llamado Gigante de Acero, el entrenador de Tigres atendi\u00f3 amablemente a algunos aficionados que le pidieron tomarse la foto del recuerdo, incluyendo a seguidores de Rayados.<\/p>\n\n\n\n<p><\/p>\n\n\n\n<p><\/p>\n\n\n\n<p><strong>Tambi\u00e9n te puede interesar\u2026<\/strong><\/p>\n\n\n\n<p><strong><a href=\"https:\/\/bit.ly\/3Ib4ywA\">Vucetich sobre la visita del Piojo al BBVA<\/a><\/strong><\/p>\n\n\n\n<p><strong><a href=\"https:\/\/bit.ly\/3IaPT4w\">Tigres es favorito en\nel cl\u00e1sico regiomontano\u2026 SIN DUDA<\/a><\/strong><strong><\/strong><\/p>\n\n\n\n<p><strong><a href=\"https:\/\/bit.ly\/37ASUP3\">Rafael Carioca explota en Redes Sociales<\/a><\/strong><a href=\"https:\/\/bit.ly\/3qcUvB8\"><strong> <\/strong><\/a><\/p>\n\n\n\n<p><a href=\"https:\/\/bit.ly\/3qcUvB8\"><strong>Piojo y Vuce en lista especial del Cl\u00e1sico<\/strong> <\/a><\/p>\n\n\n\n<p><\/p>\n\n\n\n<p><\/p>\n\n\n<p><script async=\"\" src=\"https:\/\/pagead2.googlesyndication.com\/pagead\/js\/adsbygoogle.js\"><\/script><br \/>\n<!-- PC 728x90 --><br \/>\n<ins class=\"adsbygoogle\" style=\"display:inline-block;width:728px;height:90px\" data-ad-client=\"ca-pub-9427576701762839\" data-ad-slot=\"1011393878\"><\/ins><br \/>\n<script>\n     (adsbygoogle = window.adsbygoogle || []).push({});\n<\/script><\/p>\n\n\n\n<p><\/p>\n\n\n\n<p><\/p>\n\n\n\n<p><strong>\u00a1No te lo pierdas!<\/strong><\/p>\n\n\n\n<p><strong><a href=\"https:\/\/bit.ly\/3CLoHZ9\">\u00bfQu\u00e9 le pas\u00f3 al\n\u2018Diente?<\/a><\/strong><strong><\/strong><\/p>\n\n\n\n<p><strong><a href=\"https:\/\/bit.ly\/3wsLdVF\">\u00bfY los refuerzos de\nRayadas?<\/a><\/strong><\/p>\n\n\n\n<p><strong><a href=\"https:\/\/bit.ly\/3KMXRSZ\">Rayados tendr\u00e1 una\nbaja sensible para el Derbi<\/a><\/strong><\/p>\n\n\n\n<p><strong><a href=\"https:\/\/bit.ly\/3thSPby\">Hugo Ayala podr\u00eda ser el nuevo jefe de los Cl\u00e1sicos<\/a><\/strong><\/p>\n\n\n\n<p><\/p>\n\n\n\n<p><\/p>\n\n\n<p><script async=\"\" src=\"https:\/\/pagead2.googlesyndication.com\/pagead\/js\/adsbygoogle.js\"><\/script><br \/>\n<!-- PC 728x90 --><br \/>\n<ins class=\"adsbygoogle\" style=\"display:inline-block;width:728px;height:90px\" data-ad-client=\"ca-pub-9427576701762839\" data-ad-slot=\"1011393878\"><\/ins><br \/>\n<script>\n     (adsbygoogle = window.adsbygoogle || []).push({});\n<\/script><\/p>\n","protected":false},"excerpt":{"rendered":"<p>Miguel Herrera contin\u00faa trabajando en busca de su primera victoria en el cl\u00e1sico regio con el escudo de Tigres y no solo lo hace desde la cancha de entrenamiento sino tambi\u00e9n desde las tribunas en la casa del rival. Minutos antes de que comenzar\u00e1 el partido pendiente de la fecha cinco entre Rayados y Bravos,&#8230; <\/p>\n<div class=\"clear\"><\/div>\n<p><a href=\"https:\/\/latribunera.com\/apuntes\/index.php\/2022\/03\/16\/espiando-al-enemigo\/\" class=\"excerpt-read-more\">Read More<i class=\"fa fa-caret-right icon-caret-right\"><\/i><\/a><\/p>\n","protected":false},"author":4,"featured_media":31072,"comment_status":"open","ping_status":"open","sticky":false,"template":"","format":"standard","meta":{"_jetpack_memberships_contains_paid_content":false,"footnotes":""},"categories":[231],"tags":[74,389],"class_list":["post-31071","post","type-post","status-publish","format-standard","has-post-thumbnail","hentry","category-apuntes","tag-liga-mx","tag-miguel-herrera"],"jetpack_featured_media_url":"https:\/\/latribunera.com\/apuntes\/wp-content\/uploads\/2022\/03\/685D30AC-DD35-4EEC-AE95-BD2128F2A864.jpeg","jetpack-related-posts":[],"jetpack_sharing_enabled":true,"_links":{"self":[{"href":"https:\/\/latribunera.com\/apuntes\/index.php\/wp-json\/wp\/v2\/posts\/31071","targetHints":{"allow":["GET"]}}],"collection":[{"href":"https:\/\/latribunera.com\/apuntes\/index.php\/wp-json\/wp\/v2\/posts"}],"about":[{"href":"https:\/\/latribunera.com\/apuntes\/index.php\/wp-json\/wp\/v2\/types\/post"}],"author":[{"embeddable":true,"href":"https:\/\/latribunera.com\/apuntes\/index.php\/wp-json\/wp\/v2\/users\/4"}],"replies":[{"embeddable":true,"href":"https:\/\/latribunera.com\/apuntes\/index.php\/wp-json\/wp\/v2\/comments?post=31071"}],"version-history":[{"count":8,"href":"https:\/\/latribunera.com\/apuntes\/index.php\/wp-json\/wp\/v2\/posts\/31071\/revisions"}],"predecessor-version":[{"id":31125,"href":"https:\/\/latribunera.com\/apuntes\/index.php\/wp-json\/wp\/v2\/posts\/31071\/revisions\/31125"}],"wp:featuredmedia":[{"embeddable":true,"href":"https:\/\/latribunera.com\/apuntes\/index.php\/wp-json\/wp\/v2\/media\/31072"}],"wp:attachment":[{"href":"https:\/\/latribunera.com\/apuntes\/index.php\/wp-json\/wp\/v2\/media?parent=31071"}],"wp:term":[{"taxonomy":"category","embeddable":true,"href":"https:\/\/latribunera.com\/apuntes\/index.php\/wp-json\/wp\/v2\/categories?post=31071"},{"taxonomy":"post_tag","embeddable":true,"href":"https:\/\/latribunera.com\/apuntes\/index.php\/wp-json\/wp\/v2\/tags?post=31071"}],"curies":[{"name":"wp","href":"https:\/\/api.w.org\/{rel}","templated":true}]}}