{"id":31107,"date":"2022-03-16T15:28:36","date_gmt":"2022-03-16T15:28:36","guid":{"rendered":"http:\/\/latribunera.com\/apuntes\/?p=31107"},"modified":"2022-03-16T16:40:08","modified_gmt":"2022-03-16T16:40:08","slug":"se-toma-tigres-foto-por-la-paz","status":"publish","type":"post","link":"https:\/\/latribunera.com\/apuntes\/index.php\/2022\/03\/16\/se-toma-tigres-foto-por-la-paz\/","title":{"rendered":"SE TOMA TIGRES FOTO POR LA PAZ"},"content":{"rendered":"\n<p><\/p>\n\n\n\n<p><\/p>\n\n\n<p><script async=\"\" src=\"https:\/\/pagead2.googlesyndication.com\/pagead\/js\/adsbygoogle.js\"><\/script><br \/>\n<!-- PC 728x90 --><br \/>\n<ins class=\"adsbygoogle\" style=\"display:inline-block;width:728px;height:90px\" data-ad-client=\"ca-pub-9427576701762839\" data-ad-slot=\"1011393878\"><\/ins><br \/>\n<script>\n(adsbygoogle = window.adsbygoogle || []).push({});\n<\/script><\/p>\n\n\n\n<p><\/p>\n\n\n\n<p><\/p>\n\n\n\n<p><strong>Por: Ren\u00e9 Fern\u00e1ndez | Twitter: @Renefdz<\/strong><\/p>\n\n\n\n<p>El Club Tigres se tom\u00f3 la foto oficial del Clausura 2022 de una forma muy especial.<\/p>\n\n\n\n<p>Como ya es una costumbre desde hace algunos a\u00f1os el plantel femenil y varonil posaron para la fotograf\u00eda en el Estadio Universitario,  pero en esta ocasi\u00f3n lo hicieron vestidos de blanco y con la leyenda no a la violencia. <\/p>\n\n\n\n<p>La sesi\u00f3n fotogr\u00e1fica fue realizada a puerta cerrada para los medios de comunicaci\u00f3n pero fue Mauricio Doehner, Presidente del Comit\u00e9 de Enlace Cemex-Sinergia Deportiva quien comparti\u00f3 las im\u00e1genes a trav\u00e9s de su cuenta de twitter.<\/p>\n\n\n\n<p><\/p>\n\n\n\n<p><\/p>\n\n\n\n<figure class=\"wp-block-embed-twitter wp-block-embed is-type-rich is-provider-twitter\"><div class=\"wp-block-embed__wrapper\">\n<blockquote class=\"twitter-tweet\" data-width=\"550\" data-dnt=\"true\"><p lang=\"und\" dir=\"ltr\"><a href=\"https:\/\/twitter.com\/hashtag\/EstoEsTigres?src=hash&amp;ref_src=twsrc%5Etfw\">#EstoEsTigres<\/a> \ud83d\udc2f <a href=\"https:\/\/twitter.com\/hashtag\/dinoalaviolencia?src=hash&amp;ref_src=twsrc%5Etfw\">#dinoalaviolencia<\/a> <a href=\"https:\/\/t.co\/KsTXVOYFq2\">pic.twitter.com\/KsTXVOYFq2<\/a><\/p>&mdash; Mauricio Doehner (@maurodoehner) <a href=\"https:\/\/twitter.com\/maurodoehner\/status\/1504114426852483084?ref_src=twsrc%5Etfw\">March 16, 2022<\/a><\/blockquote><script async src=\"https:\/\/platform.twitter.com\/widgets.js\" charset=\"utf-8\"><\/script>\n<\/div><\/figure>\n\n\n\n<p><\/p>\n\n\n\n<p><\/p>\n\n\n<p><script async=\"\" src=\"https:\/\/pagead2.googlesyndication.com\/pagead\/js\/adsbygoogle.js\"><\/script><br \/>\n<!-- PC 728x90 --><br \/>\n<ins class=\"adsbygoogle\" style=\"display:inline-block;width:728px;height:90px\" data-ad-client=\"ca-pub-9427576701762839\" data-ad-slot=\"1011393878\"><\/ins><br \/>\n<script>\n(adsbygoogle = window.adsbygoogle || []).push({});\n<\/script><\/p>\n\n\n\n<p><\/p>\n\n\n\n<p><\/p>\n\n\n\n<p><strong>Tambi\u00e9n te puede interesar\u2026<\/strong><\/p>\n\n\n\n<p> <strong><a href=\"https:\/\/bit.ly\/3KMXRSZ\">Rayados tendr\u00e1 una baja sensible para el Derbi<\/a><\/strong> <\/p>\n\n\n\n<p><strong><a href=\"https:\/\/bit.ly\/3IaPT4w\">Tigres es favorito en el cl\u00e1sico regiomontano\u2026 SIN DUDA<\/a><\/strong><\/p>\n\n\n\n<p><strong><a href=\"https:\/\/bit.ly\/37ASUP3\">Rafael Carioca explota en Redes Sociales<\/a><\/strong><\/p>\n\n\n\n<p><a href=\"https:\/\/bit.ly\/3qcUvB8\"><strong>Piojo y Vuce en lista especial del Cl\u00e1sico<\/strong> <\/a><\/p>\n\n\n\n<p><\/p>\n\n\n\n<p><\/p>\n\n\n\n<figure class=\"wp-block-embed-youtube wp-block-embed is-type-video is-provider-youtube wp-embed-aspect-16-9 wp-has-aspect-ratio\"><div class=\"wp-block-embed__wrapper\">\n<iframe loading=\"lazy\" title=\"Rogelio \u2018Rorro\u2019 Rodriguez | Solo Tigres #21 | Entrevista\" width=\"960\" height=\"540\" src=\"https:\/\/www.youtube.com\/embed\/93rPg3De31w?feature=oembed\" frameborder=\"0\" allow=\"accelerometer; autoplay; clipboard-write; encrypted-media; gyroscope; picture-in-picture\" allowfullscreen><\/iframe>\n<\/div><\/figure>\n\n\n\n<p><\/p>\n\n\n\n<p><\/p>\n\n\n<p><script async=\"\" src=\"https:\/\/pagead2.googlesyndication.com\/pagead\/js\/adsbygoogle.js\"><\/script><br \/>\n<!-- PC 728x90 --><br \/>\n<ins class=\"adsbygoogle\" style=\"display:inline-block;width:728px;height:90px\" data-ad-client=\"ca-pub-9427576701762839\" data-ad-slot=\"1011393878\"><\/ins><br \/>\n<script>\n(adsbygoogle = window.adsbygoogle || []).push({});\n<\/script><\/p>\n\n\n\n<p><\/p>\n","protected":false},"excerpt":{"rendered":"<p>Por: Ren\u00e9 Fern\u00e1ndez | Twitter: @Renefdz El Club Tigres se tom\u00f3 la foto oficial del Clausura 2022 de una forma muy especial. Como ya es una costumbre desde hace algunos a\u00f1os el plantel femenil y varonil posaron para la fotograf\u00eda en el Estadio Universitario, pero en esta ocasi\u00f3n lo hicieron vestidos de blanco y con&#8230; <\/p>\n<div class=\"clear\"><\/div>\n<p><a href=\"https:\/\/latribunera.com\/apuntes\/index.php\/2022\/03\/16\/se-toma-tigres-foto-por-la-paz\/\" class=\"excerpt-read-more\">Read More<i class=\"fa fa-caret-right icon-caret-right\"><\/i><\/a><\/p>\n","protected":false},"author":57,"featured_media":31108,"comment_status":"open","ping_status":"open","sticky":false,"template":"","format":"standard","meta":{"_jetpack_memberships_contains_paid_content":false,"footnotes":""},"categories":[231,278],"tags":[234,74,102],"class_list":["post-31107","post","type-post","status-publish","format-standard","has-post-thumbnail","hentry","category-apuntes","category-solotigres","tag-clasico-regio","tag-liga-mx","tag-tigres"],"jetpack_featured_media_url":"https:\/\/latribunera.com\/apuntes\/wp-content\/uploads\/2022\/03\/Dise\u00f1o-sin-t\u00edtulo-1-24.jpg","jetpack-related-posts":[],"jetpack_sharing_enabled":true,"_links":{"self":[{"href":"https:\/\/latribunera.com\/apuntes\/index.php\/wp-json\/wp\/v2\/posts\/31107","targetHints":{"allow":["GET"]}}],"collection":[{"href":"https:\/\/latribunera.com\/apuntes\/index.php\/wp-json\/wp\/v2\/posts"}],"about":[{"href":"https:\/\/latribunera.com\/apuntes\/index.php\/wp-json\/wp\/v2\/types\/post"}],"author":[{"embeddable":true,"href":"https:\/\/latribunera.com\/apuntes\/index.php\/wp-json\/wp\/v2\/users\/57"}],"replies":[{"embeddable":true,"href":"https:\/\/latribunera.com\/apuntes\/index.php\/wp-json\/wp\/v2\/comments?post=31107"}],"version-history":[{"count":4,"href":"https:\/\/latribunera.com\/apuntes\/index.php\/wp-json\/wp\/v2\/posts\/31107\/revisions"}],"predecessor-version":[{"id":31127,"href":"https:\/\/latribunera.com\/apuntes\/index.php\/wp-json\/wp\/v2\/posts\/31107\/revisions\/31127"}],"wp:featuredmedia":[{"embeddable":true,"href":"https:\/\/latribunera.com\/apuntes\/index.php\/wp-json\/wp\/v2\/media\/31108"}],"wp:attachment":[{"href":"https:\/\/latribunera.com\/apuntes\/index.php\/wp-json\/wp\/v2\/media?parent=31107"}],"wp:term":[{"taxonomy":"category","embeddable":true,"href":"https:\/\/latribunera.com\/apuntes\/index.php\/wp-json\/wp\/v2\/categories?post=31107"},{"taxonomy":"post_tag","embeddable":true,"href":"https:\/\/latribunera.com\/apuntes\/index.php\/wp-json\/wp\/v2\/tags?post=31107"}],"curies":[{"name":"wp","href":"https:\/\/api.w.org\/{rel}","templated":true}]}}