{"id":31136,"date":"2022-03-16T18:51:36","date_gmt":"2022-03-16T18:51:36","guid":{"rendered":"http:\/\/latribunera.com\/apuntes\/?p=31136"},"modified":"2022-03-16T18:51:37","modified_gmt":"2022-03-16T18:51:37","slug":"sin-miedo-a-campbell","status":"publish","type":"post","link":"https:\/\/latribunera.com\/apuntes\/index.php\/2022\/03\/16\/sin-miedo-a-campbell\/","title":{"rendered":"SIN MIEDO A CAMPBELL"},"content":{"rendered":"\n<p><\/p>\n\n\n\n<p><\/p>\n\n\n<p><script async src=\"https:\/\/pagead2.googlesyndication.com\/pagead\/js\/adsbygoogle.js\"><\/script><br \/>\n<!-- PC 728x90 --><br \/>\n<ins class=\"adsbygoogle\"\nstyle=\"display:inline-block;width:728px;height:90px\"\ndata-ad-client=\"ca-pub-9427576701762839\"\ndata-ad-slot=\"1011393878\"><\/ins><br \/>\n<script>\n(adsbygoogle = window.adsbygoogle || []).push({});\n<\/script><\/p>\n\n\n\n<p><\/p>\n\n\n\n<p><\/p>\n\n\n\n<p><strong>Por: Ren\u00e9 Fern\u00e1ndez  | Twitter: @Renefdz<\/strong><\/p>\n\n\n\n<p>Con tres partidos consecutivos anotando, Joel\nCampbell se ha convertido en el jugador m\u00e1s peligroso de Rayados desde que V\u00edctor\nManuel Vucetich regres\u00f3 a la direcci\u00f3n t\u00e9cnica del equipo.<\/p>\n\n\n\n<p>Sin embargo, el buen momento que atraviesa el\ncostarricense no inquieta a la defensa de Tigres. <\/p>\n\n\n\n<p>\u201cNo por algo jug\u00f3 en el arsenal, padre, bien\nque este as\u00ed, ser\u00e1 un desaf\u00edo m\u00e1s bonito el poder enfrentarse a un jugador de\ntalla mundial, ojal\u00e1 podamos ganar, tenemos en la mente ganar contra los once\nque tengamos enfrente y contra quien sea&#8221;, afirm\u00f3 el jugador felino Diego\nReyes en conferencia de prensa <\/p>\n\n\n\n<p>El zaguero de Tigres tambi\u00e9n habl\u00f3 sobre la\ninminente ausencia en el pr\u00f3ximo cl\u00e1sico del argentino Rogelio Funes Mori. <\/p>\n\n\n\n<p>&#8220;Los \u00faltimos 2 partidos no jug\u00f3 y ganaron, no es excusa para que vengan con todo, tiene jugadores de sobra para abastecer ese lugar, Rogelio es buen jugador, pero tienen otros buenos, salir concentrados y sabiendo que tenemos un gran plantel l\u00ednea por l\u00ednea\u201d, finaliz\u00f3.<\/p>\n\n\n\n<p><\/p>\n\n\n\n<p><\/p>\n\n\n<p><script async src=\"https:\/\/pagead2.googlesyndication.com\/pagead\/js\/adsbygoogle.js\"><\/script><br \/>\n<!-- PC 728x90 --><br \/>\n<ins class=\"adsbygoogle\"\nstyle=\"display:inline-block;width:728px;height:90px\"\ndata-ad-client=\"ca-pub-9427576701762839\"\ndata-ad-slot=\"1011393878\"><\/ins><br \/>\n<script>\n(adsbygoogle = window.adsbygoogle || []).push({});\n<\/script><\/p>\n\n\n\n<p><\/p>\n\n\n\n<p><strong>Tambi\u00e9n te\npuede interesar\u2026<\/strong><\/p>\n\n\n\n<p><a href=\"https:\/\/bit.ly\/3IaPT4w\"><strong>Tigres es\nfavorito en el cl\u00e1sico regiomontano\u2026 SIN DUDA<\/strong><\/a><strong><\/strong><\/p>\n\n\n\n<p><a href=\"https:\/\/bit.ly\/3KMXRSZ\"><strong>Rayados\ntendr\u00e1 una baja sensible para el Derbi<\/strong><\/a><strong><\/strong><\/p>\n\n\n\n<p><a href=\"https:\/\/bit.ly\/3wcOsQz\"><strong>\u00bfQu\u00e9 hac\u00eda el \u2018Piojo\u2019 en el BBVA?<\/strong><\/a><\/p>\n\n\n\n<p><\/p>\n\n\n\n<p><\/p>\n\n\n\n<figure class=\"wp-block-embed-youtube wp-block-embed is-type-video is-provider-youtube wp-embed-aspect-16-9 wp-has-aspect-ratio\"><div class=\"wp-block-embed__wrapper\">\n<iframe loading=\"lazy\" title=\"Rogelio \u2018Rorro\u2019 Rodriguez | Solo Tigres #21 | Entrevista\" width=\"960\" height=\"540\" src=\"https:\/\/www.youtube.com\/embed\/93rPg3De31w?feature=oembed\" frameborder=\"0\" allow=\"accelerometer; autoplay; clipboard-write; encrypted-media; gyroscope; picture-in-picture\" allowfullscreen><\/iframe>\n<\/div><\/figure>\n\n\n\n<p><\/p>\n\n\n\n<p><\/p>\n\n\n\n<p><\/p>\n","protected":false},"excerpt":{"rendered":"<p>Por: Ren\u00e9 Fern\u00e1ndez | Twitter: @Renefdz Con tres partidos consecutivos anotando, Joel Campbell se ha convertido en el jugador m\u00e1s peligroso de Rayados desde que V\u00edctor Manuel Vucetich regres\u00f3 a la direcci\u00f3n t\u00e9cnica del equipo. Sin embargo, el buen momento que atraviesa el costarricense no inquieta a la defensa de Tigres. \u201cNo por algo jug\u00f3&#8230; <\/p>\n<div class=\"clear\"><\/div>\n<p><a href=\"https:\/\/latribunera.com\/apuntes\/index.php\/2022\/03\/16\/sin-miedo-a-campbell\/\" class=\"excerpt-read-more\">Read More<i class=\"fa fa-caret-right icon-caret-right\"><\/i><\/a><\/p>\n","protected":false},"author":57,"featured_media":31137,"comment_status":"open","ping_status":"open","sticky":false,"template":"","format":"standard","meta":{"_jetpack_memberships_contains_paid_content":false,"footnotes":""},"categories":[231,278],"tags":[234,74,102],"class_list":["post-31136","post","type-post","status-publish","format-standard","has-post-thumbnail","hentry","category-apuntes","category-solotigres","tag-clasico-regio","tag-liga-mx","tag-tigres"],"jetpack_featured_media_url":"https:\/\/latribunera.com\/apuntes\/wp-content\/uploads\/2022\/03\/Dise\u00f1o-sin-t\u00edtulo-60.jpg","jetpack-related-posts":[],"jetpack_sharing_enabled":true,"_links":{"self":[{"href":"https:\/\/latribunera.com\/apuntes\/index.php\/wp-json\/wp\/v2\/posts\/31136","targetHints":{"allow":["GET"]}}],"collection":[{"href":"https:\/\/latribunera.com\/apuntes\/index.php\/wp-json\/wp\/v2\/posts"}],"about":[{"href":"https:\/\/latribunera.com\/apuntes\/index.php\/wp-json\/wp\/v2\/types\/post"}],"author":[{"embeddable":true,"href":"https:\/\/latribunera.com\/apuntes\/index.php\/wp-json\/wp\/v2\/users\/57"}],"replies":[{"embeddable":true,"href":"https:\/\/latribunera.com\/apuntes\/index.php\/wp-json\/wp\/v2\/comments?post=31136"}],"version-history":[{"count":2,"href":"https:\/\/latribunera.com\/apuntes\/index.php\/wp-json\/wp\/v2\/posts\/31136\/revisions"}],"predecessor-version":[{"id":31139,"href":"https:\/\/latribunera.com\/apuntes\/index.php\/wp-json\/wp\/v2\/posts\/31136\/revisions\/31139"}],"wp:featuredmedia":[{"embeddable":true,"href":"https:\/\/latribunera.com\/apuntes\/index.php\/wp-json\/wp\/v2\/media\/31137"}],"wp:attachment":[{"href":"https:\/\/latribunera.com\/apuntes\/index.php\/wp-json\/wp\/v2\/media?parent=31136"}],"wp:term":[{"taxonomy":"category","embeddable":true,"href":"https:\/\/latribunera.com\/apuntes\/index.php\/wp-json\/wp\/v2\/categories?post=31136"},{"taxonomy":"post_tag","embeddable":true,"href":"https:\/\/latribunera.com\/apuntes\/index.php\/wp-json\/wp\/v2\/tags?post=31136"}],"curies":[{"name":"wp","href":"https:\/\/api.w.org\/{rel}","templated":true}]}}