{"id":31410,"date":"2022-03-19T15:23:08","date_gmt":"2022-03-19T15:23:08","guid":{"rendered":"http:\/\/latribunera.com\/apuntes\/?p=31410"},"modified":"2022-03-19T20:10:54","modified_gmt":"2022-03-19T20:10:54","slug":"renuevas-campbell","status":"publish","type":"post","link":"https:\/\/latribunera.com\/apuntes\/index.php\/2022\/03\/19\/renuevas-campbell\/","title":{"rendered":"\u00bfRenuevas Campbell?"},"content":{"rendered":"\n<p><\/p>\n\n\n\n<p><\/p>\n\n\n<p><script async=\"\" src=\"https:\/\/pagead2.googlesyndication.com\/pagead\/js\/adsbygoogle.js\"><\/script><br \/>\n<!-- PC 728x90 --><br \/>\n<ins class=\"adsbygoogle\" style=\"display:inline-block;width:728px;height:90px\" data-ad-client=\"ca-pub-9427576701762839\" data-ad-slot=\"1011393878\"><\/ins><br \/>\n<script>\n(adsbygoogle = window.adsbygoogle || []).push({});\n<\/script><\/p>\n\n\n\n<p><\/p>\n\n\n\n<p><\/p>\n\n\n\n<p>Por\nVenustiano Carranza<\/p>\n\n\n\n<p>Ante la\nbaja por lesi\u00f3n del goleador Rogelio Funes Mori a Joel Campbell se le ha\nentregado la tarea de ser el revulsivo y goleador dentro del Club de Futbol.<\/p>\n\n\n\n<p>Un rol que\nel futbolista costarricense tom\u00f3 a la perfecci\u00f3n pues en los \u00faltimos tres\njuegos ha tenido la dicha de marcar tres anotaciones.<\/p>\n\n\n\n<p>El dorsal 8\nanot\u00f3 frente Am\u00e9rica, Mazatl\u00e1n y Ju\u00e1rez, y justo ante Bravos la afici\u00f3n core\u00f3 su\nnombre reconoci\u00e9ndole el gran nivel en el que se encuentra.<\/p>\n\n\n\n<p>A veces, el\nfutbol es caprichoso, yo le\u00eda muchas cr\u00edticas hacia su persona, y de cierta\nforma eran justas pues en su primer torneo hizo poco y nada.<\/p>\n\n\n\n<p>Pero en mi\npensar, ten\u00eda mis recaudos y algo me dec\u00eda que iba a dar.<\/p>\n\n\n\n<p>El jugador\nse encuentra prestado \u00bfEs conveniente renovarlo?<\/p>\n\n\n\n<p>\u00c9l ya habl\u00f3\ndel tema en entrevista con el Diario Cancha y dej\u00f3 entrever que sus deseos es\nseguir en la instituci\u00f3n regiomontana.<\/p>\n\n\n\n<p><strong>\u00a1Ac\u00e1 sus palabras!<\/strong><\/p>\n\n\n\n<p><strong>Tu pr\u00e9stamo est\u00e1 por vencer, \u00bfCu\u00e1l es tu futuro en Rayados, vas a\nrenovar, te lo han propuesto?<\/strong><\/p>\n\n\n\n<p>\u201cPara serle muy honesto y sincero no pienso en eso. Ahorita quiero disfrutar cada d\u00eda del futbol, de este momento. Hace un mes ten\u00eda un panorama totalmente diferente, ahora tengo otro, entonces creo que las cosas hay que disfrutarlas, no adelantarse y ahorita estamos vivos, felices y esperando en Dios que el s\u00e1bado (hoy) sea un buen partido para el Monterrey&#8221;.<\/p>\n\n\n\n<p><strong>Pero \u2018futureando\u2019 tantito, Joel \u00bfsi te gustar\u00eda quedarte en Monterrey?<\/strong><\/p>\n\n\n\n<p>\u201cClaro,\nc\u00f3mo voy a decir \u2018No, no quiero quedarme a media temporada, ser\u00eda tonto\u2026\u201d<\/p>\n\n\n\n<p>\u201cYo voy a hacer las cosas bien, al final intentar\u00e9 hacer mi mejor esfuerzo, mi mejor trabajo y ya pues la directiva decidir\u00e1 qu\u00e9 es lo importante, pero lo que est\u00e1 en mis manos es hacer las cosas bien\u201d<\/p>\n\n\n\n<p><\/p>\n\n\n\n<p><\/p>\n\n\n\n<figure class=\"wp-block-embed-youtube wp-block-embed is-type-video is-provider-youtube wp-embed-aspect-16-9 wp-has-aspect-ratio\"><div class=\"wp-block-embed__wrapper\">\n<iframe loading=\"lazy\" title=\"HOY JUEGA RAYADOS, HOY HAY CL\u00c1SICO REGIO | Noti Pandi\" width=\"960\" height=\"540\" src=\"https:\/\/www.youtube.com\/embed\/tPKiHwjr-_g?feature=oembed\" frameborder=\"0\" allow=\"accelerometer; autoplay; clipboard-write; encrypted-media; gyroscope; picture-in-picture\" allowfullscreen><\/iframe>\n<\/div><\/figure>\n\n\n\n<p><\/p>\n\n\n\n<p><\/p>\n\n\n<p><script async=\"\" src=\"https:\/\/pagead2.googlesyndication.com\/pagead\/js\/adsbygoogle.js\"><\/script><br \/>\n<!-- PC 728x90 --><br \/>\n<ins class=\"adsbygoogle\" style=\"display:inline-block;width:728px;height:90px\" data-ad-client=\"ca-pub-9427576701762839\" data-ad-slot=\"1011393878\"><\/ins><br \/>\n<script>\n(adsbygoogle = window.adsbygoogle || []).push({});\n<\/script><\/p>\n\n\n\n<p><\/p>\n\n\n\n<p><\/p>\n\n\n\n<p><strong>Te podr\u00edan interesar\u2026<\/strong><\/p>\n\n\n\n<p><a href=\"https:\/\/bit.ly\/3JiRE0V\"><strong><span style=\"text-decoration: underline;\">La alineaci\u00f3n de Rayados para el Cl\u00e1sico Regio 127<\/span><\/strong><\/a><\/p>\n\n\n\n<p><a href=\"https:\/\/bit.ly\/37NltZP\"><strong><span style=\"text-decoration: underline;\">La alineaci\u00f3n de Tigres para el Cl\u00e1sico Regio 127<\/span><\/strong><\/a><\/p>\n\n\n\n<p><\/p>\n\n\n\n<p><\/p>\n\n\n<p><script async=\"\" src=\"https:\/\/pagead2.googlesyndication.com\/pagead\/js\/adsbygoogle.js\"><\/script><br \/>\n<!-- PC 728x90 --><br \/>\n<ins class=\"adsbygoogle\" style=\"display:inline-block;width:728px;height:90px\" data-ad-client=\"ca-pub-9427576701762839\" data-ad-slot=\"1011393878\"><\/ins><br \/>\n<script>\n(adsbygoogle = window.adsbygoogle || []).push({});\n<\/script><\/p>\n","protected":false},"excerpt":{"rendered":"<p>Por Venustiano Carranza Ante la baja por lesi\u00f3n del goleador Rogelio Funes Mori a Joel Campbell se le ha entregado la tarea de ser el revulsivo y goleador dentro del Club de Futbol. Un rol que el futbolista costarricense tom\u00f3 a la perfecci\u00f3n pues en los \u00faltimos tres juegos ha tenido la dicha de marcar&#8230; <\/p>\n<div class=\"clear\"><\/div>\n<p><a href=\"https:\/\/latribunera.com\/apuntes\/index.php\/2022\/03\/19\/renuevas-campbell\/\" class=\"excerpt-read-more\">Read More<i class=\"fa fa-caret-right icon-caret-right\"><\/i><\/a><\/p>\n","protected":false},"author":7,"featured_media":31411,"comment_status":"open","ping_status":"open","sticky":false,"template":"","format":"standard","meta":{"_jetpack_memberships_contains_paid_content":false,"footnotes":""},"categories":[231,277],"tags":[593,74,6],"class_list":["post-31410","post","type-post","status-publish","format-standard","has-post-thumbnail","hentry","category-apuntes","category-zonarayada","tag-joel-campbell","tag-liga-mx","tag-rayados"],"jetpack_featured_media_url":"https:\/\/latribunera.com\/apuntes\/wp-content\/uploads\/2022\/03\/Dise\u00f1o-sin-t\u00edtulo-2-21.jpg","jetpack-related-posts":[{"id":45392,"url":"https:\/\/latribunera.com\/apuntes\/index.php\/2026\/04\/09\/se-presento-la-13va-edicion-del-guerreton\/","url_meta":{"origin":31410,"position":0},"title":"Se presento la 13va edici\u00f3n del Guerret\u00f3n.","author":"Staff","date":"9 abril, 2026","format":false,"excerpt":"A lo largo de sus primeras 12 ediciones, Guerret\u00f3n ha logrado recolectar m\u00e1s de 121,500juguetes, peluches y balones, beneficiando a diversas asociaciones e instituciones de laregi\u00f3n lagunera, entre ellas CRIT Durango, los sistemas DIF de distintos municipios, as\u00edcomo organizaciones educativas y asistenciales. A la fecha, se han instalado cuatro ludotecas\u2026","rel":"","context":"In &quot;Ganar Sirviendo&quot;","block_context":{"text":"Ganar Sirviendo","link":"https:\/\/latribunera.com\/apuntes\/index.php\/category\/futbol\/futbol-mexicano\/ganar-sirviendo\/"},"img":{"alt_text":"","src":"https:\/\/i0.wp.com\/latribunera.com\/apuntes\/wp-content\/uploads\/2026\/04\/9Guerreton-2026-2.jpg.jpeg?resize=350%2C200&ssl=1","width":350,"height":200,"srcset":"https:\/\/i0.wp.com\/latribunera.com\/apuntes\/wp-content\/uploads\/2026\/04\/9Guerreton-2026-2.jpg.jpeg?resize=350%2C200&ssl=1 1x, https:\/\/i0.wp.com\/latribunera.com\/apuntes\/wp-content\/uploads\/2026\/04\/9Guerreton-2026-2.jpg.jpeg?resize=525%2C300&ssl=1 1.5x, https:\/\/i0.wp.com\/latribunera.com\/apuntes\/wp-content\/uploads\/2026\/04\/9Guerreton-2026-2.jpg.jpeg?resize=700%2C400&ssl=1 2x, https:\/\/i0.wp.com\/latribunera.com\/apuntes\/wp-content\/uploads\/2026\/04\/9Guerreton-2026-2.jpg.jpeg?resize=1050%2C600&ssl=1 3x, https:\/\/i0.wp.com\/latribunera.com\/apuntes\/wp-content\/uploads\/2026\/04\/9Guerreton-2026-2.jpg.jpeg?resize=1400%2C800&ssl=1 4x"},"classes":[]},{"id":45386,"url":"https:\/\/latribunera.com\/apuntes\/index.php\/2026\/03\/11\/santos-launa-impulsa-mejoras-en-la-infraestructura-de-tsm-y-estadio-corona\/","url_meta":{"origin":31410,"position":1},"title":"Santos Laguna impulsa mejoras en la infraestructura de TSM y Estadio Corona","author":"Jacob Alarcon","date":"11 marzo, 2026","format":false,"excerpt":"Club Santos Laguna lleva a cabo una serie de reformas y mejoras en la infraestructura de TerritorioSantos Modelo y del Estadio Corona, con el objetivo de impulsar la innovaci\u00f3n tecnol\u00f3gica, lasostenibilidad y la modernizaci\u00f3n de sus espacios.Con estas acciones, el club contin\u00faa fortaleciendo la experiencia de sus aficionados yactualizando sus\u2026","rel":"","context":"In &quot;Pasi\u00f3n Guerrera&quot;","block_context":{"text":"Pasi\u00f3n Guerrera","link":"https:\/\/latribunera.com\/apuntes\/index.php\/category\/tribus\/pasionguerrera\/"},"img":{"alt_text":"","src":"https:\/\/i0.wp.com\/latribunera.com\/apuntes\/wp-content\/uploads\/2026\/03\/Renovacion-TSM.jpg?resize=350%2C200&ssl=1","width":350,"height":200,"srcset":"https:\/\/i0.wp.com\/latribunera.com\/apuntes\/wp-content\/uploads\/2026\/03\/Renovacion-TSM.jpg?resize=350%2C200&ssl=1 1x, https:\/\/i0.wp.com\/latribunera.com\/apuntes\/wp-content\/uploads\/2026\/03\/Renovacion-TSM.jpg?resize=525%2C300&ssl=1 1.5x, https:\/\/i0.wp.com\/latribunera.com\/apuntes\/wp-content\/uploads\/2026\/03\/Renovacion-TSM.jpg?resize=700%2C400&ssl=1 2x, https:\/\/i0.wp.com\/latribunera.com\/apuntes\/wp-content\/uploads\/2026\/03\/Renovacion-TSM.jpg?resize=1050%2C600&ssl=1 3x, https:\/\/i0.wp.com\/latribunera.com\/apuntes\/wp-content\/uploads\/2026\/03\/Renovacion-TSM.jpg?resize=1400%2C800&ssl=1 4x"},"classes":[]}],"jetpack_sharing_enabled":true,"_links":{"self":[{"href":"https:\/\/latribunera.com\/apuntes\/index.php\/wp-json\/wp\/v2\/posts\/31410","targetHints":{"allow":["GET"]}}],"collection":[{"href":"https:\/\/latribunera.com\/apuntes\/index.php\/wp-json\/wp\/v2\/posts"}],"about":[{"href":"https:\/\/latribunera.com\/apuntes\/index.php\/wp-json\/wp\/v2\/types\/post"}],"author":[{"embeddable":true,"href":"https:\/\/latribunera.com\/apuntes\/index.php\/wp-json\/wp\/v2\/users\/7"}],"replies":[{"embeddable":true,"href":"https:\/\/latribunera.com\/apuntes\/index.php\/wp-json\/wp\/v2\/comments?post=31410"}],"version-history":[{"count":3,"href":"https:\/\/latribunera.com\/apuntes\/index.php\/wp-json\/wp\/v2\/posts\/31410\/revisions"}],"predecessor-version":[{"id":31438,"href":"https:\/\/latribunera.com\/apuntes\/index.php\/wp-json\/wp\/v2\/posts\/31410\/revisions\/31438"}],"wp:featuredmedia":[{"embeddable":true,"href":"https:\/\/latribunera.com\/apuntes\/index.php\/wp-json\/wp\/v2\/media\/31411"}],"wp:attachment":[{"href":"https:\/\/latribunera.com\/apuntes\/index.php\/wp-json\/wp\/v2\/media?parent=31410"}],"wp:term":[{"taxonomy":"category","embeddable":true,"href":"https:\/\/latribunera.com\/apuntes\/index.php\/wp-json\/wp\/v2\/categories?post=31410"},{"taxonomy":"post_tag","embeddable":true,"href":"https:\/\/latribunera.com\/apuntes\/index.php\/wp-json\/wp\/v2\/tags?post=31410"}],"curies":[{"name":"wp","href":"https:\/\/api.w.org\/{rel}","templated":true}]}}