{"id":31634,"date":"2022-03-23T03:22:55","date_gmt":"2022-03-23T03:22:55","guid":{"rendered":"http:\/\/latribunera.com\/apuntes\/?p=31634"},"modified":"2022-03-23T23:18:49","modified_gmt":"2022-03-23T23:18:49","slug":"la-uanl-rinde-homenaje-a-tomas-boy","status":"publish","type":"post","link":"https:\/\/latribunera.com\/apuntes\/index.php\/2022\/03\/23\/la-uanl-rinde-homenaje-a-tomas-boy\/","title":{"rendered":"LA UANL RINDE HOMENAJE A TOM\u00c1S BOY"},"content":{"rendered":"\n<p><\/p>\n\n\n\n<p><\/p>\n\n\n<p><script async=\"\" src=\"https:\/\/pagead2.googlesyndication.com\/pagead\/js\/adsbygoogle.js\"><\/script><br \/>\n<!-- PC 728x90 --><br \/>\n<ins class=\"adsbygoogle\" style=\"display:inline-block;width:728px;height:90px\" data-ad-client=\"ca-pub-9427576701762839\" data-ad-slot=\"1011393878\"><\/ins><br \/>\n<script>\n(adsbygoogle = window.adsbygoogle || []).push({});\n<\/script><\/p>\n\n\n\n<p><\/p>\n\n\n\n<p><\/p>\n\n\n\n<p>STAFF<\/p>\n\n\n\n<p>La Facultad de Organizaci\u00f3n Deportiva de la UANL, rindi\u00f3 este martes un merecido homenaje al ex jugador de Tigres, Tom\u00e1s Boy Espinoza.<\/p>\n\n\n\n<p>El \u201cJefe\u201d parti\u00f3 de este mundo el pasado 8 de marzo por lo que hoy familiares, amigos y autoridades universitarias se reunieron para honrar su memoria.<\/p>\n\n\n\n<p>Entre los presentes estuvieron los tres hijos de Tom\u00e1s, Claudio, Luis y Andr\u00e9s, as\u00ed como quien fuera su gran compadre dentro y fuera de la cancha, Geronimo Barbadillo.<\/p>\n\n\n\n<p>&#8220;Sal\u00ed de Italia cuando me enter\u00e9, me dej\u00f3 tantos recuerdos en mi coraz\u00f3n, tantas cosas positivas\u201d, mencion\u00f3 Barbadillo.<\/p>\n\n\n\n<p>Alejandro Rodr\u00edguez, ex presidente de Tigres quien en la \u00e9poca de los 70 se encarg\u00f3 de traer al \u201cJefe\u201d al equipo felino  tambi\u00e9n fue uno de los invitados as\u00ed como los ex futbolistas Mateo Bravo y Juan Manuel \u2018Abuelo\u2019 Azuara; ente otros. <\/p>\n\n\n\n<p>\u201cEs un gran vac\u00edo el que nos deja, pero hay que llenar los vac\u00edos. Se va Tom\u00e1s con todos los honores y qu\u00e9 bueno se hizo esta reunion\u201d, coment\u00f3 el ingeniero Rodr\u00edguez.<\/p>\n\n\n\n<p><\/p>\n\n\n\n<p><\/p>\n\n\n<p><script async=\"\" src=\"https:\/\/pagead2.googlesyndication.com\/pagead\/js\/adsbygoogle.js\"><\/script><br \/>\n<!-- PC 728x90 --><br \/>\n<ins class=\"adsbygoogle\" style=\"display:inline-block;width:728px;height:90px\" data-ad-client=\"ca-pub-9427576701762839\" data-ad-slot=\"1011393878\"><\/ins><br \/>\n<script>\n(adsbygoogle = window.adsbygoogle || []).push({});\n<\/script><\/p>\n","protected":false},"excerpt":{"rendered":"<p>STAFF La Facultad de Organizaci\u00f3n Deportiva de la UANL, rindi\u00f3 este martes un merecido homenaje al ex jugador de Tigres, Tom\u00e1s Boy Espinoza. El \u201cJefe\u201d parti\u00f3 de este mundo el pasado 8 de marzo por lo que hoy familiares, amigos y autoridades universitarias se reunieron para honrar su memoria. Entre los presentes estuvieron los tres&#8230; <\/p>\n<div class=\"clear\"><\/div>\n<p><a href=\"https:\/\/latribunera.com\/apuntes\/index.php\/2022\/03\/23\/la-uanl-rinde-homenaje-a-tomas-boy\/\" class=\"excerpt-read-more\">Read More<i class=\"fa fa-caret-right icon-caret-right\"><\/i><\/a><\/p>\n","protected":false},"author":4,"featured_media":31635,"comment_status":"open","ping_status":"open","sticky":false,"template":"","format":"standard","meta":{"_jetpack_memberships_contains_paid_content":false,"footnotes":""},"categories":[231,278],"tags":[102,945],"class_list":["post-31634","post","type-post","status-publish","format-standard","has-post-thumbnail","hentry","category-apuntes","category-solotigres","tag-tigres","tag-tomas-boy"],"jetpack_featured_media_url":"https:\/\/latribunera.com\/apuntes\/wp-content\/uploads\/2022\/03\/Dise\u00f1o-sin-t\u00edtulo-79.jpg","jetpack-related-posts":[],"jetpack_sharing_enabled":true,"_links":{"self":[{"href":"https:\/\/latribunera.com\/apuntes\/index.php\/wp-json\/wp\/v2\/posts\/31634","targetHints":{"allow":["GET"]}}],"collection":[{"href":"https:\/\/latribunera.com\/apuntes\/index.php\/wp-json\/wp\/v2\/posts"}],"about":[{"href":"https:\/\/latribunera.com\/apuntes\/index.php\/wp-json\/wp\/v2\/types\/post"}],"author":[{"embeddable":true,"href":"https:\/\/latribunera.com\/apuntes\/index.php\/wp-json\/wp\/v2\/users\/4"}],"replies":[{"embeddable":true,"href":"https:\/\/latribunera.com\/apuntes\/index.php\/wp-json\/wp\/v2\/comments?post=31634"}],"version-history":[{"count":4,"href":"https:\/\/latribunera.com\/apuntes\/index.php\/wp-json\/wp\/v2\/posts\/31634\/revisions"}],"predecessor-version":[{"id":31666,"href":"https:\/\/latribunera.com\/apuntes\/index.php\/wp-json\/wp\/v2\/posts\/31634\/revisions\/31666"}],"wp:featuredmedia":[{"embeddable":true,"href":"https:\/\/latribunera.com\/apuntes\/index.php\/wp-json\/wp\/v2\/media\/31635"}],"wp:attachment":[{"href":"https:\/\/latribunera.com\/apuntes\/index.php\/wp-json\/wp\/v2\/media?parent=31634"}],"wp:term":[{"taxonomy":"category","embeddable":true,"href":"https:\/\/latribunera.com\/apuntes\/index.php\/wp-json\/wp\/v2\/categories?post=31634"},{"taxonomy":"post_tag","embeddable":true,"href":"https:\/\/latribunera.com\/apuntes\/index.php\/wp-json\/wp\/v2\/tags?post=31634"}],"curies":[{"name":"wp","href":"https:\/\/api.w.org\/{rel}","templated":true}]}}