{"id":31952,"date":"2022-03-29T03:37:36","date_gmt":"2022-03-29T03:37:36","guid":{"rendered":"http:\/\/latribunera.com\/apuntes\/?p=31952"},"modified":"2022-03-30T10:11:40","modified_gmt":"2022-03-30T10:11:40","slug":"miguel-herrera-no-le-cierra-las-puertas-a-la-seleccion-mexicana","status":"publish","type":"post","link":"https:\/\/latribunera.com\/apuntes\/index.php\/2022\/03\/29\/miguel-herrera-no-le-cierra-las-puertas-a-la-seleccion-mexicana\/","title":{"rendered":"Miguel Herrera no le cierra las puertas a la Selecci\u00f3n Mexicana"},"content":{"rendered":"\n<p><\/p>\n\n\n\n<p><\/p>\n\n\n\n<figure class=\"wp-block-image size-large\"><a href=\"https:\/\/www.expobaby.mx\"><img decoding=\"async\" src=\"http:\/\/latribunera.com\/apuntes\/wp-content\/uploads\/2022\/03\/2AF38C2F-3331-425C-9A2F-2E4A32BAD817.jpeg\" alt=\"\" class=\"wp-image-31985\"\/><\/a><\/figure>\n\n\n\n<p><\/p>\n\n\n\n<p><\/p>\n\n\n<p><script async=\"\" src=\"https:\/\/pagead2.googlesyndication.com\/pagead\/js\/adsbygoogle.js\"><\/script><br \/>\n<!-- PC 728x90 --><br \/>\n<ins class=\"adsbygoogle\" style=\"display:inline-block;width:728px;height:90px\" data-ad-client=\"ca-pub-9427576701762839\" data-ad-slot=\"1011393878\"><\/ins><br \/>\n<script>\n(adsbygoogle = window.adsbygoogle || []).push({});\n<\/script><\/p>\n\n\n\n<p><\/p>\n\n\n\n<p><\/p>\n\n\n\n<p>STAFF<\/p>\n\n\n\n<p>Si el t\u00e9cnico de la Selecci\u00f3n Mexicana, Gerardo Martino, no est\u00e1 al cien por ciento de su salud entonces tendr\u00eda que hacerse a un lado, afirm\u00f3 su hom\u00f3logo de Tigres, Miguel Herrera, quien adem\u00e1s no ocult\u00f3 su molestia por la ausencia del \u201cTata\u201d en la banca en el pasado partido ante Honduras.<\/p>\n\n\n\n<p>\u201cNos brinca porque de repente no va a los partidos por alguna circunstancia de salud pero si no tiene salud yo creo que el tendr\u00eda que hacerse a un lado, yo creo que el tenia que haber estado ayer ah\u00ed, mas all\u00e1 de que no se que tenga pero si vuela a Argentina puede volar a Honduras, son las cosas que a nosotros de repente no nos caen bien\u201d, se\u00f1al\u00f3 en entrevista para la cadena ESPN. <\/p>\n\n\n\n<p>El nombre del \u201cPiojo\u201d sigue sonando como el posible sustituto de Martino en caso de que el estratega salga del Tri, algo que ilusiona al timonel mexicano. <\/p>\n\n\n\n<p>\u201cSinceramente mi cabeza est\u00e1 cien por ciento con Tigres, quiero ganar algo importante ac\u00e1, tambi\u00e9n lo he dicho, nunca le voy a decir que no a la selecci\u00f3n pero hoy no pasa por mi, yo tengo un contrato con la gente de Tigres y si hay alguna circunstancia la federaci\u00f3n primero tendr\u00e1 que hablar con la gente de Tigres para ver c\u00f3mo se ponen de acuerdo, yo en este momento mi cabeza est\u00e1 pensando en preparar el partido Tigres-Tijuana\u201d, a\u00f1adi\u00f3. <\/p>\n\n\n\n<p>Herrera reconoci\u00f3 que no le agrada del todo el trabajo del \u201cTata\u201d al frente de la selecci\u00f3n, pero reconoci\u00f3 que el objetivo mundialista cada vez est\u00e1 m\u00e1s cerca. <\/p>\n\n\n\n<p>\u201cYo no le veo muchas variantes al equipo, pero reitero \u00e9l lo ha trabajado, el ha conseguido un objetivo por el cual se contrata un t\u00e9cnico que es calificar al Mundial, \u00e9l lo tiene calificado, est\u00e1 a las puertas del Mundial de Qatar, ser\u00eda realmente una tragedia la que tendr\u00eda que suceder (para quedar fuera)&#8221;, finaliz\u00f3.<\/p>\n\n\n\n<p><\/p>\n\n\n\n<p><\/p>\n\n\n\n<figure class=\"wp-block-embed-youtube wp-block-embed is-type-video is-provider-youtube wp-embed-aspect-16-9 wp-has-aspect-ratio\"><div class=\"wp-block-embed__wrapper\">\n<iframe loading=\"lazy\" title=\"Tab Ramos | Solo Tigres #23 | Entrevista\" width=\"960\" height=\"540\" src=\"https:\/\/www.youtube.com\/embed\/m8MCR2NPAz4?feature=oembed\" frameborder=\"0\" allow=\"accelerometer; autoplay; clipboard-write; encrypted-media; gyroscope; picture-in-picture\" allowfullscreen><\/iframe>\n<\/div><\/figure>\n\n\n\n<p><\/p>\n\n\n<p><script async=\"\" src=\"https:\/\/pagead2.googlesyndication.com\/pagead\/js\/adsbygoogle.js\"><\/script><br \/>\n<!-- PC 728x90 --><br \/>\n<ins class=\"adsbygoogle\" style=\"display:inline-block;width:728px;height:90px\" data-ad-client=\"ca-pub-9427576701762839\" data-ad-slot=\"1011393878\"><\/ins><br \/>\n<script>\n(adsbygoogle = window.adsbygoogle || []).push({});\n<\/script><\/p>\n\n\n\n<p><\/p>\n\n\n\n<p><\/p>\n\n\n\n<p><strong>\u00a1No te lo\npuedes perder!<\/strong><\/p>\n\n\n\n<p><strong><a href=\"https:\/\/bit.ly\/3tSmbgA\">HORARIO Y D\u00d3NDE VER: JORNADA 12 LIGA MX<\/a><\/strong><\/p>\n\n\n\n<p><strong><a href=\"https:\/\/bit.ly\/3uGB5WI\">HORARIO Y D\u00d3NDE VER: JORNADA 14 LIGA MX FEMENIL<\/a><\/strong><\/p>\n\n\n\n<p><\/p>\n\n\n\n<p><\/p>\n\n\n\n<figure class=\"wp-block-image size-large\"><a href=\"https:\/\/www.expobaby.mx\"><img decoding=\"async\" src=\"http:\/\/latribunera.com\/apuntes\/wp-content\/uploads\/2022\/03\/2AF38C2F-3331-425C-9A2F-2E4A32BAD817.jpeg\" alt=\"\" class=\"wp-image-31985\"\/><\/a><\/figure>\n","protected":false},"excerpt":{"rendered":"<p>STAFF Si el t\u00e9cnico de la Selecci\u00f3n Mexicana, Gerardo Martino, no est\u00e1 al cien por ciento de su salud entonces tendr\u00eda que hacerse a un lado, afirm\u00f3 su hom\u00f3logo de Tigres, Miguel Herrera, quien adem\u00e1s no ocult\u00f3 su molestia por la ausencia del \u201cTata\u201d en la banca en el pasado partido ante Honduras. \u201cNos brinca&#8230; <\/p>\n<div class=\"clear\"><\/div>\n<p><a href=\"https:\/\/latribunera.com\/apuntes\/index.php\/2022\/03\/29\/miguel-herrera-no-le-cierra-las-puertas-a-la-seleccion-mexicana\/\" class=\"excerpt-read-more\">Read More<i class=\"fa fa-caret-right icon-caret-right\"><\/i><\/a><\/p>\n","protected":false},"author":4,"featured_media":31956,"comment_status":"open","ping_status":"open","sticky":false,"template":"","format":"standard","meta":{"_jetpack_memberships_contains_paid_content":false,"footnotes":""},"categories":[231],"tags":[389,266],"class_list":["post-31952","post","type-post","status-publish","format-standard","has-post-thumbnail","hentry","category-apuntes","tag-miguel-herrera","tag-seleccion-mexicana"],"jetpack_featured_media_url":"https:\/\/latribunera.com\/apuntes\/wp-content\/uploads\/2022\/03\/Dise\u00f1o-sin-t\u00edtulo-98.jpg","jetpack-related-posts":[{"id":45386,"url":"https:\/\/latribunera.com\/apuntes\/index.php\/2026\/03\/11\/santos-launa-impulsa-mejoras-en-la-infraestructura-de-tsm-y-estadio-corona\/","url_meta":{"origin":31952,"position":0},"title":"Santos Laguna impulsa mejoras en la infraestructura de TSM y Estadio Corona","author":"Jacob Alarcon","date":"11 marzo, 2026","format":false,"excerpt":"Club Santos Laguna lleva a cabo una serie de reformas y mejoras en la infraestructura de TerritorioSantos Modelo y del Estadio Corona, con el objetivo de impulsar la innovaci\u00f3n tecnol\u00f3gica, lasostenibilidad y la modernizaci\u00f3n de sus espacios.Con estas acciones, el club contin\u00faa fortaleciendo la experiencia de sus aficionados yactualizando sus\u2026","rel":"","context":"In &quot;Pasi\u00f3n Guerrera&quot;","block_context":{"text":"Pasi\u00f3n Guerrera","link":"https:\/\/latribunera.com\/apuntes\/index.php\/category\/tribus\/pasionguerrera\/"},"img":{"alt_text":"","src":"https:\/\/i0.wp.com\/latribunera.com\/apuntes\/wp-content\/uploads\/2026\/03\/Renovacion-TSM.jpg?resize=350%2C200&ssl=1","width":350,"height":200,"srcset":"https:\/\/i0.wp.com\/latribunera.com\/apuntes\/wp-content\/uploads\/2026\/03\/Renovacion-TSM.jpg?resize=350%2C200&ssl=1 1x, https:\/\/i0.wp.com\/latribunera.com\/apuntes\/wp-content\/uploads\/2026\/03\/Renovacion-TSM.jpg?resize=525%2C300&ssl=1 1.5x, https:\/\/i0.wp.com\/latribunera.com\/apuntes\/wp-content\/uploads\/2026\/03\/Renovacion-TSM.jpg?resize=700%2C400&ssl=1 2x, https:\/\/i0.wp.com\/latribunera.com\/apuntes\/wp-content\/uploads\/2026\/03\/Renovacion-TSM.jpg?resize=1050%2C600&ssl=1 3x, https:\/\/i0.wp.com\/latribunera.com\/apuntes\/wp-content\/uploads\/2026\/03\/Renovacion-TSM.jpg?resize=1400%2C800&ssl=1 4x"},"classes":[]}],"jetpack_sharing_enabled":true,"_links":{"self":[{"href":"https:\/\/latribunera.com\/apuntes\/index.php\/wp-json\/wp\/v2\/posts\/31952","targetHints":{"allow":["GET"]}}],"collection":[{"href":"https:\/\/latribunera.com\/apuntes\/index.php\/wp-json\/wp\/v2\/posts"}],"about":[{"href":"https:\/\/latribunera.com\/apuntes\/index.php\/wp-json\/wp\/v2\/types\/post"}],"author":[{"embeddable":true,"href":"https:\/\/latribunera.com\/apuntes\/index.php\/wp-json\/wp\/v2\/users\/4"}],"replies":[{"embeddable":true,"href":"https:\/\/latribunera.com\/apuntes\/index.php\/wp-json\/wp\/v2\/comments?post=31952"}],"version-history":[{"count":7,"href":"https:\/\/latribunera.com\/apuntes\/index.php\/wp-json\/wp\/v2\/posts\/31952\/revisions"}],"predecessor-version":[{"id":32005,"href":"https:\/\/latribunera.com\/apuntes\/index.php\/wp-json\/wp\/v2\/posts\/31952\/revisions\/32005"}],"wp:featuredmedia":[{"embeddable":true,"href":"https:\/\/latribunera.com\/apuntes\/index.php\/wp-json\/wp\/v2\/media\/31956"}],"wp:attachment":[{"href":"https:\/\/latribunera.com\/apuntes\/index.php\/wp-json\/wp\/v2\/media?parent=31952"}],"wp:term":[{"taxonomy":"category","embeddable":true,"href":"https:\/\/latribunera.com\/apuntes\/index.php\/wp-json\/wp\/v2\/categories?post=31952"},{"taxonomy":"post_tag","embeddable":true,"href":"https:\/\/latribunera.com\/apuntes\/index.php\/wp-json\/wp\/v2\/tags?post=31952"}],"curies":[{"name":"wp","href":"https:\/\/api.w.org\/{rel}","templated":true}]}}