{"id":32165,"date":"2022-04-01T06:56:40","date_gmt":"2022-04-01T06:56:40","guid":{"rendered":"http:\/\/latribunera.com\/apuntes\/?p=32165"},"modified":"2022-04-02T19:35:06","modified_gmt":"2022-04-02T19:35:06","slug":"las-noches-magicas-de-la-uefa-womens-champions-league","status":"publish","type":"post","link":"https:\/\/latribunera.com\/apuntes\/index.php\/2022\/04\/01\/las-noches-magicas-de-la-uefa-womens-champions-league\/","title":{"rendered":"Las noches m\u00e1gicas de la Uefa Women&#8217;s Champions League"},"content":{"rendered":"\n<p><\/p>\n\n\n\n<p><\/p>\n\n\n\n<figure class=\"wp-block-image size-large\"><img loading=\"lazy\" decoding=\"async\" width=\"728\" height=\"90\" src=\"http:\/\/latribunera.com\/apuntes\/wp-content\/uploads\/2022\/03\/Hospital-728x90-.jpg\" alt=\"\" class=\"wp-image-32037\"\/><\/figure>\n\n\n\n<p><\/p>\n\n\n\n<p><\/p>\n\n\n\n<p>Pasaron m\u00e1s de cincuenta a\u00f1os para que, el Camp Nou albergara un partido de f\u00fatbol femenil. Bajo la mirada de m\u00e1s de 91 mil personas en las gradas, adem\u00e1s de las miles que se unieron a la transmisi\u00f3n, el Bar\u00e7a se llev\u00f3, por tercera vez consecutiva, el Cl\u00e1sico. Una rivalidad que, cada vez muestra mayor intensidad en la rama femenil, y que sigue probando lo mucho que disfruta la afici\u00f3n de este encuentro. Una fiesta blaugrana que, tuvo momentos agridulces, como los goles de Carmona y Zonorza, quien marc\u00f3 casi desde medio campo. Sin embargo, Graham y Aitana organizaron el juego del Barcelona, generando oportunidades y jugadas de lujo. Junto a ellas, Mapi, Claudia y Alexia, firmaron el cinco a dos definitivo y un nuevo boleto a Semifinales. Aunque con una actuaci\u00f3n moderada, Putellas fue ovacionada por un Camp Nou que, no dudo en rendirse ante la m\u00e1xima referente del barcelonismo en la actualidad. <\/p>\n\n\n\n<p>A unas horas de vuelo,\nen Par\u00eds, la afici\u00f3n en el Parque de los Pr\u00edncipes hizo lo propio con el PSG, a\nquienes alentaron por m\u00e1s de noventa minutos. Aunque la noche aparentaba\nmarchar seg\u00fan lo pronosticado tras el gol de Baltimore, un par de minutos\ndespu\u00e9s, lleg\u00f3 el empate de las b\u00e1varas, gracias a la futbolista m\u00e1s l\u00fadica del\nBayern, Saki Kumagai. No obstante, el drama comenzar\u00eda durante la segunda\nmitad, en la que Sch\u00fcller pondr\u00eda el global tres a tres. Un partido sumamente vertical,\ncon muy pocas acciones en medio campo. Del lado del Bayern, B\u00fchl y Magull\nser\u00edan las m\u00e1s participativas a la hora de aprovechar las bandas, sobre todo\npor el costado derecho. Mientras, Katoto y Geyoro romp\u00edan el partido a\nvelocidad a favor de las parisinas. Irremediablemente, con una buena actuaci\u00f3n\nde Vot\u00edk\u00f3va y Leitzig bajo los tres palos, el encuentro se prolong\u00f3 media hora.\nAs\u00ed, hasta al minuto 112\u2019, aparecer\u00eda Bachmann, con un gol para escandalizar a\ntodo el estadio. <\/p>\n\n\n\n<p>En la Wolfsburg Arena,\nlas W\u00f6lfinnen, por s\u00e9ptima ocasi\u00f3n desde su debut en Champions, avanzan a\nsemifinales. Una primera mitad en la que las alemanas demostraron su superioridad\nf\u00edsica, con presiones altas y marcaciones intensas. Vivianne Miedema sufri\u00f3 la\nmayor parte del encuentro, siempre recibiendo de espalada a la porter\u00eda y\nretrocediendo su posici\u00f3n hasta casi por debajo de medio cancha. En cambio,\nHuth y J\u00f3nsd\u00f3ttir, lograron correr con suma libertad por todo el campo rival.\nLos dos tantos que dan al Wolfsburg la victoria en la serie fueron resultado de\nuna mala defensa del Arsenal, acosado constantemente en su \u00e1rea. Durante la\nprimera mitad, Roord remat\u00f3 un bal\u00f3n suelto en el \u00e1rea chica tras un cobro de\nesquina. Ya en la segunda parte, Williamson desviar\u00eda el esf\u00e9rico hacia su propia\npuerta, sellando el tres a uno global. Partido dif\u00edcil para las Gunners, en el\nque solo Little pudo lucir un par de veces. <\/p>\n\n\n\n<p>Finalmente, despu\u00e9s de\nun resultado inesperado en el partido de ida, la Juventus se despide del sue\u00f1o\nde jugar una final de UWCL como locales. Sin duda, la historia pesa, y las\nheptacampeones han hecho valer su dominio europeo. A la media hora de juego,\nuna de las mejores en la historia, Ada Hegerberg, abri\u00f3 el marcador en favor de\nlas Lyonnais rompiendo las redes con un cabezazo implacable. Minutos despu\u00e9s,\nMalard pondr\u00eda el tanto de la ventaja, con Macario asegurando la victoria al\nminuto 73\u2019. Tres goles arriba, el OL comenzaba a festejar, sin que aquello le\nevitara sufrir durante los \u00faltimos instantes del encuentro. Los buenos minutos\nde juego que logr\u00f3 demostrar la Juve se vieron compensados al 87\u2019 de tiempo\ncorrido. Demasiado tarde para unas Bioanconeri que, deben salir con la cabeza\nen alto, habiendo exigido su m\u00e1ximo a un equipo como el dirigido por Sonia\nBompastor. <\/p>\n\n\n\n<p>Una temporada m\u00e1s, Francia ha demostrado ser una de las ligas m\u00e1s fuertes a nivel continental, con dos representantes instaladas en semifinales. Igual de relevante, es el m\u00e9rito el de las W\u00f6lfinnen que, pese a los altibajos sufridos en campa\u00f1as recientes, se mantiene como un equipo referente de este torneo. Un t\u00edtulo que comparte con el Barcelona que, temporada tras temporada, hace m\u00e1s grande su historia en la UWCL. Cuatro equipos que ocupan un lugar especial entre la afici\u00f3n, con un solo objetivo en mente: Tur\u00edn. En el caso de las francesas, el OL estar\u00e1 buscando su d\u00e9cima final, mientras el PSG querr\u00e1 cumplir el sue\u00f1o de disputar aquel \u00faltimo partido. Del otro lado, Wolfsburg y Bar\u00e7a, despu\u00e9s de aquel dram\u00e1tico episodio en 2019, donde las cul\u00e9s terminaron fueran, se vuelven a medir en semifinales. Ahora, la m\u00edtica frase de Alexia vuelve a la mente, aunque esta vez no solo se refiere al encuentro entre las alemanas y espa\u00f1olas, sino al f\u00fatbol europeo en general, donde los cuartos de final vividos avalan el dicho \u201cya no hay distancia\u201d. &nbsp;<\/p>\n\n\n\n<p><\/p>\n\n\n<p><script async=\"\" src=\"https:\/\/pagead2.googlesyndication.com\/pagead\/js\/adsbygoogle.js\"><\/script><br \/>\n<!-- PC 728x90 --><br \/>\n<ins class=\"adsbygoogle\" style=\"display:inline-block;width:728px;height:90px\" data-ad-client=\"ca-pub-9427576701762839\" data-ad-slot=\"1011393878\"><\/ins><br \/>\n<script>\n(adsbygoogle = window.adsbygoogle || []).push({});\n<\/script><\/p>\n\n\n\n<figure class=\"wp-block-embed-twitter wp-block-embed is-type-rich is-provider-twitter\"><div class=\"wp-block-embed__wrapper\">\n<blockquote class=\"twitter-tweet\" data-width=\"550\" data-dnt=\"true\"><p lang=\"en\" dir=\"ltr\">\ud83e\udd41 Your <a href=\"https:\/\/twitter.com\/hashtag\/UWCL?src=hash&amp;ref_src=twsrc%5Etfw\">#UWCL<\/a> \ud835\ude4e\ud835\ude40\ud835\ude48\ud835\ude44-\ud835\ude41\ud835\ude44\ud835\ude49\ud835\ude3c\ud835\ude47\ud835\ude44\ud835\ude4e\ud835\ude4f\ud835\ude4e \ud83c\udf89 <br><br>Who&#39;ll reach the final in Turin? \ud83c\udfc6 <a href=\"https:\/\/t.co\/uIRT8KByoq\">pic.twitter.com\/uIRT8KByoq<\/a><\/p>&mdash; UEFA Women\u2019s Champions League (@UWCL) <a href=\"https:\/\/twitter.com\/UWCL\/status\/1509640015609008131?ref_src=twsrc%5Etfw\">March 31, 2022<\/a><\/blockquote><script async src=\"https:\/\/platform.twitter.com\/widgets.js\" charset=\"utf-8\"><\/script>\n<\/div><\/figure>\n\n\n\n<p><\/p>\n\n\n\n<p><\/p>\n\n\n\n<figure class=\"wp-block-image size-large\"><a href=\"https:\/\/www.expobaby.mx\"><img loading=\"lazy\" decoding=\"async\" width=\"728\" height=\"90\" src=\"http:\/\/latribunera.com\/apuntes\/wp-content\/uploads\/2022\/03\/Hospital-728x90-.jpg\" alt=\"\" class=\"wp-image-32037\"\/><\/a><\/figure>\n\n\n<p><script async=\"\" src=\"https:\/\/pagead2.googlesyndication.com\/pagead\/js\/adsbygoogle.js\"><\/script><br \/>\n<!-- PC 728x90 --><br \/>\n<ins class=\"adsbygoogle\" style=\"display:inline-block;width:728px;height:90px\" data-ad-client=\"ca-pub-9427576701762839\" data-ad-slot=\"1011393878\"><\/ins><br \/>\n<script>\n(adsbygoogle = window.adsbygoogle || []).push({});\n<\/script><\/p>\n","protected":false},"excerpt":{"rendered":"<p>Pasaron m\u00e1s de cincuenta a\u00f1os para que, el Camp Nou albergara un partido de f\u00fatbol femenil. Bajo la mirada de m\u00e1s de 91 mil personas en las gradas, adem\u00e1s de las miles que se unieron a la transmisi\u00f3n, el Bar\u00e7a se llev\u00f3, por tercera vez consecutiva, el Cl\u00e1sico. Una rivalidad que, cada vez muestra mayor&#8230; <\/p>\n<div class=\"clear\"><\/div>\n<p><a href=\"https:\/\/latribunera.com\/apuntes\/index.php\/2022\/04\/01\/las-noches-magicas-de-la-uefa-womens-champions-league\/\" class=\"excerpt-read-more\">Read More<i class=\"fa fa-caret-right icon-caret-right\"><\/i><\/a><\/p>\n","protected":false},"author":17,"featured_media":32168,"comment_status":"open","ping_status":"open","sticky":false,"template":"","format":"standard","meta":{"_jetpack_memberships_contains_paid_content":false,"footnotes":""},"categories":[231,281],"tags":[436],"class_list":["post-32165","post","type-post","status-publish","format-standard","has-post-thumbnail","hentry","category-apuntes","category-mujerfutbol","tag-futbol-internacional"],"jetpack_featured_media_url":"https:\/\/latribunera.com\/apuntes\/wp-content\/uploads\/2022\/04\/Dise\u00f1o-sin-t\u00edtulo-1.jpg","jetpack-related-posts":[{"id":45421,"url":"https:\/\/latribunera.com\/apuntes\/index.php\/2026\/04\/16\/todo-listo-para-la-14va-edicion-de-la-copa-internacional-santos-penoles\/","url_meta":{"origin":32165,"position":0},"title":"Todo listo para la 14va edici\u00f3n de la Copa Internacional Santos Pe\u00f1oles","author":"Jacob Alarcon","date":"16 abril, 2026","format":false,"excerpt":"Este jueves, en el Auditorio Orlegi de Territorio Santos Modelo, se llev\u00f3 a cabo la presentaci\u00f3noficial de la edici\u00f3n 2026 de la Copa Internacional Santos Pe\u00f1oles, torneo que se ha consolidadocomo uno de los m\u00e1s importantes a nivel infantil y juvenil en M\u00e9xico. Adem\u00e1s de brindar una competencia deportiva de\u2026","rel":"","context":"In &quot;Sin categor\u00eda&quot;","block_context":{"text":"Sin categor\u00eda","link":"https:\/\/latribunera.com\/apuntes\/index.php\/category\/sin-categoria\/"},"img":{"alt_text":"","src":"https:\/\/i0.wp.com\/latribunera.com\/apuntes\/wp-content\/uploads\/2026\/04\/Presentacion-Copa-Santos-Penoles.jpg?resize=350%2C200&ssl=1","width":350,"height":200,"srcset":"https:\/\/i0.wp.com\/latribunera.com\/apuntes\/wp-content\/uploads\/2026\/04\/Presentacion-Copa-Santos-Penoles.jpg?resize=350%2C200&ssl=1 1x, https:\/\/i0.wp.com\/latribunera.com\/apuntes\/wp-content\/uploads\/2026\/04\/Presentacion-Copa-Santos-Penoles.jpg?resize=525%2C300&ssl=1 1.5x, https:\/\/i0.wp.com\/latribunera.com\/apuntes\/wp-content\/uploads\/2026\/04\/Presentacion-Copa-Santos-Penoles.jpg?resize=700%2C400&ssl=1 2x, https:\/\/i0.wp.com\/latribunera.com\/apuntes\/wp-content\/uploads\/2026\/04\/Presentacion-Copa-Santos-Penoles.jpg?resize=1050%2C600&ssl=1 3x, https:\/\/i0.wp.com\/latribunera.com\/apuntes\/wp-content\/uploads\/2026\/04\/Presentacion-Copa-Santos-Penoles.jpg?resize=1400%2C800&ssl=1 4x"},"classes":[]},{"id":45386,"url":"https:\/\/latribunera.com\/apuntes\/index.php\/2026\/03\/11\/santos-launa-impulsa-mejoras-en-la-infraestructura-de-tsm-y-estadio-corona\/","url_meta":{"origin":32165,"position":1},"title":"Santos Laguna impulsa mejoras en la infraestructura de TSM y Estadio Corona","author":"Jacob Alarcon","date":"11 marzo, 2026","format":false,"excerpt":"Club Santos Laguna lleva a cabo una serie de reformas y mejoras en la infraestructura de TerritorioSantos Modelo y del Estadio Corona, con el objetivo de impulsar la innovaci\u00f3n tecnol\u00f3gica, lasostenibilidad y la modernizaci\u00f3n de sus espacios.Con estas acciones, el club contin\u00faa fortaleciendo la experiencia de sus aficionados yactualizando sus\u2026","rel":"","context":"In &quot;Pasi\u00f3n Guerrera&quot;","block_context":{"text":"Pasi\u00f3n Guerrera","link":"https:\/\/latribunera.com\/apuntes\/index.php\/category\/tribus\/pasionguerrera\/"},"img":{"alt_text":"","src":"https:\/\/i0.wp.com\/latribunera.com\/apuntes\/wp-content\/uploads\/2026\/03\/Renovacion-TSM.jpg?resize=350%2C200&ssl=1","width":350,"height":200,"srcset":"https:\/\/i0.wp.com\/latribunera.com\/apuntes\/wp-content\/uploads\/2026\/03\/Renovacion-TSM.jpg?resize=350%2C200&ssl=1 1x, https:\/\/i0.wp.com\/latribunera.com\/apuntes\/wp-content\/uploads\/2026\/03\/Renovacion-TSM.jpg?resize=525%2C300&ssl=1 1.5x, https:\/\/i0.wp.com\/latribunera.com\/apuntes\/wp-content\/uploads\/2026\/03\/Renovacion-TSM.jpg?resize=700%2C400&ssl=1 2x, https:\/\/i0.wp.com\/latribunera.com\/apuntes\/wp-content\/uploads\/2026\/03\/Renovacion-TSM.jpg?resize=1050%2C600&ssl=1 3x, https:\/\/i0.wp.com\/latribunera.com\/apuntes\/wp-content\/uploads\/2026\/03\/Renovacion-TSM.jpg?resize=1400%2C800&ssl=1 4x"},"classes":[]},{"id":45392,"url":"https:\/\/latribunera.com\/apuntes\/index.php\/2026\/04\/09\/se-presento-la-13va-edicion-del-guerreton\/","url_meta":{"origin":32165,"position":2},"title":"Se presento la 13va edici\u00f3n del Guerret\u00f3n.","author":"Staff","date":"9 abril, 2026","format":false,"excerpt":"A lo largo de sus primeras 12 ediciones, Guerret\u00f3n ha logrado recolectar m\u00e1s de 121,500juguetes, peluches y balones, beneficiando a diversas asociaciones e instituciones de laregi\u00f3n lagunera, entre ellas CRIT Durango, los sistemas DIF de distintos municipios, as\u00edcomo organizaciones educativas y asistenciales. A la fecha, se han instalado cuatro ludotecas\u2026","rel":"","context":"In &quot;Ganar Sirviendo&quot;","block_context":{"text":"Ganar Sirviendo","link":"https:\/\/latribunera.com\/apuntes\/index.php\/category\/futbol\/futbol-mexicano\/ganar-sirviendo\/"},"img":{"alt_text":"","src":"https:\/\/i0.wp.com\/latribunera.com\/apuntes\/wp-content\/uploads\/2026\/04\/9Guerreton-2026-2.jpg.jpeg?resize=350%2C200&ssl=1","width":350,"height":200,"srcset":"https:\/\/i0.wp.com\/latribunera.com\/apuntes\/wp-content\/uploads\/2026\/04\/9Guerreton-2026-2.jpg.jpeg?resize=350%2C200&ssl=1 1x, https:\/\/i0.wp.com\/latribunera.com\/apuntes\/wp-content\/uploads\/2026\/04\/9Guerreton-2026-2.jpg.jpeg?resize=525%2C300&ssl=1 1.5x, https:\/\/i0.wp.com\/latribunera.com\/apuntes\/wp-content\/uploads\/2026\/04\/9Guerreton-2026-2.jpg.jpeg?resize=700%2C400&ssl=1 2x, https:\/\/i0.wp.com\/latribunera.com\/apuntes\/wp-content\/uploads\/2026\/04\/9Guerreton-2026-2.jpg.jpeg?resize=1050%2C600&ssl=1 3x, https:\/\/i0.wp.com\/latribunera.com\/apuntes\/wp-content\/uploads\/2026\/04\/9Guerreton-2026-2.jpg.jpeg?resize=1400%2C800&ssl=1 4x"},"classes":[]}],"jetpack_sharing_enabled":true,"_links":{"self":[{"href":"https:\/\/latribunera.com\/apuntes\/index.php\/wp-json\/wp\/v2\/posts\/32165","targetHints":{"allow":["GET"]}}],"collection":[{"href":"https:\/\/latribunera.com\/apuntes\/index.php\/wp-json\/wp\/v2\/posts"}],"about":[{"href":"https:\/\/latribunera.com\/apuntes\/index.php\/wp-json\/wp\/v2\/types\/post"}],"author":[{"embeddable":true,"href":"https:\/\/latribunera.com\/apuntes\/index.php\/wp-json\/wp\/v2\/users\/17"}],"replies":[{"embeddable":true,"href":"https:\/\/latribunera.com\/apuntes\/index.php\/wp-json\/wp\/v2\/comments?post=32165"}],"version-history":[{"count":4,"href":"https:\/\/latribunera.com\/apuntes\/index.php\/wp-json\/wp\/v2\/posts\/32165\/revisions"}],"predecessor-version":[{"id":32248,"href":"https:\/\/latribunera.com\/apuntes\/index.php\/wp-json\/wp\/v2\/posts\/32165\/revisions\/32248"}],"wp:featuredmedia":[{"embeddable":true,"href":"https:\/\/latribunera.com\/apuntes\/index.php\/wp-json\/wp\/v2\/media\/32168"}],"wp:attachment":[{"href":"https:\/\/latribunera.com\/apuntes\/index.php\/wp-json\/wp\/v2\/media?parent=32165"}],"wp:term":[{"taxonomy":"category","embeddable":true,"href":"https:\/\/latribunera.com\/apuntes\/index.php\/wp-json\/wp\/v2\/categories?post=32165"},{"taxonomy":"post_tag","embeddable":true,"href":"https:\/\/latribunera.com\/apuntes\/index.php\/wp-json\/wp\/v2\/tags?post=32165"}],"curies":[{"name":"wp","href":"https:\/\/api.w.org\/{rel}","templated":true}]}}