{"id":32297,"date":"2022-04-03T04:33:03","date_gmt":"2022-04-03T04:33:03","guid":{"rendered":"http:\/\/latribunera.com\/apuntes\/?p=32297"},"modified":"2022-04-04T16:12:49","modified_gmt":"2022-04-04T16:12:49","slug":"ex-tigre-sigue-triunfando-en-brasil","status":"publish","type":"post","link":"https:\/\/latribunera.com\/apuntes\/index.php\/2022\/04\/03\/ex-tigre-sigue-triunfando-en-brasil\/","title":{"rendered":"EX TIGRE SIGUE TRIUNFANDO EN BRASIL"},"content":{"rendered":"\n<p><\/p>\n\n\n\n<p><\/p>\n\n\n\n<figure class=\"wp-block-image size-large\"><a href=\"https:\/\/www.expobaby.mx\"><img loading=\"lazy\" decoding=\"async\" width=\"728\" height=\"90\" src=\"http:\/\/latribunera.com\/apuntes\/wp-content\/uploads\/2022\/03\/Hospital-728x90-.jpg\" alt=\"\" class=\"wp-image-32037\"\/><\/a><\/figure>\n\n\n\n<p><\/p>\n\n\n\n<p><\/p>\n\n\n\n<p>Por: Ren\u00e9 Fern\u00e1ndez | Twitter: @Renefdz<\/p>\n\n\n\n<p>El ex tigre Eduardo Vargas la sigue rompiendo en el f\u00fatbol brasile\u00f1o.<\/p>\n\n\n\n<p>\u201cTurboman\u201d, recordado por toda la afici\u00f3n felina por el gol que marc\u00f3 en la final regia del Apertura 2017 y que a la postre sirvi\u00f3 para la conquista de la sexta estrella en la historia del club, obtuvo su quinto t\u00edtulo con el Atl\u00e9tico Mineiro. <\/p>\n\n\n\n<p>Si bien no estuvo dentro de los convocados por el t\u00e9cnico Antonio Mohamed, el chileno de todas formas puede presumir haber ganado el campeonato estadual luego de que su equipo venci\u00f3 3-1 al Cruzeiro. <\/p>\n\n\n\n<p>Estos son los t\u00edtulos que el ex tigre Eduardo Vargas ha ganado con el gigante sudamericano. <\/p>\n\n\n\n<p>2 Mineirao<br>\n1 Brasileirao<br>\n1 Copa de Brasil<br>\n1 S\u00faper Copa de Brasil<\/p>\n\n\n\n<p>\u00bfLo extra\u00f1an incomparables?<\/p>\n\n\n<p><script async=\"\" src=\"https:\/\/pagead2.googlesyndication.com\/pagead\/js\/adsbygoogle.js\"><\/script><br \/>\n<!-- PC 728x90 --><br \/>\n<ins class=\"adsbygoogle\" style=\"display:inline-block;width:728px;height:90px\" data-ad-client=\"ca-pub-9427576701762839\" data-ad-slot=\"1011393878\"><\/ins><br \/>\n<script>\n     (adsbygoogle = window.adsbygoogle || []).push({});\n<\/script><\/p>\n\n\n\n<figure class=\"wp-block-embed-youtube wp-block-embed is-type-video is-provider-youtube wp-embed-aspect-16-9 wp-has-aspect-ratio\"><div class=\"wp-block-embed__wrapper\">\n<iframe loading=\"lazy\" title=\"Tab Ramos | Solo Tigres #23 | Entrevista\" width=\"960\" height=\"540\" src=\"https:\/\/www.youtube.com\/embed\/m8MCR2NPAz4?feature=oembed\" frameborder=\"0\" allow=\"accelerometer; autoplay; clipboard-write; encrypted-media; gyroscope; picture-in-picture\" allowfullscreen><\/iframe>\n<\/div><\/figure>\n\n\n\n<figure class=\"wp-block-embed-spotify wp-block-embed is-type-rich is-provider-spotify wp-embed-aspect-21-9 wp-has-aspect-ratio\"><div class=\"wp-block-embed__wrapper\">\n<iframe loading=\"lazy\" title=\"Spotify Embed: Tab Ramos. Solo Tigres #23\" style=\"border-radius: 12px\" width=\"100%\" height=\"152\" frameborder=\"0\" allowfullscreen allow=\"autoplay; clipboard-write; encrypted-media; fullscreen; picture-in-picture\" src=\"https:\/\/open.spotify.com\/embed\/episode\/4JN4EqgxAQwPEvxJ7Dekq8?si=zB2yT2RRQm2qHFim6AdfqA&#038;utm_source=oembed\"><\/iframe>\n<\/div><\/figure>\n\n\n\n<figure class=\"wp-block-image\"><a href=\"https:\/\/www.expobaby.mx\"><img decoding=\"async\" src=\"http:\/\/latribunera.com\/apuntes\/wp-content\/uploads\/2022\/03\/Hospital-728x90-.jpg\" alt=\"Esta imagen tiene un atributo ALT vac\u00edo; su nombre de archivo es Hospital-728x90-.jpg\"\/><\/a><\/figure>\n","protected":false},"excerpt":{"rendered":"<p>Por: Ren\u00e9 Fern\u00e1ndez | Twitter: @Renefdz El ex tigre Eduardo Vargas la sigue rompiendo en el f\u00fatbol brasile\u00f1o. \u201cTurboman\u201d, recordado por toda la afici\u00f3n felina por el gol que marc\u00f3 en la final regia del Apertura 2017 y que a la postre sirvi\u00f3 para la conquista de la sexta estrella en la historia del club,&#8230; <\/p>\n<div class=\"clear\"><\/div>\n<p><a href=\"https:\/\/latribunera.com\/apuntes\/index.php\/2022\/04\/03\/ex-tigre-sigue-triunfando-en-brasil\/\" class=\"excerpt-read-more\">Read More<i class=\"fa fa-caret-right icon-caret-right\"><\/i><\/a><\/p>\n","protected":false},"author":57,"featured_media":32300,"comment_status":"open","ping_status":"open","sticky":false,"template":"","format":"standard","meta":{"_jetpack_memberships_contains_paid_content":false,"footnotes":""},"categories":[231,278],"tags":[494,102],"class_list":["post-32297","post","type-post","status-publish","format-standard","has-post-thumbnail","hentry","category-apuntes","category-solotigres","tag-eduardo-vargas","tag-tigres"],"jetpack_featured_media_url":"https:\/\/latribunera.com\/apuntes\/wp-content\/uploads\/2022\/04\/Dise\u00f1o-sin-t\u00edtulo-13.jpg","jetpack-related-posts":[],"jetpack_sharing_enabled":true,"_links":{"self":[{"href":"https:\/\/latribunera.com\/apuntes\/index.php\/wp-json\/wp\/v2\/posts\/32297","targetHints":{"allow":["GET"]}}],"collection":[{"href":"https:\/\/latribunera.com\/apuntes\/index.php\/wp-json\/wp\/v2\/posts"}],"about":[{"href":"https:\/\/latribunera.com\/apuntes\/index.php\/wp-json\/wp\/v2\/types\/post"}],"author":[{"embeddable":true,"href":"https:\/\/latribunera.com\/apuntes\/index.php\/wp-json\/wp\/v2\/users\/57"}],"replies":[{"embeddable":true,"href":"https:\/\/latribunera.com\/apuntes\/index.php\/wp-json\/wp\/v2\/comments?post=32297"}],"version-history":[{"count":4,"href":"https:\/\/latribunera.com\/apuntes\/index.php\/wp-json\/wp\/v2\/posts\/32297\/revisions"}],"predecessor-version":[{"id":32361,"href":"https:\/\/latribunera.com\/apuntes\/index.php\/wp-json\/wp\/v2\/posts\/32297\/revisions\/32361"}],"wp:featuredmedia":[{"embeddable":true,"href":"https:\/\/latribunera.com\/apuntes\/index.php\/wp-json\/wp\/v2\/media\/32300"}],"wp:attachment":[{"href":"https:\/\/latribunera.com\/apuntes\/index.php\/wp-json\/wp\/v2\/media?parent=32297"}],"wp:term":[{"taxonomy":"category","embeddable":true,"href":"https:\/\/latribunera.com\/apuntes\/index.php\/wp-json\/wp\/v2\/categories?post=32297"},{"taxonomy":"post_tag","embeddable":true,"href":"https:\/\/latribunera.com\/apuntes\/index.php\/wp-json\/wp\/v2\/tags?post=32297"}],"curies":[{"name":"wp","href":"https:\/\/api.w.org\/{rel}","templated":true}]}}