{"id":32878,"date":"2022-04-11T20:38:42","date_gmt":"2022-04-11T20:38:42","guid":{"rendered":"http:\/\/latribunera.com\/apuntes\/?p=32878"},"modified":"2022-04-11T20:39:26","modified_gmt":"2022-04-11T20:39:26","slug":"hoy-todos-los-tigres-son-perros","status":"publish","type":"post","link":"https:\/\/latribunera.com\/apuntes\/index.php\/2022\/04\/11\/hoy-todos-los-tigres-son-perros\/","title":{"rendered":"HOY TODOS LOS TIGRES SON PERROS"},"content":{"rendered":"<p><script async=\"\" src=\"https:\/\/pagead2.googlesyndication.com\/pagead\/js\/adsbygoogle.js\"><\/script><br \/>\n<!-- PC 728x90 --><br \/>\n<ins class=\"adsbygoogle\" style=\"display:inline-block;width:728px;height:90px\" data-ad-client=\"ca-pub-9427576701762839\" data-ad-slot=\"1011393878\"><\/ins><br \/>\n<script>\n(adsbygoogle = window.adsbygoogle || []).push({});\n<\/script><\/p>\n\n\n\n<p><\/p>\n\n\n\n<p>Por: Ren\u00e9 Fern\u00e1ndez I Twitter: @Renefdz <\/p>\n\n\n\n<p>Hoy todos los Tigres apoyar\u00e1n a los Xolos de Tijuana. <\/p>\n\n\n\n<p>El conjunto fronterizo visitar\u00e1 al Pachuca en el \u00faltimo partido de la fecha n\u00famero 13 el cual en caso de que los Tuzos ganen provocar\u00eda que los felinos desciendan al segundo lugar de la tabla general. <\/p>\n\n\n\n<p>Con el triunfo sobre los Gallos Blancos, los felinos se colocaron moment\u00e1neamente como l\u00edderes de la competencia con 29 unidades, pero los de la Bella Airosa los siguen muy de cerca con 28 puntos. <\/p>\n\n\n\n<p>La mala noticia para los felinos es que los hidalguenses no conocen la derrota como locales en lo que va del torneo y los Xolos suman cinco derrotas en patio ajeno en sus \u00faltimas cinco salidas.<\/p>\n\n\n<p><script async=\"\" src=\"https:\/\/pagead2.googlesyndication.com\/pagead\/js\/adsbygoogle.js\"><\/script><br \/>\n<!-- PC 728x90 --><br \/>\n<ins class=\"adsbygoogle\" style=\"display:inline-block;width:728px;height:90px\" data-ad-client=\"ca-pub-9427576701762839\" data-ad-slot=\"1011393878\"><\/ins><br \/>\n<script>\n(adsbygoogle = window.adsbygoogle || []).push({});\n<\/script><\/p>\n\n\n\n<figure class=\"wp-block-embed-youtube wp-block-embed is-type-video is-provider-youtube wp-embed-aspect-16-9 wp-has-aspect-ratio\"><div class=\"wp-block-embed__wrapper\">\n<iframe loading=\"lazy\" title=\"Gabriel \u2018La Coca\u2019 Mendoza | Solo Tigres #24 | Entrevista\" width=\"960\" height=\"540\" src=\"https:\/\/www.youtube.com\/embed\/t2AqfuUknhc?feature=oembed\" frameborder=\"0\" allow=\"accelerometer; autoplay; clipboard-write; encrypted-media; gyroscope; picture-in-picture\" allowfullscreen><\/iframe>\n<\/div><\/figure>\n\n\n\n<figure class=\"wp-block-embed-spotify wp-block-embed is-type-rich is-provider-spotify wp-embed-aspect-21-9 wp-has-aspect-ratio\"><div class=\"wp-block-embed__wrapper\">\n<iframe loading=\"lazy\" title=\"Spotify Embed: Gabriel \u2018La Coca\u2019 Mendoza. Solo Tigres #24\" style=\"border-radius: 12px\" width=\"100%\" height=\"152\" frameborder=\"0\" allowfullscreen allow=\"autoplay; clipboard-write; encrypted-media; fullscreen; picture-in-picture\" src=\"https:\/\/open.spotify.com\/embed\/episode\/0Ysw0vPWWrIFH47UVsTuVd?si=78FCFfncQDWegLzkpgne7Q&#038;utm_source=oembed\"><\/iframe>\n<\/div><\/figure>\n","protected":false},"excerpt":{"rendered":"<p>Por: Ren\u00e9 Fern\u00e1ndez I Twitter: @Renefdz Hoy todos los Tigres apoyar\u00e1n a los Xolos de Tijuana. El conjunto fronterizo visitar\u00e1 al Pachuca en el \u00faltimo partido de la fecha n\u00famero 13 el cual en caso de que los Tuzos ganen provocar\u00eda que los felinos desciendan al segundo lugar de la tabla general. Con el triunfo&#8230; <\/p>\n<div class=\"clear\"><\/div>\n<p><a href=\"https:\/\/latribunera.com\/apuntes\/index.php\/2022\/04\/11\/hoy-todos-los-tigres-son-perros\/\" class=\"excerpt-read-more\">Read More<i class=\"fa fa-caret-right icon-caret-right\"><\/i><\/a><\/p>\n","protected":false},"author":57,"featured_media":32874,"comment_status":"open","ping_status":"open","sticky":false,"template":"","format":"standard","meta":{"_jetpack_memberships_contains_paid_content":false,"footnotes":""},"categories":[2,278],"tags":[74,326,102],"class_list":["post-32878","post","type-post","status-publish","format-standard","has-post-thumbnail","hentry","category-futbol-mexicano","category-solotigres","tag-liga-mx","tag-solo-tigres","tag-tigres"],"jetpack_featured_media_url":"https:\/\/latribunera.com\/apuntes\/wp-content\/uploads\/2022\/04\/WhatsApp-Image-2022-04-11-at-3.31.52-PM.jpeg","jetpack-related-posts":[{"id":45386,"url":"https:\/\/latribunera.com\/apuntes\/index.php\/2026\/03\/11\/santos-launa-impulsa-mejoras-en-la-infraestructura-de-tsm-y-estadio-corona\/","url_meta":{"origin":32878,"position":0},"title":"Santos Laguna impulsa mejoras en la infraestructura de TSM y Estadio Corona","author":"Jacob Alarcon","date":"11 marzo, 2026","format":false,"excerpt":"Club Santos Laguna lleva a cabo una serie de reformas y mejoras en la infraestructura de TerritorioSantos Modelo y del Estadio Corona, con el objetivo de impulsar la innovaci\u00f3n tecnol\u00f3gica, lasostenibilidad y la modernizaci\u00f3n de sus espacios.Con estas acciones, el club contin\u00faa fortaleciendo la experiencia de sus aficionados yactualizando sus\u2026","rel":"","context":"In &quot;Pasi\u00f3n Guerrera&quot;","block_context":{"text":"Pasi\u00f3n Guerrera","link":"https:\/\/latribunera.com\/apuntes\/index.php\/category\/tribus\/pasionguerrera\/"},"img":{"alt_text":"","src":"https:\/\/i0.wp.com\/latribunera.com\/apuntes\/wp-content\/uploads\/2026\/03\/Renovacion-TSM.jpg?resize=350%2C200&ssl=1","width":350,"height":200,"srcset":"https:\/\/i0.wp.com\/latribunera.com\/apuntes\/wp-content\/uploads\/2026\/03\/Renovacion-TSM.jpg?resize=350%2C200&ssl=1 1x, https:\/\/i0.wp.com\/latribunera.com\/apuntes\/wp-content\/uploads\/2026\/03\/Renovacion-TSM.jpg?resize=525%2C300&ssl=1 1.5x, https:\/\/i0.wp.com\/latribunera.com\/apuntes\/wp-content\/uploads\/2026\/03\/Renovacion-TSM.jpg?resize=700%2C400&ssl=1 2x, https:\/\/i0.wp.com\/latribunera.com\/apuntes\/wp-content\/uploads\/2026\/03\/Renovacion-TSM.jpg?resize=1050%2C600&ssl=1 3x, https:\/\/i0.wp.com\/latribunera.com\/apuntes\/wp-content\/uploads\/2026\/03\/Renovacion-TSM.jpg?resize=1400%2C800&ssl=1 4x"},"classes":[]},{"id":45421,"url":"https:\/\/latribunera.com\/apuntes\/index.php\/2026\/04\/16\/todo-listo-para-la-14va-edicion-de-la-copa-internacional-santos-penoles\/","url_meta":{"origin":32878,"position":1},"title":"Todo listo para la 14va edici\u00f3n de la Copa Internacional Santos Pe\u00f1oles","author":"Jacob Alarcon","date":"16 abril, 2026","format":false,"excerpt":"Este jueves, en el Auditorio Orlegi de Territorio Santos Modelo, se llev\u00f3 a cabo la presentaci\u00f3noficial de la edici\u00f3n 2026 de la Copa Internacional Santos Pe\u00f1oles, torneo que se ha consolidadocomo uno de los m\u00e1s importantes a nivel infantil y juvenil en M\u00e9xico. Adem\u00e1s de brindar una competencia deportiva de\u2026","rel":"","context":"In &quot;Sin categor\u00eda&quot;","block_context":{"text":"Sin categor\u00eda","link":"https:\/\/latribunera.com\/apuntes\/index.php\/category\/sin-categoria\/"},"img":{"alt_text":"","src":"https:\/\/i0.wp.com\/latribunera.com\/apuntes\/wp-content\/uploads\/2026\/04\/Presentacion-Copa-Santos-Penoles.jpg?resize=350%2C200&ssl=1","width":350,"height":200,"srcset":"https:\/\/i0.wp.com\/latribunera.com\/apuntes\/wp-content\/uploads\/2026\/04\/Presentacion-Copa-Santos-Penoles.jpg?resize=350%2C200&ssl=1 1x, https:\/\/i0.wp.com\/latribunera.com\/apuntes\/wp-content\/uploads\/2026\/04\/Presentacion-Copa-Santos-Penoles.jpg?resize=525%2C300&ssl=1 1.5x, https:\/\/i0.wp.com\/latribunera.com\/apuntes\/wp-content\/uploads\/2026\/04\/Presentacion-Copa-Santos-Penoles.jpg?resize=700%2C400&ssl=1 2x, https:\/\/i0.wp.com\/latribunera.com\/apuntes\/wp-content\/uploads\/2026\/04\/Presentacion-Copa-Santos-Penoles.jpg?resize=1050%2C600&ssl=1 3x, https:\/\/i0.wp.com\/latribunera.com\/apuntes\/wp-content\/uploads\/2026\/04\/Presentacion-Copa-Santos-Penoles.jpg?resize=1400%2C800&ssl=1 4x"},"classes":[]}],"jetpack_sharing_enabled":true,"_links":{"self":[{"href":"https:\/\/latribunera.com\/apuntes\/index.php\/wp-json\/wp\/v2\/posts\/32878","targetHints":{"allow":["GET"]}}],"collection":[{"href":"https:\/\/latribunera.com\/apuntes\/index.php\/wp-json\/wp\/v2\/posts"}],"about":[{"href":"https:\/\/latribunera.com\/apuntes\/index.php\/wp-json\/wp\/v2\/types\/post"}],"author":[{"embeddable":true,"href":"https:\/\/latribunera.com\/apuntes\/index.php\/wp-json\/wp\/v2\/users\/57"}],"replies":[{"embeddable":true,"href":"https:\/\/latribunera.com\/apuntes\/index.php\/wp-json\/wp\/v2\/comments?post=32878"}],"version-history":[{"count":2,"href":"https:\/\/latribunera.com\/apuntes\/index.php\/wp-json\/wp\/v2\/posts\/32878\/revisions"}],"predecessor-version":[{"id":32880,"href":"https:\/\/latribunera.com\/apuntes\/index.php\/wp-json\/wp\/v2\/posts\/32878\/revisions\/32880"}],"wp:featuredmedia":[{"embeddable":true,"href":"https:\/\/latribunera.com\/apuntes\/index.php\/wp-json\/wp\/v2\/media\/32874"}],"wp:attachment":[{"href":"https:\/\/latribunera.com\/apuntes\/index.php\/wp-json\/wp\/v2\/media?parent=32878"}],"wp:term":[{"taxonomy":"category","embeddable":true,"href":"https:\/\/latribunera.com\/apuntes\/index.php\/wp-json\/wp\/v2\/categories?post=32878"},{"taxonomy":"post_tag","embeddable":true,"href":"https:\/\/latribunera.com\/apuntes\/index.php\/wp-json\/wp\/v2\/tags?post=32878"}],"curies":[{"name":"wp","href":"https:\/\/api.w.org\/{rel}","templated":true}]}}