{"id":32997,"date":"2022-04-13T02:35:28","date_gmt":"2022-04-13T02:35:28","guid":{"rendered":"http:\/\/latribunera.com\/apuntes\/?p=32997"},"modified":"2022-04-13T20:08:30","modified_gmt":"2022-04-13T20:08:30","slug":"tigres-ya-aseguro-la-repesca","status":"publish","type":"post","link":"https:\/\/latribunera.com\/apuntes\/index.php\/2022\/04\/13\/tigres-ya-aseguro-la-repesca\/","title":{"rendered":"TIGRES YA ASEGUR\u00d3 LA REPESCA"},"content":{"rendered":"\n<p><\/p>\n\n\n\n<p><\/p>\n\n\n<p><script async=\"\" src=\"https:\/\/pagead2.googlesyndication.com\/pagead\/js\/adsbygoogle.js\"><\/script><br \/>\n<!-- PC 728x90 --><br \/>\n<ins class=\"adsbygoogle\" style=\"display:inline-block;width:728px;height:90px\" data-ad-client=\"ca-pub-9427576701762839\" data-ad-slot=\"1011393878\"><\/ins><br \/>\n<script>\n(adsbygoogle = window.adsbygoogle || []).push({});\n<\/script><\/p>\n\n\n\n<p><\/p>\n\n\n\n<p><\/p>\n\n\n\n<p>Por: Ren\u00e9 Fern\u00e1ndez | Twitter: @Renefdz<\/p>\n\n\n\n<p>Terminar en la primera posici\u00f3n de la tabla general a\u00fan est\u00e1 en veremos para el equipo de Tigres por lo peleada que est\u00e1 dicha posici\u00f3n con el Pachuca, sin embargo lo que los felinos ya aseguraron es estar al menos en el pr\u00f3ximo repechaje. <\/p>\n\n\n\n<p>Los 29 puntos que hasta ahora suma el equipo de Miguel Herrera son suficientes para asegurarles  terminar la fase regular del Clausura 2022 entre los primeros 12 lugares de la tabla general. <\/p>\n\n\n\n<p>Cuando a\u00fan quedan 12 puntos por disputarse en la recta final de la campa\u00f1a, los felinos superan por 13 a Xolos que suma 16 unidades y se sit\u00faa en la doceava posici\u00f3n de la clasificaci\u00f3n. <\/p>\n\n\n\n<p>Otros equipos que suman el mismo puntaje que el cuadro fronterizo son Am\u00e9rica y Pumas.<\/p>\n\n\n\n<p><\/p>\n\n\n\n<p><\/p>\n\n\n<p><script async=\"\" src=\"https:\/\/pagead2.googlesyndication.com\/pagead\/js\/adsbygoogle.js\"><\/script><br \/>\n<!-- PC 728x90 --><br \/>\n<ins class=\"adsbygoogle\" style=\"display:inline-block;width:728px;height:90px\" data-ad-client=\"ca-pub-9427576701762839\" data-ad-slot=\"1011393878\"><\/ins><br \/>\n<script>\n(adsbygoogle = window.adsbygoogle || []).push({});\n<\/script><\/p>\n\n\n\n<figure class=\"wp-block-embed-youtube wp-block-embed is-type-video is-provider-youtube wp-embed-aspect-16-9 wp-has-aspect-ratio\"><div class=\"wp-block-embed__wrapper\">\n<iframe loading=\"lazy\" title=\"Mejores Jerseys de los \u00eddolos de Tigres UANL. Memorabilia Tigres\" width=\"960\" height=\"540\" src=\"https:\/\/www.youtube.com\/embed\/BjUsLOGxYXM?feature=oembed\" frameborder=\"0\" allow=\"accelerometer; autoplay; clipboard-write; encrypted-media; gyroscope; picture-in-picture\" allowfullscreen><\/iframe>\n<\/div><\/figure>\n\n\n\n<figure class=\"wp-block-embed-spotify wp-block-embed is-type-rich is-provider-spotify wp-embed-aspect-21-9 wp-has-aspect-ratio\"><div class=\"wp-block-embed__wrapper\">\n<iframe loading=\"lazy\" title=\"Spotify Embed: Gabriel \u2018La Coca\u2019 Mendoza. Solo Tigres #24\" style=\"border-radius: 12px\" width=\"100%\" height=\"152\" frameborder=\"0\" allowfullscreen allow=\"autoplay; clipboard-write; encrypted-media; fullscreen; picture-in-picture\" src=\"https:\/\/open.spotify.com\/embed\/episode\/0Ysw0vPWWrIFH47UVsTuVd?si=WHzhM9cVRVS7ZvMwKl5dDA&#038;utm_source=oembed\"><\/iframe>\n<\/div><\/figure>\n","protected":false},"excerpt":{"rendered":"<p>Por: Ren\u00e9 Fern\u00e1ndez | Twitter: @Renefdz Terminar en la primera posici\u00f3n de la tabla general a\u00fan est\u00e1 en veremos para el equipo de Tigres por lo peleada que est\u00e1 dicha posici\u00f3n con el Pachuca, sin embargo lo que los felinos ya aseguraron es estar al menos en el pr\u00f3ximo repechaje. Los 29 puntos que hasta&#8230; <\/p>\n<div class=\"clear\"><\/div>\n<p><a href=\"https:\/\/latribunera.com\/apuntes\/index.php\/2022\/04\/13\/tigres-ya-aseguro-la-repesca\/\" class=\"excerpt-read-more\">Read More<i class=\"fa fa-caret-right icon-caret-right\"><\/i><\/a><\/p>\n","protected":false},"author":57,"featured_media":27327,"comment_status":"open","ping_status":"open","sticky":false,"template":"","format":"standard","meta":{"_jetpack_memberships_contains_paid_content":false,"footnotes":""},"categories":[231,278],"tags":[74,102],"class_list":["post-32997","post","type-post","status-publish","format-standard","has-post-thumbnail","hentry","category-apuntes","category-solotigres","tag-liga-mx","tag-tigres"],"jetpack_featured_media_url":"https:\/\/latribunera.com\/apuntes\/wp-content\/uploads\/2022\/01\/tigres.jpg","jetpack-related-posts":[{"id":45478,"url":"https:\/\/latribunera.com\/apuntes\/index.php\/2026\/08\/11\/club-santos-laguna-ofrece-a-su-aficion-el-pack-vs-chivas-tigres\/","url_meta":{"origin":32997,"position":0},"title":"Club Santos Laguna ofrece a su afici\u00f3n el pack vs Chivas + Tigres","author":"Staff","date":"11 agosto, 2026","format":false,"excerpt":"\u2022 El paquete asegura dos de los tres partidos de mayor demanda del semestre y da acceso preferente a la venta ante Tigres. Club Santos Laguna ofrece a su afici\u00f3n el Pack Santos vs Chivas + Tigres, un paquete especial que permite asegurar el lugar en dos de los duelos\u2026","rel":"","context":"In &quot;Pasi\u00f3n Guerrera&quot;","block_context":{"text":"Pasi\u00f3n Guerrera","link":"https:\/\/latribunera.com\/apuntes\/index.php\/category\/tribus\/pasionguerrera\/"},"img":{"alt_text":"","src":"https:\/\/i0.wp.com\/latribunera.com\/apuntes\/wp-content\/uploads\/2026\/08\/IMG-20260810-WA0178.jpg?resize=350%2C200&ssl=1","width":350,"height":200,"srcset":"https:\/\/i0.wp.com\/latribunera.com\/apuntes\/wp-content\/uploads\/2026\/08\/IMG-20260810-WA0178.jpg?resize=350%2C200&ssl=1 1x, https:\/\/i0.wp.com\/latribunera.com\/apuntes\/wp-content\/uploads\/2026\/08\/IMG-20260810-WA0178.jpg?resize=525%2C300&ssl=1 1.5x, https:\/\/i0.wp.com\/latribunera.com\/apuntes\/wp-content\/uploads\/2026\/08\/IMG-20260810-WA0178.jpg?resize=700%2C400&ssl=1 2x, https:\/\/i0.wp.com\/latribunera.com\/apuntes\/wp-content\/uploads\/2026\/08\/IMG-20260810-WA0178.jpg?resize=1050%2C600&ssl=1 3x, https:\/\/i0.wp.com\/latribunera.com\/apuntes\/wp-content\/uploads\/2026\/08\/IMG-20260810-WA0178.jpg?resize=1400%2C800&ssl=1 4x"},"classes":[]},{"id":45502,"url":"https:\/\/latribunera.com\/apuntes\/index.php\/2026\/08\/25\/el-corona-se-prepara-para-una-noche-especial-ante-tigres\/","url_meta":{"origin":32997,"position":1},"title":"El Corona se prepara para una noche especial ante Tigres","author":"Staff","date":"25 agosto, 2026","format":false,"excerpt":"Un nuevo duelo en el Estadio Corona est\u00e1 cada vez m\u00e1s cerca y la afici\u00f3n santista se prepara para vivir una noche llena de emociones. Los Guerreros recibir\u00e1n a Tigres este s\u00e1bado 29 de agosto a las 21:10 horas, en partido correspondiente a la jornada 6 del Torneo Apertura 2026.\u2026","rel":"","context":"In &quot;Pasi\u00f3n Guerrera&quot;","block_context":{"text":"Pasi\u00f3n Guerrera","link":"https:\/\/latribunera.com\/apuntes\/index.php\/category\/tribus\/pasionguerrera\/"},"img":{"alt_text":"","src":"https:\/\/i0.wp.com\/latribunera.com\/apuntes\/wp-content\/uploads\/2026\/08\/Drones-TSM.jpg?resize=350%2C200&ssl=1","width":350,"height":200,"srcset":"https:\/\/i0.wp.com\/latribunera.com\/apuntes\/wp-content\/uploads\/2026\/08\/Drones-TSM.jpg?resize=350%2C200&ssl=1 1x, https:\/\/i0.wp.com\/latribunera.com\/apuntes\/wp-content\/uploads\/2026\/08\/Drones-TSM.jpg?resize=525%2C300&ssl=1 1.5x, https:\/\/i0.wp.com\/latribunera.com\/apuntes\/wp-content\/uploads\/2026\/08\/Drones-TSM.jpg?resize=700%2C400&ssl=1 2x, https:\/\/i0.wp.com\/latribunera.com\/apuntes\/wp-content\/uploads\/2026\/08\/Drones-TSM.jpg?resize=1050%2C600&ssl=1 3x, https:\/\/i0.wp.com\/latribunera.com\/apuntes\/wp-content\/uploads\/2026\/08\/Drones-TSM.jpg?resize=1400%2C800&ssl=1 4x"},"classes":[]},{"id":45489,"url":"https:\/\/latribunera.com\/apuntes\/index.php\/2026\/08\/14\/santos-laguna-invita-a-su-aficion-a-pintar-de-verde-el-corona-ante-chivas\/","url_meta":{"origin":32997,"position":2},"title":"Santos Laguna invita a su afici\u00f3n a pintar de verde el Corona ante Chivas.","author":"Staff","date":"14 agosto, 2026","format":false,"excerpt":"\u2022 Los Guerreros regresan a casa con el envi\u00f3n an\u00edmico de su triunfo ante Philadelphia Union y buscar\u00e1n, junto a su afici\u00f3n, su primera victoria del Apertura 2026. Luego de cerrar su participaci\u00f3n en la Leagues Cup 2026 con una victoria de 2 a 0 sobre Philadelphia Union en el\u2026","rel":"","context":"In &quot;Liga MX&quot;","block_context":{"text":"Liga MX","link":"https:\/\/latribunera.com\/apuntes\/index.php\/category\/futbol\/futbol-mexicano\/"},"img":{"alt_text":"","src":"https:\/\/i0.wp.com\/latribunera.com\/apuntes\/wp-content\/uploads\/2026\/08\/IMG-20260814-WA0041.jpg?resize=350%2C200&ssl=1","width":350,"height":200,"srcset":"https:\/\/i0.wp.com\/latribunera.com\/apuntes\/wp-content\/uploads\/2026\/08\/IMG-20260814-WA0041.jpg?resize=350%2C200&ssl=1 1x, https:\/\/i0.wp.com\/latribunera.com\/apuntes\/wp-content\/uploads\/2026\/08\/IMG-20260814-WA0041.jpg?resize=525%2C300&ssl=1 1.5x, https:\/\/i0.wp.com\/latribunera.com\/apuntes\/wp-content\/uploads\/2026\/08\/IMG-20260814-WA0041.jpg?resize=700%2C400&ssl=1 2x, https:\/\/i0.wp.com\/latribunera.com\/apuntes\/wp-content\/uploads\/2026\/08\/IMG-20260814-WA0041.jpg?resize=1050%2C600&ssl=1 3x, https:\/\/i0.wp.com\/latribunera.com\/apuntes\/wp-content\/uploads\/2026\/08\/IMG-20260814-WA0041.jpg?resize=1400%2C800&ssl=1 4x"},"classes":[]},{"id":45513,"url":"https:\/\/latribunera.com\/apuntes\/index.php\/2026\/08\/26\/exguerreros-mandan-mensajes-de-apoyo-a-santos-laguna\/","url_meta":{"origin":32997,"position":3},"title":"Exguerreros mandan mensajes de apoyo a Santos Laguna","author":"Staff","date":"26 agosto, 2026","format":false,"excerpt":"Exjugadores santistas comenzaron a manifestar su apoyo al Club Santos Laguna a trav\u00e9s de sus redes sociales, destacando la participaci\u00f3n de futbolistas de diferentes etapas en la historia de la instituci\u00f3n, recordados con mucho cari\u00f1o por la afici\u00f3n Guerrera y varios de ellos campeones con Santos Laguna. Entre quienes han\u2026","rel":"","context":"In &quot;Pasi\u00f3n Guerrera&quot;","block_context":{"text":"Pasi\u00f3n Guerrera","link":"https:\/\/latribunera.com\/apuntes\/index.php\/category\/tribus\/pasionguerrera\/"},"img":{"alt_text":"","src":"https:\/\/i0.wp.com\/latribunera.com\/apuntes\/wp-content\/uploads\/2026\/08\/Redes-Ex-Guerreros.jpg?resize=350%2C200&ssl=1","width":350,"height":200,"srcset":"https:\/\/i0.wp.com\/latribunera.com\/apuntes\/wp-content\/uploads\/2026\/08\/Redes-Ex-Guerreros.jpg?resize=350%2C200&ssl=1 1x, https:\/\/i0.wp.com\/latribunera.com\/apuntes\/wp-content\/uploads\/2026\/08\/Redes-Ex-Guerreros.jpg?resize=525%2C300&ssl=1 1.5x, https:\/\/i0.wp.com\/latribunera.com\/apuntes\/wp-content\/uploads\/2026\/08\/Redes-Ex-Guerreros.jpg?resize=700%2C400&ssl=1 2x, https:\/\/i0.wp.com\/latribunera.com\/apuntes\/wp-content\/uploads\/2026\/08\/Redes-Ex-Guerreros.jpg?resize=1050%2C600&ssl=1 3x, https:\/\/i0.wp.com\/latribunera.com\/apuntes\/wp-content\/uploads\/2026\/08\/Redes-Ex-Guerreros.jpg?resize=1400%2C800&ssl=1 4x"},"classes":[]},{"id":45434,"url":"https:\/\/latribunera.com\/apuntes\/index.php\/2026\/05\/28\/45434\/","url_meta":{"origin":32997,"position":4},"title":"Renato Paiva es presentado como Director T\u00e9cnico de Santos Laguna","author":"Jacob Alarcon","date":"28 mayo, 2026","format":false,"excerpt":"Santos Laguna llev\u00f3 a cabo este jueves la presentaci\u00f3n oficial de Renato Paiva como nuevo Director T\u00e9cnico del Primer Equipo, en conferencia de prensa realizada en el Auditorio Orlegi de Territorio Santos Modelo, encabezada por Alejandro Irarragorri Kalb, Presidente del Club, y Gonzalo Pineda, Director de Futbol del Primer Equipo.\u2026","rel":"","context":"In &quot;Pasi\u00f3n Guerrera&quot;","block_context":{"text":"Pasi\u00f3n Guerrera","link":"https:\/\/latribunera.com\/apuntes\/index.php\/category\/tribus\/pasionguerrera\/"},"img":{"alt_text":"","src":"https:\/\/i0.wp.com\/latribunera.com\/apuntes\/wp-content\/uploads\/2026\/05\/RENATO-PAIVA.jpg?resize=350%2C200&ssl=1","width":350,"height":200,"srcset":"https:\/\/i0.wp.com\/latribunera.com\/apuntes\/wp-content\/uploads\/2026\/05\/RENATO-PAIVA.jpg?resize=350%2C200&ssl=1 1x, https:\/\/i0.wp.com\/latribunera.com\/apuntes\/wp-content\/uploads\/2026\/05\/RENATO-PAIVA.jpg?resize=525%2C300&ssl=1 1.5x, https:\/\/i0.wp.com\/latribunera.com\/apuntes\/wp-content\/uploads\/2026\/05\/RENATO-PAIVA.jpg?resize=700%2C400&ssl=1 2x, https:\/\/i0.wp.com\/latribunera.com\/apuntes\/wp-content\/uploads\/2026\/05\/RENATO-PAIVA.jpg?resize=1050%2C600&ssl=1 3x, https:\/\/i0.wp.com\/latribunera.com\/apuntes\/wp-content\/uploads\/2026\/05\/RENATO-PAIVA.jpg?resize=1400%2C800&ssl=1 4x"},"classes":[]},{"id":45455,"url":"https:\/\/latribunera.com\/apuntes\/index.php\/2026\/07\/20\/club-santos-laguna-impulsa-el-futuro-de-la-laguna-con-inversion-en-infraestructura\/","url_meta":{"origin":32997,"position":5},"title":"Club Santos Laguna impulsa el futuro de la laguna con inversi\u00f3n en infraestructura","author":"Staff","date":"20 julio, 2026","format":false,"excerpt":"En los \u00faltimos ocho meses, el Club ha destinado 75 millones de pesos a la modernizaci\u00f3n de Territorio Santos Modelo y el Estadio Corona. Los proyectos fortalecen la experiencia de aficionados, jugadores, colaboradores y socios comerciales, adem\u00e1s de generar un importante impacto econ\u00f3mico en la regi\u00f3n. Club Santos Laguna contin\u00faa\u2026","rel":"","context":"In &quot;Liga MX&quot;","block_context":{"text":"Liga MX","link":"https:\/\/latribunera.com\/apuntes\/index.php\/category\/futbol\/futbol-mexicano\/"},"img":{"alt_text":"","src":"https:\/\/i0.wp.com\/latribunera.com\/apuntes\/wp-content\/uploads\/2026\/07\/e60fc472-db6f-4c99-80aa-c65e7754feb1.jpg?resize=350%2C200&ssl=1","width":350,"height":200,"srcset":"https:\/\/i0.wp.com\/latribunera.com\/apuntes\/wp-content\/uploads\/2026\/07\/e60fc472-db6f-4c99-80aa-c65e7754feb1.jpg?resize=350%2C200&ssl=1 1x, https:\/\/i0.wp.com\/latribunera.com\/apuntes\/wp-content\/uploads\/2026\/07\/e60fc472-db6f-4c99-80aa-c65e7754feb1.jpg?resize=525%2C300&ssl=1 1.5x, https:\/\/i0.wp.com\/latribunera.com\/apuntes\/wp-content\/uploads\/2026\/07\/e60fc472-db6f-4c99-80aa-c65e7754feb1.jpg?resize=700%2C400&ssl=1 2x, https:\/\/i0.wp.com\/latribunera.com\/apuntes\/wp-content\/uploads\/2026\/07\/e60fc472-db6f-4c99-80aa-c65e7754feb1.jpg?resize=1050%2C600&ssl=1 3x, https:\/\/i0.wp.com\/latribunera.com\/apuntes\/wp-content\/uploads\/2026\/07\/e60fc472-db6f-4c99-80aa-c65e7754feb1.jpg?resize=1400%2C800&ssl=1 4x"},"classes":[]}],"jetpack_sharing_enabled":true,"_links":{"self":[{"href":"https:\/\/latribunera.com\/apuntes\/index.php\/wp-json\/wp\/v2\/posts\/32997","targetHints":{"allow":["GET"]}}],"collection":[{"href":"https:\/\/latribunera.com\/apuntes\/index.php\/wp-json\/wp\/v2\/posts"}],"about":[{"href":"https:\/\/latribunera.com\/apuntes\/index.php\/wp-json\/wp\/v2\/types\/post"}],"author":[{"embeddable":true,"href":"https:\/\/latribunera.com\/apuntes\/index.php\/wp-json\/wp\/v2\/users\/57"}],"replies":[{"embeddable":true,"href":"https:\/\/latribunera.com\/apuntes\/index.php\/wp-json\/wp\/v2\/comments?post=32997"}],"version-history":[{"count":3,"href":"https:\/\/latribunera.com\/apuntes\/index.php\/wp-json\/wp\/v2\/posts\/32997\/revisions"}],"predecessor-version":[{"id":33029,"href":"https:\/\/latribunera.com\/apuntes\/index.php\/wp-json\/wp\/v2\/posts\/32997\/revisions\/33029"}],"wp:featuredmedia":[{"embeddable":true,"href":"https:\/\/latribunera.com\/apuntes\/index.php\/wp-json\/wp\/v2\/media\/27327"}],"wp:attachment":[{"href":"https:\/\/latribunera.com\/apuntes\/index.php\/wp-json\/wp\/v2\/media?parent=32997"}],"wp:term":[{"taxonomy":"category","embeddable":true,"href":"https:\/\/latribunera.com\/apuntes\/index.php\/wp-json\/wp\/v2\/categories?post=32997"},{"taxonomy":"post_tag","embeddable":true,"href":"https:\/\/latribunera.com\/apuntes\/index.php\/wp-json\/wp\/v2\/tags?post=32997"}],"curies":[{"name":"wp","href":"https:\/\/api.w.org\/{rel}","templated":true}]}}