{"id":33665,"date":"2022-04-27T16:07:04","date_gmt":"2022-04-27T16:07:04","guid":{"rendered":"http:\/\/latribunera.com\/apuntes\/?p=33665"},"modified":"2022-04-28T16:14:45","modified_gmt":"2022-04-28T16:14:45","slug":"cesar-montes-acepta-deuda-por-no-calificar-directo","status":"publish","type":"post","link":"https:\/\/latribunera.com\/apuntes\/index.php\/2022\/04\/27\/cesar-montes-acepta-deuda-por-no-calificar-directo\/","title":{"rendered":"C\u00c9SAR MONTES ACEPTA DEUDA POR NO CALIFICAR DIRECTO"},"content":{"rendered":"\n<p><\/p>\n\n\n\n<p><\/p>\n\n\n<p><script async=\"\" src=\"https:\/\/pagead2.googlesyndication.com\/pagead\/js\/adsbygoogle.js\"><\/script><br \/>\n<!-- PC 728x90 --><br \/>\n<ins class=\"adsbygoogle\" style=\"display:inline-block;width:728px;height:90px\" data-ad-client=\"ca-pub-9427576701762839\" data-ad-slot=\"1011393878\"><\/ins><br \/>\n<script>\n     (adsbygoogle = window.adsbygoogle || []).push({});\n<\/script><\/p>\n\n\n\n<p><\/p>\n\n\n\n<p><\/p>\n\n\n\n<p><\/p>\n\n\n\n<p>Arturo Mart\u00ednez<\/p>\n\n\n\n<p>No tiraron la toalla, pero casi fue as\u00ed. <\/p>\n\n\n\n<p>Rayados necesita de un aut\u00e9ntico milagro para calificar directo. Porque las matem\u00e1ticas a\u00fan permiten so\u00f1ar a la \u2018Pandilla\u2019. <\/p>\n\n\n\n<p>Pero C\u00e9sar Montes es m\u00e1s realista (como muchos de nosotros). Por ello el \u2018Cachorro\u2019 reconoci\u00f3 que el equipo se qued\u00f3 corto en ese af\u00e1n de meterse entre los primeros cuatro y ahora s\u00f3lo les resta tratar de asegurar el Repechaje en el BBVA. <\/p>\n\n\n\n<p>&#8220;S\u00ed, la verdad que son pocas pr\u00e1cticamente nulas ya para nosotros y bueno encararlo (contra Tijuana) de la mejor manera para cerrar bien an\u00edmicamente y tratar de jugar el repechaje en casa. <\/p>\n\n\n\n<p>\u201cEstamos conscientes de que nos hizo falta esa parte (la actitud) para encarar ese partido que nos jug\u00e1bamos bastante para tener m\u00e1s posibilidades de estar en los primeros cuatro y no jugar el repechaje pero bueno lo encararemos como debe de ser el \u00faltimo partido para tener la posibilidad de jugarlo en casa\u201d, expres\u00f3 Montes. <\/p>\n\n\n\n<p>A pregunta expresa sobre si hay o no presi\u00f3n por cerrar el boleto como local en la Repesca, Montes descart\u00f3 esto, pero\u2026 <\/p>\n\n\n\n<p>\u201cNo, presi\u00f3n no, sabemos como es el torneo que te da una posibilidad de entrar entre los doce y el objetivo era entrar entre los primeros cuatro estaba claro para nosotros y no lo cumplimos pero encararemos el repechaje de la mejor manera para estar ah\u00ed y clasificar\u201d. <\/p>\n\n\n\n<p>Por cierto, el camisa \u20183\u2019 recalc\u00f3 que el equipo tiene que mejorar s\u00ed o s\u00ed tanto en defensa como ataque. Y s\u00ed, le dio la raz\u00f3n a V\u00edctor Vucetich quien dijo vio algunos jugadores faltos de actitud contra Pachuca. <\/p>\n\n\n\n<p>\u201cMe parece que ambas partes tenemos que mejorar. En el \u00faltimo partido no nos pueden hacer tres goles y por alguna cosa como dice el t\u00e9cnico de falta de actitud, mejoraremos en estas \u00faltimas instancias donde hab\u00edamos sido la mejor defensiva \u00faltimamente y no lo hicimos notar en el \u00faltimo partido, y ofensivamente tenemos que mejorar tambi\u00e9n en ese aspecto\u201d<\/p>\n\n\n\n<p><\/p>\n\n\n\n<p><\/p>\n\n\n\n<p><\/p>\n\n\n<p><script async=\"\" src=\"https:\/\/pagead2.googlesyndication.com\/pagead\/js\/adsbygoogle.js\"><\/script><br \/>\n<!-- PC 728x90 --><br \/>\n<ins class=\"adsbygoogle\" style=\"display:inline-block;width:728px;height:90px\" data-ad-client=\"ca-pub-9427576701762839\" data-ad-slot=\"1011393878\"><\/ins><br \/>\n<script>\n     (adsbygoogle = window.adsbygoogle || []).push({});\n<\/script><\/p>\n\n\n\n<p><\/p>\n\n\n\n<p><\/p>\n\n\n\n<figure class=\"wp-block-embed-youtube wp-block-embed is-type-video is-provider-youtube wp-embed-aspect-16-9 wp-has-aspect-ratio\"><div class=\"wp-block-embed__wrapper\">\n<iframe loading=\"lazy\" title=\"Ser presidente del Club de Futbol Monterrey. Jorge Urdiales. Zona Rayada #6\" width=\"960\" height=\"540\" src=\"https:\/\/www.youtube.com\/embed\/2jyYSYYd47A?feature=oembed\" frameborder=\"0\" allow=\"accelerometer; autoplay; clipboard-write; encrypted-media; gyroscope; picture-in-picture\" allowfullscreen><\/iframe>\n<\/div><\/figure>\n","protected":false},"excerpt":{"rendered":"<p>Arturo Mart\u00ednez No tiraron la toalla, pero casi fue as\u00ed. Rayados necesita de un aut\u00e9ntico milagro para calificar directo. Porque las matem\u00e1ticas a\u00fan permiten so\u00f1ar a la \u2018Pandilla\u2019. Pero C\u00e9sar Montes es m\u00e1s realista (como muchos de nosotros). Por ello el \u2018Cachorro\u2019 reconoci\u00f3 que el equipo se qued\u00f3 corto en ese af\u00e1n de meterse entre&#8230; <\/p>\n<div class=\"clear\"><\/div>\n<p><a href=\"https:\/\/latribunera.com\/apuntes\/index.php\/2022\/04\/27\/cesar-montes-acepta-deuda-por-no-calificar-directo\/\" class=\"excerpt-read-more\">Read More<i class=\"fa fa-caret-right icon-caret-right\"><\/i><\/a><\/p>\n","protected":false},"author":4,"featured_media":33666,"comment_status":"open","ping_status":"open","sticky":false,"template":"","format":"standard","meta":{"_jetpack_memberships_contains_paid_content":false,"footnotes":""},"categories":[2,277],"tags":[74,6,296],"class_list":["post-33665","post","type-post","status-publish","format-standard","has-post-thumbnail","hentry","category-futbol-mexicano","category-zonarayada","tag-liga-mx","tag-rayados","tag-zona-rayada"],"jetpack_featured_media_url":"https:\/\/latribunera.com\/apuntes\/wp-content\/uploads\/2022\/04\/WhatsApp-Image-2022-04-27-at-10.49.11-AM.jpeg","jetpack-related-posts":[{"id":45392,"url":"https:\/\/latribunera.com\/apuntes\/index.php\/2026\/04\/09\/se-presento-la-13va-edicion-del-guerreton\/","url_meta":{"origin":33665,"position":0},"title":"Se presento la 13va edici\u00f3n del Guerret\u00f3n.","author":"Staff","date":"9 abril, 2026","format":false,"excerpt":"A lo largo de sus primeras 12 ediciones, Guerret\u00f3n ha logrado recolectar m\u00e1s de 121,500juguetes, peluches y balones, beneficiando a diversas asociaciones e instituciones de laregi\u00f3n lagunera, entre ellas CRIT Durango, los sistemas DIF de distintos municipios, as\u00edcomo organizaciones educativas y asistenciales. A la fecha, se han instalado cuatro ludotecas\u2026","rel":"","context":"In &quot;Ganar Sirviendo&quot;","block_context":{"text":"Ganar Sirviendo","link":"https:\/\/latribunera.com\/apuntes\/index.php\/category\/futbol\/futbol-mexicano\/ganar-sirviendo\/"},"img":{"alt_text":"","src":"https:\/\/i0.wp.com\/latribunera.com\/apuntes\/wp-content\/uploads\/2026\/04\/9Guerreton-2026-2.jpg.jpeg?resize=350%2C200&ssl=1","width":350,"height":200,"srcset":"https:\/\/i0.wp.com\/latribunera.com\/apuntes\/wp-content\/uploads\/2026\/04\/9Guerreton-2026-2.jpg.jpeg?resize=350%2C200&ssl=1 1x, https:\/\/i0.wp.com\/latribunera.com\/apuntes\/wp-content\/uploads\/2026\/04\/9Guerreton-2026-2.jpg.jpeg?resize=525%2C300&ssl=1 1.5x, https:\/\/i0.wp.com\/latribunera.com\/apuntes\/wp-content\/uploads\/2026\/04\/9Guerreton-2026-2.jpg.jpeg?resize=700%2C400&ssl=1 2x, https:\/\/i0.wp.com\/latribunera.com\/apuntes\/wp-content\/uploads\/2026\/04\/9Guerreton-2026-2.jpg.jpeg?resize=1050%2C600&ssl=1 3x, https:\/\/i0.wp.com\/latribunera.com\/apuntes\/wp-content\/uploads\/2026\/04\/9Guerreton-2026-2.jpg.jpeg?resize=1400%2C800&ssl=1 4x"},"classes":[]}],"jetpack_sharing_enabled":true,"_links":{"self":[{"href":"https:\/\/latribunera.com\/apuntes\/index.php\/wp-json\/wp\/v2\/posts\/33665","targetHints":{"allow":["GET"]}}],"collection":[{"href":"https:\/\/latribunera.com\/apuntes\/index.php\/wp-json\/wp\/v2\/posts"}],"about":[{"href":"https:\/\/latribunera.com\/apuntes\/index.php\/wp-json\/wp\/v2\/types\/post"}],"author":[{"embeddable":true,"href":"https:\/\/latribunera.com\/apuntes\/index.php\/wp-json\/wp\/v2\/users\/4"}],"replies":[{"embeddable":true,"href":"https:\/\/latribunera.com\/apuntes\/index.php\/wp-json\/wp\/v2\/comments?post=33665"}],"version-history":[{"count":3,"href":"https:\/\/latribunera.com\/apuntes\/index.php\/wp-json\/wp\/v2\/posts\/33665\/revisions"}],"predecessor-version":[{"id":33716,"href":"https:\/\/latribunera.com\/apuntes\/index.php\/wp-json\/wp\/v2\/posts\/33665\/revisions\/33716"}],"wp:featuredmedia":[{"embeddable":true,"href":"https:\/\/latribunera.com\/apuntes\/index.php\/wp-json\/wp\/v2\/media\/33666"}],"wp:attachment":[{"href":"https:\/\/latribunera.com\/apuntes\/index.php\/wp-json\/wp\/v2\/media?parent=33665"}],"wp:term":[{"taxonomy":"category","embeddable":true,"href":"https:\/\/latribunera.com\/apuntes\/index.php\/wp-json\/wp\/v2\/categories?post=33665"},{"taxonomy":"post_tag","embeddable":true,"href":"https:\/\/latribunera.com\/apuntes\/index.php\/wp-json\/wp\/v2\/tags?post=33665"}],"curies":[{"name":"wp","href":"https:\/\/api.w.org\/{rel}","templated":true}]}}