{"id":33888,"date":"2022-05-01T09:11:14","date_gmt":"2022-05-01T09:11:14","guid":{"rendered":"http:\/\/latribunera.com\/apuntes\/?p=33888"},"modified":"2022-05-02T16:10:33","modified_gmt":"2022-05-02T16:10:33","slug":"erick-aguirre-de-las-mejores-decisiones-en-los-ultimos-anos-para-rayados","status":"publish","type":"post","link":"https:\/\/latribunera.com\/apuntes\/index.php\/2022\/05\/01\/erick-aguirre-de-las-mejores-decisiones-en-los-ultimos-anos-para-rayados\/","title":{"rendered":"Erick Aguirre, de las mejores decisiones en los \u00faltimos a\u00f1os para Rayados"},"content":{"rendered":"\n<p><\/p>\n\n\n\n<p><\/p>\n\n\n<p><script async=\"\" src=\"https:\/\/pagead2.googlesyndication.com\/pagead\/js\/adsbygoogle.js\"><\/script><br \/>\n<!-- PC 728x90 --><br \/>\n<ins class=\"adsbygoogle\" style=\"display:inline-block;width:728px;height:90px\" data-ad-client=\"ca-pub-9427576701762839\" data-ad-slot=\"1011393878\"><\/ins><br \/>\n<script>\n(adsbygoogle = window.adsbygoogle || []).push({});\n<\/script><\/p>\n\n\n\n<p><\/p>\n\n\n\n<p><\/p>\n\n\n\n<p>Sin duda alguna, una de las mejores decisiones que ha tomado el Club de Futbol Monterrey y su c\u00fapula fue la contrataci\u00f3n de Erick Aguirre.&nbsp;<br><\/p>\n\n\n\n<p>En el duelo de ayer ante los Xolos de Tijuana, nos queda claro que el mexicano puede aportarle tanto al Monterrey cuando se encuentra en su mejor versi\u00f3n ya sea para atacar o defender.<\/p>\n\n\n\n<p>&nbsp;Velocidad, disciplina t\u00e1ctica, plurifuncionalidad, ida y vuelta permanente, disparo a gol, capacidad de asistir, son algunas de las cuestiones que te ofrece este futbolista con una calidad totalmente elevada.<br><\/p>\n\n\n\n<p>Desde su debut con Monarcas Morelia con 17 a\u00f1os de edad, Aguirre comenzaba a mostrar que iba a ser un futbolista de material selecci\u00f3n mexicana y futbol europeo.<\/p>\n\n\n\n<p>Por distintas circunstancias, el nacido en La Ruana no ha podido emigrar, pero ha logrado convertirse hoy en d\u00eda en uno de los mejores futbolistas que tiene esta liga.<\/p>\n\n\n\n<p>Jugando de lateral, Aguirre te aporta solidez defensiva y aunque en ocasiones tiene el defecto que le ganan las espaldas, su disciplina t\u00e1ctica complementa dicha situaci\u00f3n. Sumado a esto, puede aportar desde la lateral tanto derecha como izquierda con centros sumamente precisos.<\/p>\n\n\n\n<p>De igual forma, Aguirre no desconoce la posici\u00f3n de contenci\u00f3n fijo o de interior, adem\u00e1s de que en Pachuca lo ha hecho como extremo por ambas bandas.<\/p>\n\n\n\n<p>Pr\u00e1cticamente, solamente le ha faltado jugar de central, portero y centro delantero. En caso que Rayados lleve con calma a este elemento, con la calidad que Aguirre tiene y su adaptabilidad en distintas posiciones, el Club de Futbol Monterrey integro a sus filas un jugador que podr\u00eda ser rentable para ellos durante la pr\u00f3xima d\u00e9cada tranquilamente.<\/p>\n\n\n\n<p><\/p>\n\n\n\n<p><\/p>\n\n\n<p><script async=\"\" src=\"https:\/\/pagead2.googlesyndication.com\/pagead\/js\/adsbygoogle.js\"><\/script><br \/>\n<!-- PC 728x90 --><br \/>\n<ins class=\"adsbygoogle\" style=\"display:inline-block;width:728px;height:90px\" data-ad-client=\"ca-pub-9427576701762839\" data-ad-slot=\"1011393878\"><\/ins><br \/>\n<script>\n(adsbygoogle = window.adsbygoogle || []).push({});\n<\/script><\/p>\n\n\n\n<figure class=\"wp-block-embed-youtube wp-block-embed is-type-video is-provider-youtube wp-embed-aspect-16-9 wp-has-aspect-ratio\"><div class=\"wp-block-embed__wrapper\">\n<iframe loading=\"lazy\" title=\"Jorge Urdiales. Zona Rayada #6 | Entrevista\" width=\"960\" height=\"540\" src=\"https:\/\/www.youtube.com\/embed\/WDIjX3L_k2k?feature=oembed\" frameborder=\"0\" allow=\"accelerometer; autoplay; clipboard-write; encrypted-media; gyroscope; picture-in-picture\" allowfullscreen><\/iframe>\n<\/div><\/figure>\n\n\n\n<figure class=\"wp-block-embed-spotify wp-block-embed is-type-rich is-provider-spotify wp-embed-aspect-21-9 wp-has-aspect-ratio\"><div class=\"wp-block-embed__wrapper\">\n<iframe loading=\"lazy\" title=\"Spotify Embed: Jorge Urdiales. Zona Rayada #6\" style=\"border-radius: 12px\" width=\"100%\" height=\"152\" frameborder=\"0\" allowfullscreen allow=\"autoplay; clipboard-write; encrypted-media; fullscreen; picture-in-picture\" src=\"https:\/\/open.spotify.com\/embed\/episode\/5mJTNivOoCKflYvQIjZPXy?si=U0s1mUZZQnKczZUiG8ZUtg&#038;utm_source=oembed\"><\/iframe>\n<\/div><\/figure>\n","protected":false},"excerpt":{"rendered":"<p>Sin duda alguna, una de las mejores decisiones que ha tomado el Club de Futbol Monterrey y su c\u00fapula fue la contrataci\u00f3n de Erick Aguirre.&nbsp; En el duelo de ayer ante los Xolos de Tijuana, nos queda claro que el mexicano puede aportarle tanto al Monterrey cuando se encuentra en su mejor versi\u00f3n ya sea&#8230; <\/p>\n<div class=\"clear\"><\/div>\n<p><a href=\"https:\/\/latribunera.com\/apuntes\/index.php\/2022\/05\/01\/erick-aguirre-de-las-mejores-decisiones-en-los-ultimos-anos-para-rayados\/\" class=\"excerpt-read-more\">Read More<i class=\"fa fa-caret-right icon-caret-right\"><\/i><\/a><\/p>\n","protected":false},"author":55,"featured_media":33889,"comment_status":"open","ping_status":"open","sticky":false,"template":"","format":"standard","meta":{"_jetpack_memberships_contains_paid_content":false,"footnotes":""},"categories":[231,783,277],"tags":[592,74,6],"class_list":["post-33888","post","type-post","status-publish","format-standard","has-post-thumbnail","hentry","category-apuntes","category-rayados","category-zonarayada","tag-erick-aguirre","tag-liga-mx","tag-rayados"],"jetpack_featured_media_url":"https:\/\/latribunera.com\/apuntes\/wp-content\/uploads\/2022\/05\/erick-aguirre-muy-cerca-de_0_0_1200_747_1024x768.jpeg","jetpack-related-posts":[{"id":45392,"url":"https:\/\/latribunera.com\/apuntes\/index.php\/2026\/04\/09\/se-presento-la-13va-edicion-del-guerreton\/","url_meta":{"origin":33888,"position":0},"title":"Se presento la 13va edici\u00f3n del Guerret\u00f3n.","author":"Staff","date":"9 abril, 2026","format":false,"excerpt":"A lo largo de sus primeras 12 ediciones, Guerret\u00f3n ha logrado recolectar m\u00e1s de 121,500juguetes, peluches y balones, beneficiando a diversas asociaciones e instituciones de laregi\u00f3n lagunera, entre ellas CRIT Durango, los sistemas DIF de distintos municipios, as\u00edcomo organizaciones educativas y asistenciales. A la fecha, se han instalado cuatro ludotecas\u2026","rel":"","context":"In &quot;Ganar Sirviendo&quot;","block_context":{"text":"Ganar Sirviendo","link":"https:\/\/latribunera.com\/apuntes\/index.php\/category\/futbol\/futbol-mexicano\/ganar-sirviendo\/"},"img":{"alt_text":"","src":"https:\/\/i0.wp.com\/latribunera.com\/apuntes\/wp-content\/uploads\/2026\/04\/9Guerreton-2026-2.jpg.jpeg?resize=350%2C200&ssl=1","width":350,"height":200,"srcset":"https:\/\/i0.wp.com\/latribunera.com\/apuntes\/wp-content\/uploads\/2026\/04\/9Guerreton-2026-2.jpg.jpeg?resize=350%2C200&ssl=1 1x, https:\/\/i0.wp.com\/latribunera.com\/apuntes\/wp-content\/uploads\/2026\/04\/9Guerreton-2026-2.jpg.jpeg?resize=525%2C300&ssl=1 1.5x, https:\/\/i0.wp.com\/latribunera.com\/apuntes\/wp-content\/uploads\/2026\/04\/9Guerreton-2026-2.jpg.jpeg?resize=700%2C400&ssl=1 2x, https:\/\/i0.wp.com\/latribunera.com\/apuntes\/wp-content\/uploads\/2026\/04\/9Guerreton-2026-2.jpg.jpeg?resize=1050%2C600&ssl=1 3x, https:\/\/i0.wp.com\/latribunera.com\/apuntes\/wp-content\/uploads\/2026\/04\/9Guerreton-2026-2.jpg.jpeg?resize=1400%2C800&ssl=1 4x"},"classes":[]},{"id":45386,"url":"https:\/\/latribunera.com\/apuntes\/index.php\/2026\/03\/11\/santos-launa-impulsa-mejoras-en-la-infraestructura-de-tsm-y-estadio-corona\/","url_meta":{"origin":33888,"position":1},"title":"Santos Laguna impulsa mejoras en la infraestructura de TSM y Estadio Corona","author":"Jacob Alarcon","date":"11 marzo, 2026","format":false,"excerpt":"Club Santos Laguna lleva a cabo una serie de reformas y mejoras en la infraestructura de TerritorioSantos Modelo y del Estadio Corona, con el objetivo de impulsar la innovaci\u00f3n tecnol\u00f3gica, lasostenibilidad y la modernizaci\u00f3n de sus espacios.Con estas acciones, el club contin\u00faa fortaleciendo la experiencia de sus aficionados yactualizando sus\u2026","rel":"","context":"In &quot;Pasi\u00f3n Guerrera&quot;","block_context":{"text":"Pasi\u00f3n Guerrera","link":"https:\/\/latribunera.com\/apuntes\/index.php\/category\/tribus\/pasionguerrera\/"},"img":{"alt_text":"","src":"https:\/\/i0.wp.com\/latribunera.com\/apuntes\/wp-content\/uploads\/2026\/03\/Renovacion-TSM.jpg?resize=350%2C200&ssl=1","width":350,"height":200,"srcset":"https:\/\/i0.wp.com\/latribunera.com\/apuntes\/wp-content\/uploads\/2026\/03\/Renovacion-TSM.jpg?resize=350%2C200&ssl=1 1x, https:\/\/i0.wp.com\/latribunera.com\/apuntes\/wp-content\/uploads\/2026\/03\/Renovacion-TSM.jpg?resize=525%2C300&ssl=1 1.5x, https:\/\/i0.wp.com\/latribunera.com\/apuntes\/wp-content\/uploads\/2026\/03\/Renovacion-TSM.jpg?resize=700%2C400&ssl=1 2x, https:\/\/i0.wp.com\/latribunera.com\/apuntes\/wp-content\/uploads\/2026\/03\/Renovacion-TSM.jpg?resize=1050%2C600&ssl=1 3x, https:\/\/i0.wp.com\/latribunera.com\/apuntes\/wp-content\/uploads\/2026\/03\/Renovacion-TSM.jpg?resize=1400%2C800&ssl=1 4x"},"classes":[]}],"jetpack_sharing_enabled":true,"_links":{"self":[{"href":"https:\/\/latribunera.com\/apuntes\/index.php\/wp-json\/wp\/v2\/posts\/33888","targetHints":{"allow":["GET"]}}],"collection":[{"href":"https:\/\/latribunera.com\/apuntes\/index.php\/wp-json\/wp\/v2\/posts"}],"about":[{"href":"https:\/\/latribunera.com\/apuntes\/index.php\/wp-json\/wp\/v2\/types\/post"}],"author":[{"embeddable":true,"href":"https:\/\/latribunera.com\/apuntes\/index.php\/wp-json\/wp\/v2\/users\/55"}],"replies":[{"embeddable":true,"href":"https:\/\/latribunera.com\/apuntes\/index.php\/wp-json\/wp\/v2\/comments?post=33888"}],"version-history":[{"count":4,"href":"https:\/\/latribunera.com\/apuntes\/index.php\/wp-json\/wp\/v2\/posts\/33888\/revisions"}],"predecessor-version":[{"id":33953,"href":"https:\/\/latribunera.com\/apuntes\/index.php\/wp-json\/wp\/v2\/posts\/33888\/revisions\/33953"}],"wp:featuredmedia":[{"embeddable":true,"href":"https:\/\/latribunera.com\/apuntes\/index.php\/wp-json\/wp\/v2\/media\/33889"}],"wp:attachment":[{"href":"https:\/\/latribunera.com\/apuntes\/index.php\/wp-json\/wp\/v2\/media?parent=33888"}],"wp:term":[{"taxonomy":"category","embeddable":true,"href":"https:\/\/latribunera.com\/apuntes\/index.php\/wp-json\/wp\/v2\/categories?post=33888"},{"taxonomy":"post_tag","embeddable":true,"href":"https:\/\/latribunera.com\/apuntes\/index.php\/wp-json\/wp\/v2\/tags?post=33888"}],"curies":[{"name":"wp","href":"https:\/\/api.w.org\/{rel}","templated":true}]}}