{"id":34219,"date":"2022-05-10T16:42:57","date_gmt":"2022-05-10T16:42:57","guid":{"rendered":"http:\/\/latribunera.com\/apuntes\/?p=34219"},"modified":"2022-05-10T20:14:56","modified_gmt":"2022-05-10T20:14:56","slug":"extraordinaria-asi-se-define-la-experiencia-del-torneo-de-novatos-que-se-llevo-a-cabo-en-las-instalaciones-de-mulligans","status":"publish","type":"post","link":"https:\/\/latribunera.com\/apuntes\/index.php\/2022\/05\/10\/extraordinaria-asi-se-define-la-experiencia-del-torneo-de-novatos-que-se-llevo-a-cabo-en-las-instalaciones-de-mulligans\/","title":{"rendered":"EXTRAORDINARIA: as\u00ed se define la experiencia del torneo de novatos que se llev\u00f3 a cabo en las instalaciones de Mulligan\u00b4s"},"content":{"rendered":"<p><script async src=\"https:\/\/pagead2.googlesyndication.com\/pagead\/js\/adsbygoogle.js\"><\/script><br \/>\n<!-- PC 728x90 --><br \/>\n<ins class=\"adsbygoogle\"\n     style=\"display:inline-block;width:728px;height:90px\"\n     data-ad-client=\"ca-pub-9427576701762839\"\n     data-ad-slot=\"1011393878\"><\/ins><br \/>\n<script>\n     (adsbygoogle = window.adsbygoogle || []).push({});\n<\/script><\/p>\n\n\n\n<p>El pasado mi\u00e9rcoles 27 de abril, en las instalaciones de Mulligan\u00b4s Monterrey, se llev\u00f3 a cabo el torneo de novatos, y la gente qued\u00f3 fascinada con la experiencia.<\/p>\n\n\n\n<p>Personas que hasta hace poco tiempo no acostumbraban a jugar al golf pero que gracias a los simuladores de golf Golfzon y a su incre\u00edble tecnolog\u00eda tuvieron su primer contacto con este maravilloso deporte, pudieron poner a prueba el nivel de su swing, compitiendo con otros jugadores para llevarse espectaculares premios mientras gozaron de un momento inolvidable.<\/p>\n\n\n\n<p>El torneo dio comienzo en punto de las 7 de la noche, pero los participantes llegaron desde las 6 pm para entrenar un poco, convivir en quipo y disfrutar de las instalaciones de lujo que encuentras en Mulligan\u00b4s.<\/p>\n\n\n\n<p>Hubo m\u00fasica en vivo que ameniz\u00f3 el evento antes, durante y despu\u00e9s del torneo.<\/p>\n\n\n\n<p>Como es ya una costumbre en Mulligan\u00b4s, el personal del lugar se asegur\u00f3 de que las personas se sintieran siempre como en casa, procurando un servicio de lujo, llevando hasta las mesas los distintos platillos y las diferentes bebidas que han hecho de Mulligan\u00b4s el espacio favorito de miles de j\u00f3venes y adultos de toda la Rep\u00fablica.<\/p>\n\n\n\n<p>Estas fueron las palabras que compartieron ante las c\u00e1maras algunos de los m\u00e1s de 20 participantes que tuvieron la fortuna de vivir esta experiencia, personas que trabajan d\u00eda con d\u00eda para que los simuladores de golf funcionen siempre de la mejor manera y personal de la empresa que con mucho cari\u00f1o y entusiasmo organizaron este espectacular evento por y para los clientes que hacen posible esta fant\u00e1stica experiencia:<\/p>\n\n\n\n<figure class=\"wp-block-embed-youtube wp-block-embed is-type-video is-provider-youtube wp-embed-aspect-16-9 wp-has-aspect-ratio\"><div class=\"wp-block-embed__wrapper\">\n<iframe loading=\"lazy\" title=\"Mulligan&#039;s Mx. - Torneo Novatos 2022  (After movie)\" width=\"960\" height=\"540\" src=\"https:\/\/www.youtube.com\/embed\/Qq2JXhkXCXA?feature=oembed\" frameborder=\"0\" allow=\"accelerometer; autoplay; clipboard-write; encrypted-media; gyroscope; picture-in-picture\" allowfullscreen><\/iframe>\n<\/div><\/figure>\n\n\n\n<p>Conoce m\u00e1s sobre <strong><a href=\"https:\/\/www.mulligans.com.mx\"><span style=\"text-decoration: underline;\">Mulligan&#8217;s<\/span> <\/a><\/strong>y <strong><a href=\"https:\/\/www.sidesports.mx\"><span style=\"text-decoration: underline;\">Side Sports<\/span>.<\/a><\/strong><\/p>\n\n\n<p><script async src=\"https:\/\/pagead2.googlesyndication.com\/pagead\/js\/adsbygoogle.js\"><\/script><br \/>\n<!-- PC 728x90 --><br \/>\n<ins class=\"adsbygoogle\"\n     style=\"display:inline-block;width:728px;height:90px\"\n     data-ad-client=\"ca-pub-9427576701762839\"\n     data-ad-slot=\"1011393878\"><\/ins><br \/>\n<script>\n     (adsbygoogle = window.adsbygoogle || []).push({});\n<\/script><\/p>\n","protected":false},"excerpt":{"rendered":"<p>El pasado mi\u00e9rcoles 27 de abril, en las instalaciones de Mulligan\u00b4s Monterrey, se llev\u00f3 a cabo el torneo de novatos, y la gente qued\u00f3 fascinada con la experiencia. Personas que hasta hace poco tiempo no acostumbraban a jugar al golf pero que gracias a los simuladores de golf Golfzon y a su incre\u00edble tecnolog\u00eda tuvieron&#8230; <\/p>\n<div class=\"clear\"><\/div>\n<p><a href=\"https:\/\/latribunera.com\/apuntes\/index.php\/2022\/05\/10\/extraordinaria-asi-se-define-la-experiencia-del-torneo-de-novatos-que-se-llevo-a-cabo-en-las-instalaciones-de-mulligans\/\" class=\"excerpt-read-more\">Read More<i class=\"fa fa-caret-right icon-caret-right\"><\/i><\/a><\/p>\n","protected":false},"author":23,"featured_media":33430,"comment_status":"open","ping_status":"open","sticky":false,"template":"","format":"standard","meta":{"_jetpack_memberships_contains_paid_content":false,"footnotes":""},"categories":[278],"tags":[964],"class_list":["post-34219","post","type-post","status-publish","format-standard","has-post-thumbnail","hentry","category-solotigres","tag-golf"],"jetpack_featured_media_url":"https:\/\/latribunera.com\/apuntes\/wp-content\/uploads\/2022\/04\/golf_chica.jpg","jetpack-related-posts":[{"id":45421,"url":"https:\/\/latribunera.com\/apuntes\/index.php\/2026\/04\/16\/todo-listo-para-la-14va-edicion-de-la-copa-internacional-santos-penoles\/","url_meta":{"origin":34219,"position":0},"title":"Todo listo para la 14va edici\u00f3n de la Copa Internacional Santos Pe\u00f1oles","author":"Jacob Alarcon","date":"16 abril, 2026","format":false,"excerpt":"Este jueves, en el Auditorio Orlegi de Territorio Santos Modelo, se llev\u00f3 a cabo la presentaci\u00f3noficial de la edici\u00f3n 2026 de la Copa Internacional Santos Pe\u00f1oles, torneo que se ha consolidadocomo uno de los m\u00e1s importantes a nivel infantil y juvenil en M\u00e9xico. Adem\u00e1s de brindar una competencia deportiva de\u2026","rel":"","context":"In &quot;Sin categor\u00eda&quot;","block_context":{"text":"Sin categor\u00eda","link":"https:\/\/latribunera.com\/apuntes\/index.php\/category\/sin-categoria\/"},"img":{"alt_text":"","src":"https:\/\/i0.wp.com\/latribunera.com\/apuntes\/wp-content\/uploads\/2026\/04\/Presentacion-Copa-Santos-Penoles.jpg?resize=350%2C200&ssl=1","width":350,"height":200,"srcset":"https:\/\/i0.wp.com\/latribunera.com\/apuntes\/wp-content\/uploads\/2026\/04\/Presentacion-Copa-Santos-Penoles.jpg?resize=350%2C200&ssl=1 1x, https:\/\/i0.wp.com\/latribunera.com\/apuntes\/wp-content\/uploads\/2026\/04\/Presentacion-Copa-Santos-Penoles.jpg?resize=525%2C300&ssl=1 1.5x, https:\/\/i0.wp.com\/latribunera.com\/apuntes\/wp-content\/uploads\/2026\/04\/Presentacion-Copa-Santos-Penoles.jpg?resize=700%2C400&ssl=1 2x, https:\/\/i0.wp.com\/latribunera.com\/apuntes\/wp-content\/uploads\/2026\/04\/Presentacion-Copa-Santos-Penoles.jpg?resize=1050%2C600&ssl=1 3x, https:\/\/i0.wp.com\/latribunera.com\/apuntes\/wp-content\/uploads\/2026\/04\/Presentacion-Copa-Santos-Penoles.jpg?resize=1400%2C800&ssl=1 4x"},"classes":[]},{"id":45450,"url":"https:\/\/latribunera.com\/apuntes\/index.php\/2026\/07\/02\/santos-laguna-recibira-america-de-cali-historico-del-futbol-sudamericano-en-el-estadio-corona\/","url_meta":{"origin":34219,"position":1},"title":"Santos Laguna recibir\u00e1 Am\u00e9rica de Cali hist\u00f3rico del futbol sudamericano, en el Estadio Corona.","author":"Jacob Alarcon","date":"2 julio, 2026","format":false,"excerpt":"El encuentro se disputar\u00e1 el jueves 9 de julio y representar\u00e1 el regreso de un partido de preparaci\u00f3n ante un rival internacional en el Estadio Corona, previo al inicio del Torneo Apertura 2026. \u2022 Los boletos estar\u00e1n disponibles en $100 y $150 pesos. \u2022 Los Abonados Guerrero Total ingresar\u00e1n sin\u2026","rel":"","context":"In &quot;Sin categor\u00eda&quot;","block_context":{"text":"Sin categor\u00eda","link":"https:\/\/latribunera.com\/apuntes\/index.php\/category\/sin-categoria\/"},"img":{"alt_text":"","src":"https:\/\/i0.wp.com\/latribunera.com\/apuntes\/wp-content\/uploads\/2026\/07\/Santos-vs-America-de-Cali.jpg?resize=350%2C200&ssl=1","width":350,"height":200,"srcset":"https:\/\/i0.wp.com\/latribunera.com\/apuntes\/wp-content\/uploads\/2026\/07\/Santos-vs-America-de-Cali.jpg?resize=350%2C200&ssl=1 1x, https:\/\/i0.wp.com\/latribunera.com\/apuntes\/wp-content\/uploads\/2026\/07\/Santos-vs-America-de-Cali.jpg?resize=525%2C300&ssl=1 1.5x, https:\/\/i0.wp.com\/latribunera.com\/apuntes\/wp-content\/uploads\/2026\/07\/Santos-vs-America-de-Cali.jpg?resize=700%2C400&ssl=1 2x, https:\/\/i0.wp.com\/latribunera.com\/apuntes\/wp-content\/uploads\/2026\/07\/Santos-vs-America-de-Cali.jpg?resize=1050%2C600&ssl=1 3x, https:\/\/i0.wp.com\/latribunera.com\/apuntes\/wp-content\/uploads\/2026\/07\/Santos-vs-America-de-Cali.jpg?resize=1400%2C800&ssl=1 4x"},"classes":[]},{"id":45429,"url":"https:\/\/latribunera.com\/apuntes\/index.php\/2026\/05\/19\/club-santos-laguna-anuncia-a-renato-paiva-como-director-tecnico-de-los-guerreros\/","url_meta":{"origin":34219,"position":2},"title":"Club Santos Laguna anuncia a Renato Paiva como director t\u00e9cnico de los Guerreros","author":"Jacob Alarcon","date":"19 mayo, 2026","format":false,"excerpt":"Club Santos Laguna informa la contrataci\u00f3n de Renato Manuel Alves Paiva como Director T\u00e9cnico del Primer Equipo de los Guerreros. La incorporaci\u00f3n del estratega portugu\u00e9s forma parte de la reestructura deportiva que vive la instituci\u00f3n santista, enfocada en impulsar un cambio de fondo que permita fortalecer su metodolog\u00eda de trabajo\u2026","rel":"","context":"In &quot;Pasi\u00f3n Guerrera&quot;","block_context":{"text":"Pasi\u00f3n Guerrera","link":"https:\/\/latribunera.com\/apuntes\/index.php\/category\/tribus\/pasionguerrera\/"},"img":{"alt_text":"","src":"https:\/\/i0.wp.com\/latribunera.com\/apuntes\/wp-content\/uploads\/2026\/05\/b5856b03-d2a7-4e72-95af-09fe86011ed5.jpg?resize=350%2C200&ssl=1","width":350,"height":200,"srcset":"https:\/\/i0.wp.com\/latribunera.com\/apuntes\/wp-content\/uploads\/2026\/05\/b5856b03-d2a7-4e72-95af-09fe86011ed5.jpg?resize=350%2C200&ssl=1 1x, https:\/\/i0.wp.com\/latribunera.com\/apuntes\/wp-content\/uploads\/2026\/05\/b5856b03-d2a7-4e72-95af-09fe86011ed5.jpg?resize=525%2C300&ssl=1 1.5x, https:\/\/i0.wp.com\/latribunera.com\/apuntes\/wp-content\/uploads\/2026\/05\/b5856b03-d2a7-4e72-95af-09fe86011ed5.jpg?resize=700%2C400&ssl=1 2x, https:\/\/i0.wp.com\/latribunera.com\/apuntes\/wp-content\/uploads\/2026\/05\/b5856b03-d2a7-4e72-95af-09fe86011ed5.jpg?resize=1050%2C600&ssl=1 3x, https:\/\/i0.wp.com\/latribunera.com\/apuntes\/wp-content\/uploads\/2026\/05\/b5856b03-d2a7-4e72-95af-09fe86011ed5.jpg?resize=1400%2C800&ssl=1 4x"},"classes":[]},{"id":45386,"url":"https:\/\/latribunera.com\/apuntes\/index.php\/2026\/03\/11\/santos-launa-impulsa-mejoras-en-la-infraestructura-de-tsm-y-estadio-corona\/","url_meta":{"origin":34219,"position":3},"title":"Santos Laguna impulsa mejoras en la infraestructura de TSM y Estadio Corona","author":"Jacob Alarcon","date":"11 marzo, 2026","format":false,"excerpt":"Club Santos Laguna lleva a cabo una serie de reformas y mejoras en la infraestructura de TerritorioSantos Modelo y del Estadio Corona, con el objetivo de impulsar la innovaci\u00f3n tecnol\u00f3gica, lasostenibilidad y la modernizaci\u00f3n de sus espacios.Con estas acciones, el club contin\u00faa fortaleciendo la experiencia de sus aficionados yactualizando sus\u2026","rel":"","context":"In &quot;Pasi\u00f3n Guerrera&quot;","block_context":{"text":"Pasi\u00f3n Guerrera","link":"https:\/\/latribunera.com\/apuntes\/index.php\/category\/tribus\/pasionguerrera\/"},"img":{"alt_text":"","src":"https:\/\/i0.wp.com\/latribunera.com\/apuntes\/wp-content\/uploads\/2026\/03\/Renovacion-TSM.jpg?resize=350%2C200&ssl=1","width":350,"height":200,"srcset":"https:\/\/i0.wp.com\/latribunera.com\/apuntes\/wp-content\/uploads\/2026\/03\/Renovacion-TSM.jpg?resize=350%2C200&ssl=1 1x, https:\/\/i0.wp.com\/latribunera.com\/apuntes\/wp-content\/uploads\/2026\/03\/Renovacion-TSM.jpg?resize=525%2C300&ssl=1 1.5x, https:\/\/i0.wp.com\/latribunera.com\/apuntes\/wp-content\/uploads\/2026\/03\/Renovacion-TSM.jpg?resize=700%2C400&ssl=1 2x, https:\/\/i0.wp.com\/latribunera.com\/apuntes\/wp-content\/uploads\/2026\/03\/Renovacion-TSM.jpg?resize=1050%2C600&ssl=1 3x, https:\/\/i0.wp.com\/latribunera.com\/apuntes\/wp-content\/uploads\/2026\/03\/Renovacion-TSM.jpg?resize=1400%2C800&ssl=1 4x"},"classes":[]},{"id":45502,"url":"https:\/\/latribunera.com\/apuntes\/index.php\/2026\/08\/25\/el-corona-se-prepara-para-una-noche-especial-ante-tigres\/","url_meta":{"origin":34219,"position":4},"title":"El Corona se prepara para una noche especial ante Tigres","author":"Staff","date":"25 agosto, 2026","format":false,"excerpt":"Un nuevo duelo en el Estadio Corona est\u00e1 cada vez m\u00e1s cerca y la afici\u00f3n santista se prepara para vivir una noche llena de emociones. Los Guerreros recibir\u00e1n a Tigres este s\u00e1bado 29 de agosto a las 21:10 horas, en partido correspondiente a la jornada 6 del Torneo Apertura 2026.\u2026","rel":"","context":"In &quot;Pasi\u00f3n Guerrera&quot;","block_context":{"text":"Pasi\u00f3n Guerrera","link":"https:\/\/latribunera.com\/apuntes\/index.php\/category\/tribus\/pasionguerrera\/"},"img":{"alt_text":"","src":"https:\/\/i0.wp.com\/latribunera.com\/apuntes\/wp-content\/uploads\/2026\/08\/Drones-TSM.jpg?resize=350%2C200&ssl=1","width":350,"height":200,"srcset":"https:\/\/i0.wp.com\/latribunera.com\/apuntes\/wp-content\/uploads\/2026\/08\/Drones-TSM.jpg?resize=350%2C200&ssl=1 1x, https:\/\/i0.wp.com\/latribunera.com\/apuntes\/wp-content\/uploads\/2026\/08\/Drones-TSM.jpg?resize=525%2C300&ssl=1 1.5x, https:\/\/i0.wp.com\/latribunera.com\/apuntes\/wp-content\/uploads\/2026\/08\/Drones-TSM.jpg?resize=700%2C400&ssl=1 2x, https:\/\/i0.wp.com\/latribunera.com\/apuntes\/wp-content\/uploads\/2026\/08\/Drones-TSM.jpg?resize=1050%2C600&ssl=1 3x, https:\/\/i0.wp.com\/latribunera.com\/apuntes\/wp-content\/uploads\/2026\/08\/Drones-TSM.jpg?resize=1400%2C800&ssl=1 4x"},"classes":[]},{"id":45462,"url":"https:\/\/latribunera.com\/apuntes\/index.php\/2026\/07\/27\/una-experiencia-unica-para-la-aficion-en-el-estadio-corona\/","url_meta":{"origin":34219,"position":5},"title":"Una experiencia \u00fanica para la afici\u00f3n en el Estadio Corona","author":"Staff","date":"27 julio, 2026","format":false,"excerpt":"El Estadio Corona vivi\u00f3 una noche llena de emociones, en la que la sinergia entre el equipo y la afici\u00f3n se hizo presente de principio a fin. M\u00e1s de 20 mil aficionados se dieron cita en la casa de los Guerreros para compartir una jornada llena de momentos especiales. Desde\u2026","rel":"","context":"In &quot;Liga MX&quot;","block_context":{"text":"Liga MX","link":"https:\/\/latribunera.com\/apuntes\/index.php\/category\/futbol\/futbol-mexicano\/"},"img":{"alt_text":"","src":"https:\/\/i0.wp.com\/latribunera.com\/apuntes\/wp-content\/uploads\/2026\/07\/Carlos-Acevedo-Protocol-Tunel-Jornada-2-vs-Atlas.jpg?resize=350%2C200&ssl=1","width":350,"height":200,"srcset":"https:\/\/i0.wp.com\/latribunera.com\/apuntes\/wp-content\/uploads\/2026\/07\/Carlos-Acevedo-Protocol-Tunel-Jornada-2-vs-Atlas.jpg?resize=350%2C200&ssl=1 1x, https:\/\/i0.wp.com\/latribunera.com\/apuntes\/wp-content\/uploads\/2026\/07\/Carlos-Acevedo-Protocol-Tunel-Jornada-2-vs-Atlas.jpg?resize=525%2C300&ssl=1 1.5x, https:\/\/i0.wp.com\/latribunera.com\/apuntes\/wp-content\/uploads\/2026\/07\/Carlos-Acevedo-Protocol-Tunel-Jornada-2-vs-Atlas.jpg?resize=700%2C400&ssl=1 2x, https:\/\/i0.wp.com\/latribunera.com\/apuntes\/wp-content\/uploads\/2026\/07\/Carlos-Acevedo-Protocol-Tunel-Jornada-2-vs-Atlas.jpg?resize=1050%2C600&ssl=1 3x, https:\/\/i0.wp.com\/latribunera.com\/apuntes\/wp-content\/uploads\/2026\/07\/Carlos-Acevedo-Protocol-Tunel-Jornada-2-vs-Atlas.jpg?resize=1400%2C800&ssl=1 4x"},"classes":[]}],"jetpack_sharing_enabled":true,"_links":{"self":[{"href":"https:\/\/latribunera.com\/apuntes\/index.php\/wp-json\/wp\/v2\/posts\/34219","targetHints":{"allow":["GET"]}}],"collection":[{"href":"https:\/\/latribunera.com\/apuntes\/index.php\/wp-json\/wp\/v2\/posts"}],"about":[{"href":"https:\/\/latribunera.com\/apuntes\/index.php\/wp-json\/wp\/v2\/types\/post"}],"author":[{"embeddable":true,"href":"https:\/\/latribunera.com\/apuntes\/index.php\/wp-json\/wp\/v2\/users\/23"}],"replies":[{"embeddable":true,"href":"https:\/\/latribunera.com\/apuntes\/index.php\/wp-json\/wp\/v2\/comments?post=34219"}],"version-history":[{"count":4,"href":"https:\/\/latribunera.com\/apuntes\/index.php\/wp-json\/wp\/v2\/posts\/34219\/revisions"}],"predecessor-version":[{"id":34261,"href":"https:\/\/latribunera.com\/apuntes\/index.php\/wp-json\/wp\/v2\/posts\/34219\/revisions\/34261"}],"wp:featuredmedia":[{"embeddable":true,"href":"https:\/\/latribunera.com\/apuntes\/index.php\/wp-json\/wp\/v2\/media\/33430"}],"wp:attachment":[{"href":"https:\/\/latribunera.com\/apuntes\/index.php\/wp-json\/wp\/v2\/media?parent=34219"}],"wp:term":[{"taxonomy":"category","embeddable":true,"href":"https:\/\/latribunera.com\/apuntes\/index.php\/wp-json\/wp\/v2\/categories?post=34219"},{"taxonomy":"post_tag","embeddable":true,"href":"https:\/\/latribunera.com\/apuntes\/index.php\/wp-json\/wp\/v2\/tags?post=34219"}],"curies":[{"name":"wp","href":"https:\/\/api.w.org\/{rel}","templated":true}]}}