{"id":34751,"date":"2022-06-25T02:40:00","date_gmt":"2022-06-25T02:40:00","guid":{"rendered":"http:\/\/latribunera.com\/apuntes\/?p=34751"},"modified":"2022-06-25T02:40:48","modified_gmt":"2022-06-25T02:40:48","slug":"rumbo-al-apertura-2022","status":"publish","type":"post","link":"https:\/\/latribunera.com\/apuntes\/index.php\/2022\/06\/25\/rumbo-al-apertura-2022\/","title":{"rendered":"LOS CAMPAMENTOS | LIGA MX"},"content":{"rendered":"\n<p><\/p>\n\n\n\n<p><\/p>\n\n\n\n<p><strong>Las altas, bajas, los rumores de la Liga MX&#8230;<\/strong><\/p>\n\n\n\n<p>\u00a1Todo en un solo lugar!<\/p>\n\n\n\n<p><strong>RUMBO AL APERTURA 2022 <\/strong><\/p>\n\n\n\n<p><strong><a href=\"http:\/\/latribunera.com\/apuntes\/index.php\/2022\/05\/25\/america\/\"><span style=\"text-decoration: underline;\">Am\u00e9rica<\/span><\/a><\/strong><\/p>\n\n\n\n<p><strong><a href=\"http:\/\/latribunera.com\/apuntes\/index.php\/2022\/05\/25\/atlas\/\"><span style=\"text-decoration: underline;\">Atlas<\/span><\/a><\/strong><\/p>\n\n\n\n<p><strong><a href=\"http:\/\/latribunera.com\/apuntes\/index.php\/2022\/05\/25\/cruz-azul\/\"><span style=\"text-decoration: underline;\">Cruz Azul<\/span><\/a><\/strong><\/p>\n\n\n\n<p><strong><a href=\"http:\/\/latribunera.com\/apuntes\/index.php\/2022\/05\/25\/guadalajara\/\"><span style=\"text-decoration: underline;\">Guadalajara<\/span><\/a><\/strong><\/p>\n\n\n\n<p><\/p>\n\n\n<p><script async=\"\" src=\"https:\/\/pagead2.googlesyndication.com\/pagead\/js\/adsbygoogle.js\"><\/script><br \/>\n<!-- PC 728x90 --><br \/>\n<ins class=\"adsbygoogle\" style=\"display:inline-block;width:728px;height:90px\" data-ad-client=\"ca-pub-9427576701762839\" data-ad-slot=\"1011393878\"><\/ins><br \/>\n<script>\n(adsbygoogle = window.adsbygoogle || []).push({});\n<\/script><\/p>\n\n\n\n<p><\/p>\n\n\n\n<p><\/p>\n\n\n\n<p><strong><a href=\"http:\/\/latribunera.com\/apuntes\/index.php\/2022\/05\/25\/juarez\/\"><span style=\"text-decoration: underline;\">Ju\u00e1rez<\/span><\/a><\/strong><\/p>\n\n\n\n<p><strong><a href=\"http:\/\/latribunera.com\/apuntes\/index.php\/2022\/05\/25\/leon\/\"><span style=\"text-decoration: underline;\">Le\u00f3n<\/span><\/a><\/strong><\/p>\n\n\n\n<p><strong><a href=\"http:\/\/latribunera.com\/apuntes\/index.php\/2022\/05\/25\/mazatlan\/\"><span style=\"text-decoration: underline;\">Mazatl\u00e1n<\/span><\/a><\/strong><\/p>\n\n\n\n<p><strong><a href=\"http:\/\/latribunera.com\/apuntes\/index.php\/2022\/05\/25\/monterrey\/\"><span style=\"text-decoration: underline;\">Monterrey<\/span><\/a><\/strong><\/p>\n\n\n\n<p><\/p>\n\n\n\n<p><\/p>\n\n\n<p><script async=\"\" src=\"https:\/\/pagead2.googlesyndication.com\/pagead\/js\/adsbygoogle.js\"><\/script><br \/>\n<!-- PC 728x90 --><br \/>\n<ins class=\"adsbygoogle\" style=\"display:inline-block;width:728px;height:90px\" data-ad-client=\"ca-pub-9427576701762839\" data-ad-slot=\"1011393878\"><\/ins><br \/>\n<script>\n(adsbygoogle = window.adsbygoogle || []).push({});\n<\/script><\/p>\n\n\n\n<p><\/p>\n\n\n\n<p><\/p>\n\n\n\n<p><strong><a href=\"http:\/\/latribunera.com\/apuntes\/index.php\/2022\/05\/25\/necaxa\/\"><span style=\"text-decoration: underline;\">Necaxa<\/span><\/a><\/strong><\/p>\n\n\n\n<p><strong><a href=\"http:\/\/latribunera.com\/apuntes\/index.php\/2022\/05\/25\/pachuca\/\"><span style=\"text-decoration: underline;\">Pachuca<\/span><\/a><\/strong><\/p>\n\n\n\n<p><strong><a href=\"http:\/\/latribunera.com\/apuntes\/index.php\/2022\/05\/25\/puebla\/\"><span style=\"text-decoration: underline;\">Puebla<\/span><\/a><\/strong><\/p>\n\n\n\n<p><strong><a href=\"http:\/\/latribunera.com\/apuntes\/index.php\/2022\/05\/25\/queretaro\/\"><span style=\"text-decoration: underline;\">Quer\u00e9taro<\/span><\/a><\/strong><\/p>\n\n\n\n<p><strong><a href=\"http:\/\/latribunera.com\/apuntes\/index.php\/2022\/05\/25\/san-luis\/\"><span style=\"text-decoration: underline;\">San Luis<\/span><\/a><\/strong><\/p>\n\n\n\n<p><strong><a href=\"http:\/\/latribunera.com\/apuntes\/index.php\/2022\/05\/25\/santos\/\"><span style=\"text-decoration: underline;\">Santos<\/span><\/a><\/strong><\/p>\n\n\n\n<p><strong><a href=\"http:\/\/latribunera.com\/apuntes\/index.php\/2022\/05\/25\/tigres\/\"><span style=\"text-decoration: underline;\">Tigres<\/span><\/a><\/strong><\/p>\n\n\n\n<p><strong><a href=\"http:\/\/latribunera.com\/apuntes\/index.php\/2022\/05\/25\/tijuana\/\"><span style=\"text-decoration: underline;\">Tijuana<\/span><\/a><\/strong><\/p>\n\n\n\n<p><strong><a href=\"http:\/\/latribunera.com\/apuntes\/index.php\/2022\/05\/25\/toluca\/\"><span style=\"text-decoration: underline;\">Toluca<\/span><\/a><\/strong><\/p>\n\n\n\n<p><strong><a href=\"http:\/\/latribunera.com\/apuntes\/index.php\/2022\/05\/25\/unam\/\"><span style=\"text-decoration: underline;\">UNAM<\/span><\/a><\/strong><\/p>\n\n\n\n<p><\/p>\n\n\n\n<p>(*) Hasta el 25 de junio<\/p>\n\n\n\n<p><\/p>\n\n\n\n<p><\/p>\n\n\n<p><script async=\"\" src=\"https:\/\/pagead2.googlesyndication.com\/pagead\/js\/adsbygoogle.js\"><\/script><br \/>\n<!-- PC 728x90 --><br \/>\n<ins class=\"adsbygoogle\" style=\"display:inline-block;width:728px;height:90px\" data-ad-client=\"ca-pub-9427576701762839\" data-ad-slot=\"1011393878\"><\/ins><br \/>\n<script>\n(adsbygoogle = window.adsbygoogle || []).push({});\n<\/script><\/p>\n","protected":false},"excerpt":{"rendered":"<p>Las altas, bajas, los rumores de la Liga MX&#8230; \u00a1Todo en un solo lugar! RUMBO AL APERTURA 2022 Am\u00e9rica Atlas Cruz Azul Guadalajara Ju\u00e1rez Le\u00f3n Mazatl\u00e1n Monterrey Necaxa Pachuca Puebla Quer\u00e9taro San Luis Santos Tigres Tijuana Toluca UNAM (*) Hasta el 25 de junio<\/p>\n","protected":false},"author":4,"featured_media":34752,"comment_status":"open","ping_status":"open","sticky":false,"template":"","format":"standard","meta":{"_jetpack_memberships_contains_paid_content":false,"footnotes":""},"categories":[231,2,64],"tags":[74,256],"class_list":["post-34751","post","type-post","status-publish","format-standard","has-post-thumbnail","hentry","category-apuntes","category-futbol-mexicano","category-futbol-mexicano-femenil","tag-liga-mx","tag-liga-mx-femenil"],"jetpack_featured_media_url":"https:\/\/latribunera.com\/apuntes\/wp-content\/uploads\/2022\/05\/Dise\u00f1o-sin-t\u00edtulo-32.jpg","jetpack-related-posts":[{"id":45421,"url":"https:\/\/latribunera.com\/apuntes\/index.php\/2026\/04\/16\/todo-listo-para-la-14va-edicion-de-la-copa-internacional-santos-penoles\/","url_meta":{"origin":34751,"position":0},"title":"Todo listo para la 14va edici\u00f3n de la Copa Internacional Santos Pe\u00f1oles","author":"Jacob Alarcon","date":"16 abril, 2026","format":false,"excerpt":"Este jueves, en el Auditorio Orlegi de Territorio Santos Modelo, se llev\u00f3 a cabo la presentaci\u00f3noficial de la edici\u00f3n 2026 de la Copa Internacional Santos Pe\u00f1oles, torneo que se ha consolidadocomo uno de los m\u00e1s importantes a nivel infantil y juvenil en M\u00e9xico. Adem\u00e1s de brindar una competencia deportiva de\u2026","rel":"","context":"In &quot;Sin categor\u00eda&quot;","block_context":{"text":"Sin categor\u00eda","link":"https:\/\/latribunera.com\/apuntes\/index.php\/category\/sin-categoria\/"},"img":{"alt_text":"","src":"https:\/\/i0.wp.com\/latribunera.com\/apuntes\/wp-content\/uploads\/2026\/04\/Presentacion-Copa-Santos-Penoles.jpg?resize=350%2C200&ssl=1","width":350,"height":200,"srcset":"https:\/\/i0.wp.com\/latribunera.com\/apuntes\/wp-content\/uploads\/2026\/04\/Presentacion-Copa-Santos-Penoles.jpg?resize=350%2C200&ssl=1 1x, https:\/\/i0.wp.com\/latribunera.com\/apuntes\/wp-content\/uploads\/2026\/04\/Presentacion-Copa-Santos-Penoles.jpg?resize=525%2C300&ssl=1 1.5x, https:\/\/i0.wp.com\/latribunera.com\/apuntes\/wp-content\/uploads\/2026\/04\/Presentacion-Copa-Santos-Penoles.jpg?resize=700%2C400&ssl=1 2x, https:\/\/i0.wp.com\/latribunera.com\/apuntes\/wp-content\/uploads\/2026\/04\/Presentacion-Copa-Santos-Penoles.jpg?resize=1050%2C600&ssl=1 3x, https:\/\/i0.wp.com\/latribunera.com\/apuntes\/wp-content\/uploads\/2026\/04\/Presentacion-Copa-Santos-Penoles.jpg?resize=1400%2C800&ssl=1 4x"},"classes":[]}],"jetpack_sharing_enabled":true,"_links":{"self":[{"href":"https:\/\/latribunera.com\/apuntes\/index.php\/wp-json\/wp\/v2\/posts\/34751","targetHints":{"allow":["GET"]}}],"collection":[{"href":"https:\/\/latribunera.com\/apuntes\/index.php\/wp-json\/wp\/v2\/posts"}],"about":[{"href":"https:\/\/latribunera.com\/apuntes\/index.php\/wp-json\/wp\/v2\/types\/post"}],"author":[{"embeddable":true,"href":"https:\/\/latribunera.com\/apuntes\/index.php\/wp-json\/wp\/v2\/users\/4"}],"replies":[{"embeddable":true,"href":"https:\/\/latribunera.com\/apuntes\/index.php\/wp-json\/wp\/v2\/comments?post=34751"}],"version-history":[{"count":10,"href":"https:\/\/latribunera.com\/apuntes\/index.php\/wp-json\/wp\/v2\/posts\/34751\/revisions"}],"predecessor-version":[{"id":35800,"href":"https:\/\/latribunera.com\/apuntes\/index.php\/wp-json\/wp\/v2\/posts\/34751\/revisions\/35800"}],"wp:featuredmedia":[{"embeddable":true,"href":"https:\/\/latribunera.com\/apuntes\/index.php\/wp-json\/wp\/v2\/media\/34752"}],"wp:attachment":[{"href":"https:\/\/latribunera.com\/apuntes\/index.php\/wp-json\/wp\/v2\/media?parent=34751"}],"wp:term":[{"taxonomy":"category","embeddable":true,"href":"https:\/\/latribunera.com\/apuntes\/index.php\/wp-json\/wp\/v2\/categories?post=34751"},{"taxonomy":"post_tag","embeddable":true,"href":"https:\/\/latribunera.com\/apuntes\/index.php\/wp-json\/wp\/v2\/tags?post=34751"}],"curies":[{"name":"wp","href":"https:\/\/api.w.org\/{rel}","templated":true}]}}