{"id":35094,"date":"2022-06-08T05:07:00","date_gmt":"2022-06-08T05:07:00","guid":{"rendered":"http:\/\/latribunera.com\/apuntes\/?p=35094"},"modified":"2022-06-14T06:08:45","modified_gmt":"2022-06-14T06:08:45","slug":"los-campamentos-liga-mx-femenil","status":"publish","type":"post","link":"https:\/\/latribunera.com\/apuntes\/index.php\/2022\/06\/08\/los-campamentos-liga-mx-femenil\/","title":{"rendered":"LOS CAMPAMENTOS | LIGA MX FEMENIL"},"content":{"rendered":"\n<p><\/p>\n\n\n\n<p><\/p>\n\n\n<p><script async=\"\" src=\"https:\/\/pagead2.googlesyndication.com\/pagead\/js\/adsbygoogle.js\"><\/script><br \/>\n<!-- PC 728x90 --><br \/>\n<ins class=\"adsbygoogle\" style=\"display:inline-block;width:728px;height:90px\" data-ad-client=\"ca-pub-9427576701762839\" data-ad-slot=\"1011393878\"><\/ins><br \/>\n<script>\n     (adsbygoogle = window.adsbygoogle || []).push({});\n<\/script><\/p>\n\n\n\n<p><\/p>\n\n\n\n<p><\/p>\n\n\n\n<p> <strong>Las altas, bajas, los rumores de la Liga MX Femenil&#8230;<\/strong> <\/p>\n\n\n\n<p> \u00a1Todo en un solo lugar! <\/p>\n\n\n\n<p> <strong>RUMBO AL APERTURA 2022 <\/strong> <\/p>\n\n\n\n<p> <span style=\"text-decoration: underline;\"><strong><a href=\"http:\/\/latribunera.com\/apuntes\/index.php\/2022\/05\/25\/america-femenil\/\">Am\u00e9rica Femenil<\/a><\/strong> <\/span><\/p>\n\n\n\n<p> <span style=\"text-decoration: underline;\"><strong><a href=\"http:\/\/latribunera.com\/apuntes\/index.php\/2022\/05\/25\/atlas-femenil\/\">Atlas Femenil<\/a><\/strong> <\/span><\/p>\n\n\n\n<p><span style=\"text-decoration: underline;\"> <strong><a href=\"http:\/\/latribunera.com\/apuntes\/index.php\/2022\/05\/25\/cruz-azul-femenil\/\">Cruz Azul Femenil<\/a><\/strong><\/span> <\/p>\n\n\n\n<p> <span style=\"text-decoration: underline;\"><strong><a href=\"http:\/\/latribunera.com\/apuntes\/index.php\/2022\/05\/25\/guadalajara-femenil\/\">Guadalajara Femenil<\/a><\/strong> <\/span><\/p>\n\n\n\n<p> <span style=\"text-decoration: underline;\"><strong><a href=\"http:\/\/latribunera.com\/apuntes\/index.php\/2022\/05\/25\/juarez-femenil\/\">Ju\u00e1rez Femenil<\/a><\/strong> <\/span><\/p>\n\n\n\n<p> <span style=\"text-decoration: underline;\"><strong><a href=\"http:\/\/latribunera.com\/apuntes\/index.php\/2022\/05\/25\/leon-femenil\/\">Le\u00f3n Femenil<\/a><\/strong> <\/span><\/p>\n\n\n\n<p> <span style=\"text-decoration: underline;\"><strong><a href=\"http:\/\/latribunera.com\/apuntes\/index.php\/2022\/05\/25\/mazatlan-femenil\/\">Mazatl\u00e1n Femenil<\/a><\/strong> <\/span><\/p>\n\n\n\n<p> <strong><a href=\"http:\/\/latribunera.com\/apuntes\/index.php\/2022\/05\/25\/rayadas\/\"><span style=\"text-decoration: underline;\">Rayadas<\/span><\/a><\/strong> <\/p>\n\n\n\n<p> <span style=\"text-decoration: underline;\"><strong><a href=\"http:\/\/latribunera.com\/apuntes\/index.php\/2022\/05\/25\/necaxa-femenil\/\">Necaxa Femenil<\/a><\/strong> <\/span><\/p>\n\n\n\n<p> <span style=\"text-decoration: underline;\"><strong><a href=\"http:\/\/latribunera.com\/apuntes\/index.php\/2022\/05\/25\/pachuca-femenil\/\">Pachuca Femenil<\/a><\/strong> <\/span><\/p>\n\n\n\n<p> <span style=\"text-decoration: underline;\"><strong><a href=\"http:\/\/latribunera.com\/apuntes\/index.php\/2022\/05\/25\/puebla-femenil\/\">Puebla Femenil<\/a><\/strong> <\/span><\/p>\n\n\n\n<p> <span style=\"text-decoration: underline;\"><strong><a href=\"http:\/\/latribunera.com\/apuntes\/index.php\/2022\/05\/25\/queretaro-femenil\/\">Quer\u00e9taro Femenil<\/a><\/strong> <\/span><\/p>\n\n\n\n<p> <span style=\"text-decoration: underline;\"><strong><a href=\"http:\/\/latribunera.com\/apuntes\/index.php\/2022\/05\/25\/san-luis-2\/\">San Luis Femenil<\/a><\/strong> <\/span><\/p>\n\n\n\n<p> <span style=\"text-decoration: underline;\"><strong><a href=\"http:\/\/latribunera.com\/apuntes\/index.php\/2022\/05\/25\/santos-femenil\/\">Santos Femenil<\/a><\/strong> <\/span><\/p>\n\n\n\n<p> <span style=\"text-decoration: underline;\"><strong><a href=\"http:\/\/latribunera.com\/apuntes\/index.php\/2022\/05\/25\/tigres-femenil\/\">Tigres Femenil<\/a><\/strong> <\/span><\/p>\n\n\n\n<p> <span style=\"text-decoration: underline;\"><strong><a href=\"http:\/\/latribunera.com\/apuntes\/index.php\/2022\/05\/25\/tijuana-femenil\/\">Tijuana Femenil<\/a><\/strong> <\/span><\/p>\n\n\n\n<p> <span style=\"text-decoration: underline;\"><strong><a href=\"http:\/\/latribunera.com\/apuntes\/index.php\/2022\/05\/25\/toluca-femenil\/\">Toluca Femenil<\/a><\/strong> <\/span><\/p>\n\n\n\n<p> <span style=\"text-decoration: underline;\"><strong><a href=\"http:\/\/latribunera.com\/apuntes\/index.php\/2022\/05\/25\/unam-femenil-2\/\">UNAM Femenil<\/a><\/strong> <\/span><\/p>\n\n\n\n<p><\/p>\n\n\n\n<p><strong>(*) Informaci\u00f3n actualizada hasta el 14 de junio<\/strong><\/p>\n\n\n<p><script async=\"\" src=\"https:\/\/pagead2.googlesyndication.com\/pagead\/js\/adsbygoogle.js\"><\/script><br \/>\n<!-- PC 728x90 --><br \/>\n<ins class=\"adsbygoogle\" style=\"display:inline-block;width:728px;height:90px\" data-ad-client=\"ca-pub-9427576701762839\" data-ad-slot=\"1011393878\"><\/ins><br \/>\n<script>\n     (adsbygoogle = window.adsbygoogle || []).push({});\n<\/script><\/p>\n","protected":false},"excerpt":{"rendered":"<p>Las altas, bajas, los rumores de la Liga MX Femenil&#8230; \u00a1Todo en un solo lugar! RUMBO AL APERTURA 2022 Am\u00e9rica Femenil Atlas Femenil Cruz Azul Femenil Guadalajara Femenil Ju\u00e1rez Femenil Le\u00f3n Femenil Mazatl\u00e1n Femenil Rayadas Necaxa Femenil Pachuca Femenil Puebla Femenil Quer\u00e9taro Femenil San Luis Femenil Santos Femenil Tigres Femenil Tijuana Femenil Toluca Femenil UNAM&#8230; <\/p>\n<div class=\"clear\"><\/div>\n<p><a href=\"https:\/\/latribunera.com\/apuntes\/index.php\/2022\/06\/08\/los-campamentos-liga-mx-femenil\/\" class=\"excerpt-read-more\">Read More<i class=\"fa fa-caret-right icon-caret-right\"><\/i><\/a><\/p>\n","protected":false},"author":4,"featured_media":26067,"comment_status":"open","ping_status":"open","sticky":false,"template":"","format":"standard","meta":{"_jetpack_memberships_contains_paid_content":false,"footnotes":""},"categories":[231,64],"tags":[256],"class_list":["post-35094","post","type-post","status-publish","format-standard","has-post-thumbnail","hentry","category-apuntes","category-futbol-mexicano-femenil","tag-liga-mx-femenil"],"jetpack_featured_media_url":"https:\/\/latribunera.com\/apuntes\/wp-content\/uploads\/2021\/12\/noname-3.png","jetpack-related-posts":[{"id":45489,"url":"https:\/\/latribunera.com\/apuntes\/index.php\/2026\/08\/14\/santos-laguna-invita-a-su-aficion-a-pintar-de-verde-el-corona-ante-chivas\/","url_meta":{"origin":35094,"position":0},"title":"Santos Laguna invita a su afici\u00f3n a pintar de verde el Corona ante Chivas.","author":"Staff","date":"14 agosto, 2026","format":false,"excerpt":"\u2022 Los Guerreros regresan a casa con el envi\u00f3n an\u00edmico de su triunfo ante Philadelphia Union y buscar\u00e1n, junto a su afici\u00f3n, su primera victoria del Apertura 2026. Luego de cerrar su participaci\u00f3n en la Leagues Cup 2026 con una victoria de 2 a 0 sobre Philadelphia Union en el\u2026","rel":"","context":"In &quot;Liga MX&quot;","block_context":{"text":"Liga MX","link":"https:\/\/latribunera.com\/apuntes\/index.php\/category\/futbol\/futbol-mexicano\/"},"img":{"alt_text":"","src":"https:\/\/i0.wp.com\/latribunera.com\/apuntes\/wp-content\/uploads\/2026\/08\/IMG-20260814-WA0041.jpg?resize=350%2C200&ssl=1","width":350,"height":200,"srcset":"https:\/\/i0.wp.com\/latribunera.com\/apuntes\/wp-content\/uploads\/2026\/08\/IMG-20260814-WA0041.jpg?resize=350%2C200&ssl=1 1x, https:\/\/i0.wp.com\/latribunera.com\/apuntes\/wp-content\/uploads\/2026\/08\/IMG-20260814-WA0041.jpg?resize=525%2C300&ssl=1 1.5x, https:\/\/i0.wp.com\/latribunera.com\/apuntes\/wp-content\/uploads\/2026\/08\/IMG-20260814-WA0041.jpg?resize=700%2C400&ssl=1 2x, https:\/\/i0.wp.com\/latribunera.com\/apuntes\/wp-content\/uploads\/2026\/08\/IMG-20260814-WA0041.jpg?resize=1050%2C600&ssl=1 3x, https:\/\/i0.wp.com\/latribunera.com\/apuntes\/wp-content\/uploads\/2026\/08\/IMG-20260814-WA0041.jpg?resize=1400%2C800&ssl=1 4x"},"classes":[]},{"id":45502,"url":"https:\/\/latribunera.com\/apuntes\/index.php\/2026\/08\/25\/el-corona-se-prepara-para-una-noche-especial-ante-tigres\/","url_meta":{"origin":35094,"position":1},"title":"El Corona se prepara para una noche especial ante Tigres","author":"Staff","date":"25 agosto, 2026","format":false,"excerpt":"Un nuevo duelo en el Estadio Corona est\u00e1 cada vez m\u00e1s cerca y la afici\u00f3n santista se prepara para vivir una noche llena de emociones. Los Guerreros recibir\u00e1n a Tigres este s\u00e1bado 29 de agosto a las 21:10 horas, en partido correspondiente a la jornada 6 del Torneo Apertura 2026.\u2026","rel":"","context":"In &quot;Pasi\u00f3n Guerrera&quot;","block_context":{"text":"Pasi\u00f3n Guerrera","link":"https:\/\/latribunera.com\/apuntes\/index.php\/category\/tribus\/pasionguerrera\/"},"img":{"alt_text":"","src":"https:\/\/i0.wp.com\/latribunera.com\/apuntes\/wp-content\/uploads\/2026\/08\/Drones-TSM.jpg?resize=350%2C200&ssl=1","width":350,"height":200,"srcset":"https:\/\/i0.wp.com\/latribunera.com\/apuntes\/wp-content\/uploads\/2026\/08\/Drones-TSM.jpg?resize=350%2C200&ssl=1 1x, https:\/\/i0.wp.com\/latribunera.com\/apuntes\/wp-content\/uploads\/2026\/08\/Drones-TSM.jpg?resize=525%2C300&ssl=1 1.5x, https:\/\/i0.wp.com\/latribunera.com\/apuntes\/wp-content\/uploads\/2026\/08\/Drones-TSM.jpg?resize=700%2C400&ssl=1 2x, https:\/\/i0.wp.com\/latribunera.com\/apuntes\/wp-content\/uploads\/2026\/08\/Drones-TSM.jpg?resize=1050%2C600&ssl=1 3x, https:\/\/i0.wp.com\/latribunera.com\/apuntes\/wp-content\/uploads\/2026\/08\/Drones-TSM.jpg?resize=1400%2C800&ssl=1 4x"},"classes":[]},{"id":45421,"url":"https:\/\/latribunera.com\/apuntes\/index.php\/2026\/04\/16\/todo-listo-para-la-14va-edicion-de-la-copa-internacional-santos-penoles\/","url_meta":{"origin":35094,"position":2},"title":"Todo listo para la 14va edici\u00f3n de la Copa Internacional Santos Pe\u00f1oles","author":"Jacob Alarcon","date":"16 abril, 2026","format":false,"excerpt":"Este jueves, en el Auditorio Orlegi de Territorio Santos Modelo, se llev\u00f3 a cabo la presentaci\u00f3noficial de la edici\u00f3n 2026 de la Copa Internacional Santos Pe\u00f1oles, torneo que se ha consolidadocomo uno de los m\u00e1s importantes a nivel infantil y juvenil en M\u00e9xico. Adem\u00e1s de brindar una competencia deportiva de\u2026","rel":"","context":"In &quot;Sin categor\u00eda&quot;","block_context":{"text":"Sin categor\u00eda","link":"https:\/\/latribunera.com\/apuntes\/index.php\/category\/sin-categoria\/"},"img":{"alt_text":"","src":"https:\/\/i0.wp.com\/latribunera.com\/apuntes\/wp-content\/uploads\/2026\/04\/Presentacion-Copa-Santos-Penoles.jpg?resize=350%2C200&ssl=1","width":350,"height":200,"srcset":"https:\/\/i0.wp.com\/latribunera.com\/apuntes\/wp-content\/uploads\/2026\/04\/Presentacion-Copa-Santos-Penoles.jpg?resize=350%2C200&ssl=1 1x, https:\/\/i0.wp.com\/latribunera.com\/apuntes\/wp-content\/uploads\/2026\/04\/Presentacion-Copa-Santos-Penoles.jpg?resize=525%2C300&ssl=1 1.5x, https:\/\/i0.wp.com\/latribunera.com\/apuntes\/wp-content\/uploads\/2026\/04\/Presentacion-Copa-Santos-Penoles.jpg?resize=700%2C400&ssl=1 2x, https:\/\/i0.wp.com\/latribunera.com\/apuntes\/wp-content\/uploads\/2026\/04\/Presentacion-Copa-Santos-Penoles.jpg?resize=1050%2C600&ssl=1 3x, https:\/\/i0.wp.com\/latribunera.com\/apuntes\/wp-content\/uploads\/2026\/04\/Presentacion-Copa-Santos-Penoles.jpg?resize=1400%2C800&ssl=1 4x"},"classes":[]},{"id":45462,"url":"https:\/\/latribunera.com\/apuntes\/index.php\/2026\/07\/27\/una-experiencia-unica-para-la-aficion-en-el-estadio-corona\/","url_meta":{"origin":35094,"position":3},"title":"Una experiencia \u00fanica para la afici\u00f3n en el Estadio Corona","author":"Staff","date":"27 julio, 2026","format":false,"excerpt":"El Estadio Corona vivi\u00f3 una noche llena de emociones, en la que la sinergia entre el equipo y la afici\u00f3n se hizo presente de principio a fin. M\u00e1s de 20 mil aficionados se dieron cita en la casa de los Guerreros para compartir una jornada llena de momentos especiales. Desde\u2026","rel":"","context":"In &quot;Liga MX&quot;","block_context":{"text":"Liga MX","link":"https:\/\/latribunera.com\/apuntes\/index.php\/category\/futbol\/futbol-mexicano\/"},"img":{"alt_text":"","src":"https:\/\/i0.wp.com\/latribunera.com\/apuntes\/wp-content\/uploads\/2026\/07\/Carlos-Acevedo-Protocol-Tunel-Jornada-2-vs-Atlas.jpg?resize=350%2C200&ssl=1","width":350,"height":200,"srcset":"https:\/\/i0.wp.com\/latribunera.com\/apuntes\/wp-content\/uploads\/2026\/07\/Carlos-Acevedo-Protocol-Tunel-Jornada-2-vs-Atlas.jpg?resize=350%2C200&ssl=1 1x, https:\/\/i0.wp.com\/latribunera.com\/apuntes\/wp-content\/uploads\/2026\/07\/Carlos-Acevedo-Protocol-Tunel-Jornada-2-vs-Atlas.jpg?resize=525%2C300&ssl=1 1.5x, https:\/\/i0.wp.com\/latribunera.com\/apuntes\/wp-content\/uploads\/2026\/07\/Carlos-Acevedo-Protocol-Tunel-Jornada-2-vs-Atlas.jpg?resize=700%2C400&ssl=1 2x, https:\/\/i0.wp.com\/latribunera.com\/apuntes\/wp-content\/uploads\/2026\/07\/Carlos-Acevedo-Protocol-Tunel-Jornada-2-vs-Atlas.jpg?resize=1050%2C600&ssl=1 3x, https:\/\/i0.wp.com\/latribunera.com\/apuntes\/wp-content\/uploads\/2026\/07\/Carlos-Acevedo-Protocol-Tunel-Jornada-2-vs-Atlas.jpg?resize=1400%2C800&ssl=1 4x"},"classes":[]},{"id":45455,"url":"https:\/\/latribunera.com\/apuntes\/index.php\/2026\/07\/20\/club-santos-laguna-impulsa-el-futuro-de-la-laguna-con-inversion-en-infraestructura\/","url_meta":{"origin":35094,"position":4},"title":"Club Santos Laguna impulsa el futuro de la laguna con inversi\u00f3n en infraestructura","author":"Staff","date":"20 julio, 2026","format":false,"excerpt":"En los \u00faltimos ocho meses, el Club ha destinado 75 millones de pesos a la modernizaci\u00f3n de Territorio Santos Modelo y el Estadio Corona. Los proyectos fortalecen la experiencia de aficionados, jugadores, colaboradores y socios comerciales, adem\u00e1s de generar un importante impacto econ\u00f3mico en la regi\u00f3n. Club Santos Laguna contin\u00faa\u2026","rel":"","context":"In &quot;Liga MX&quot;","block_context":{"text":"Liga MX","link":"https:\/\/latribunera.com\/apuntes\/index.php\/category\/futbol\/futbol-mexicano\/"},"img":{"alt_text":"","src":"https:\/\/i0.wp.com\/latribunera.com\/apuntes\/wp-content\/uploads\/2026\/07\/e60fc472-db6f-4c99-80aa-c65e7754feb1.jpg?resize=350%2C200&ssl=1","width":350,"height":200,"srcset":"https:\/\/i0.wp.com\/latribunera.com\/apuntes\/wp-content\/uploads\/2026\/07\/e60fc472-db6f-4c99-80aa-c65e7754feb1.jpg?resize=350%2C200&ssl=1 1x, https:\/\/i0.wp.com\/latribunera.com\/apuntes\/wp-content\/uploads\/2026\/07\/e60fc472-db6f-4c99-80aa-c65e7754feb1.jpg?resize=525%2C300&ssl=1 1.5x, https:\/\/i0.wp.com\/latribunera.com\/apuntes\/wp-content\/uploads\/2026\/07\/e60fc472-db6f-4c99-80aa-c65e7754feb1.jpg?resize=700%2C400&ssl=1 2x, https:\/\/i0.wp.com\/latribunera.com\/apuntes\/wp-content\/uploads\/2026\/07\/e60fc472-db6f-4c99-80aa-c65e7754feb1.jpg?resize=1050%2C600&ssl=1 3x, https:\/\/i0.wp.com\/latribunera.com\/apuntes\/wp-content\/uploads\/2026\/07\/e60fc472-db6f-4c99-80aa-c65e7754feb1.jpg?resize=1400%2C800&ssl=1 4x"},"classes":[]},{"id":45468,"url":"https:\/\/latribunera.com\/apuntes\/index.php\/2026\/08\/05\/guerreros-de-corazon-celebra-19-anos-de-ganar-sirviendo\/","url_meta":{"origin":35094,"position":5},"title":"Guerreros de Coraz\u00f3n celebra 19 A\u00f1os de GANAR SIRVIENDO","author":"Staff","date":"5 agosto, 2026","format":false,"excerpt":"Desde 2007, el programa de responsabilidad social de Club Santos Laguna ha impulsado m\u00e1s de 1,200 iniciativas en beneficio de la comunidad, sumando a jugadores, colaboradores, aficionados, patrocinadores y aliados. Hoy, Club Santos Laguna celebra el 19\u00b0 aniversario de Guerreros de Coraz\u00f3n, su programa de responsabilidad social, que desde 2007\u2026","rel":"","context":"In &quot;Ganar Sirviendo&quot;","block_context":{"text":"Ganar Sirviendo","link":"https:\/\/latribunera.com\/apuntes\/index.php\/category\/futbol\/futbol-mexicano\/ganar-sirviendo\/"},"img":{"alt_text":"","src":"https:\/\/i0.wp.com\/latribunera.com\/apuntes\/wp-content\/uploads\/2026\/08\/Laura-Irarragorri-Kalb.jpg?resize=350%2C200&ssl=1","width":350,"height":200,"srcset":"https:\/\/i0.wp.com\/latribunera.com\/apuntes\/wp-content\/uploads\/2026\/08\/Laura-Irarragorri-Kalb.jpg?resize=350%2C200&ssl=1 1x, https:\/\/i0.wp.com\/latribunera.com\/apuntes\/wp-content\/uploads\/2026\/08\/Laura-Irarragorri-Kalb.jpg?resize=525%2C300&ssl=1 1.5x, https:\/\/i0.wp.com\/latribunera.com\/apuntes\/wp-content\/uploads\/2026\/08\/Laura-Irarragorri-Kalb.jpg?resize=700%2C400&ssl=1 2x, https:\/\/i0.wp.com\/latribunera.com\/apuntes\/wp-content\/uploads\/2026\/08\/Laura-Irarragorri-Kalb.jpg?resize=1050%2C600&ssl=1 3x, https:\/\/i0.wp.com\/latribunera.com\/apuntes\/wp-content\/uploads\/2026\/08\/Laura-Irarragorri-Kalb.jpg?resize=1400%2C800&ssl=1 4x"},"classes":[]}],"jetpack_sharing_enabled":true,"_links":{"self":[{"href":"https:\/\/latribunera.com\/apuntes\/index.php\/wp-json\/wp\/v2\/posts\/35094","targetHints":{"allow":["GET"]}}],"collection":[{"href":"https:\/\/latribunera.com\/apuntes\/index.php\/wp-json\/wp\/v2\/posts"}],"about":[{"href":"https:\/\/latribunera.com\/apuntes\/index.php\/wp-json\/wp\/v2\/types\/post"}],"author":[{"embeddable":true,"href":"https:\/\/latribunera.com\/apuntes\/index.php\/wp-json\/wp\/v2\/users\/4"}],"replies":[{"embeddable":true,"href":"https:\/\/latribunera.com\/apuntes\/index.php\/wp-json\/wp\/v2\/comments?post=35094"}],"version-history":[{"count":10,"href":"https:\/\/latribunera.com\/apuntes\/index.php\/wp-json\/wp\/v2\/posts\/35094\/revisions"}],"predecessor-version":[{"id":35553,"href":"https:\/\/latribunera.com\/apuntes\/index.php\/wp-json\/wp\/v2\/posts\/35094\/revisions\/35553"}],"wp:featuredmedia":[{"embeddable":true,"href":"https:\/\/latribunera.com\/apuntes\/index.php\/wp-json\/wp\/v2\/media\/26067"}],"wp:attachment":[{"href":"https:\/\/latribunera.com\/apuntes\/index.php\/wp-json\/wp\/v2\/media?parent=35094"}],"wp:term":[{"taxonomy":"category","embeddable":true,"href":"https:\/\/latribunera.com\/apuntes\/index.php\/wp-json\/wp\/v2\/categories?post=35094"},{"taxonomy":"post_tag","embeddable":true,"href":"https:\/\/latribunera.com\/apuntes\/index.php\/wp-json\/wp\/v2\/tags?post=35094"}],"curies":[{"name":"wp","href":"https:\/\/api.w.org\/{rel}","templated":true}]}}