{"id":36661,"date":"2022-08-01T17:25:15","date_gmt":"2022-08-01T17:25:15","guid":{"rendered":"http:\/\/latribunera.com\/apuntes\/?p=36661"},"modified":"2022-08-01T17:25:18","modified_gmt":"2022-08-01T17:25:18","slug":"adios-montes","status":"publish","type":"post","link":"https:\/\/latribunera.com\/apuntes\/index.php\/2022\/08\/01\/adios-montes\/","title":{"rendered":"\u00bfAdi\u00f3s Montes?"},"content":{"rendered":"<p><script async=\"\" src=\"https:\/\/pagead2.googlesyndication.com\/pagead\/js\/adsbygoogle.js\"><\/script><br \/>\n<!-- PC 728x90 --><br \/>\n<ins class=\"adsbygoogle\" style=\"display:inline-block;width:728px;height:90px\" data-ad-client=\"ca-pub-9427576701762839\" data-ad-slot=\"1011393878\"><\/ins><br \/>\n<script>\n(adsbygoogle = window.adsbygoogle || []).push({});\n<\/script><\/p>\n\n\n\n<p><\/p>\n\n\n\n<p>Por David Flores | Twitter @davidfloores<\/p>\n\n\n\n<p>Ayer por la tarde, la cuenta de un peri\u00f3dico deportivo ruso llamada &#8220;Sport Express&#8221;, comparti\u00f3 informaci\u00f3n sobre la posible llegada de C\u00e9sar Montes al Dinamo de Mosc\u00fa.<\/p>\n\n\n\n<figure class=\"wp-block-embed-twitter wp-block-embed is-type-rich is-provider-twitter\"><div class=\"wp-block-embed__wrapper\">\n<blockquote class=\"twitter-tweet\" data-width=\"550\" data-dnt=\"true\"><p lang=\"ru\" dir=\"ltr\">\u041f\u043e \u0434\u0430\u043d\u043d\u044b\u043c \u00ab\u0421\u042d\u00bb, \u00ab\u0414\u0438\u043d\u0430\u043c\u043e\u00bb \u043d\u0430\u0445\u043e\u0434\u0438\u0442\u0441\u044f \u0432 \u043f\u0440\u043e\u0434\u0432\u0438\u043d\u0443\u0442\u043e\u0439 \u0441\u0442\u0430\u0434\u0438\u0438 \u043f\u0435\u0440\u0435\u0433\u043e\u0432\u043e\u0440\u043e\u0432 \u043f\u043e \u0444\u0443\u0442\u0431\u043e\u043b\u0438\u0441\u0442\u0443 \u00ab\u041c\u043e\u043d\u0442\u0435\u0440\u0440\u0435\u044f\u00bb \u0438 \u0441\u0431\u043e\u0440\u043d\u043e\u0439 \u041c\u0435\u043a\u0441\u0438\u043a\u0438 \u0421\u0435\u0437\u0430\u0440\u0443 \u041c\u043e\u043d\u0442\u0435\u0441\u0443 \ud83c\uddf2\ud83c\uddfd<br>\u2800<br>25-\u043b\u0435\u0442\u043d\u0438\u0439 \u0437\u0430\u0449\u0438\u0442\u043d\u0438\u043a \u0441 \u043a\u043b\u0443\u0431\u043e\u043c \u0432\u044b\u0438\u0433\u0440\u044b\u0432\u0430\u043b \u0447\u0435\u043c\u043f\u0438\u043e\u043d\u0430\u0442 \u041c\u0435\u043a\u0441\u0438\u043a\u0438, \u041a\u0443\u0431\u043e\u043a \u0441\u0442\u0440\u0430\u043d\u044b, \u0434\u0432\u0430\u0436\u0434\u044b \u041b\u0438\u0433\u0443 \u0447\u0435\u043c\u043f\u0438\u043e\u043d\u043e\u0432 \u041a\u041e\u041d\u041a\u0410\u041a\u0410\u0424, \u0430 \u0441\u043e \u0441\u0431\u043e\u0440\u043d\u043e\u0439 \u2014 \u0437\u043e\u043b\u043e\u0442\u043e\u0439 \u041a\u0443\u0431\u043e\u043a \u041a\u041e\u041d\u041a\u0410\u041a\u0410\u0424. <a href=\"https:\/\/t.co\/nKpzvTGKvy\">pic.twitter.com\/nKpzvTGKvy<\/a><\/p>&mdash; \u0421\u043f\u043e\u0440\u0442-\u042d\u043a\u0441\u043f\u0440\u0435\u0441\u0441 (@sportexpress) <a href=\"https:\/\/twitter.com\/sportexpress\/status\/1553843373844348932?ref_src=twsrc%5Etfw\">July 31, 2022<\/a><\/blockquote><script async src=\"https:\/\/platform.twitter.com\/widgets.js\" charset=\"utf-8\"><\/script>\n<\/div><\/figure>\n\n\n\n<p>En la informaci\u00f3n se habla de una millonaria oferta por el &#8216;Cachorro&#8217;. Y posteriormente, se confirm\u00f3 en voz de Duilio Davino que si hay un ofrecimiento por C\u00e9sar, claro, sin hablar de montos ni de que equipo es, solo manifest\u00f3 que se est\u00e1 analizando.<\/p>\n\n\n\n<p>Hoy por la ma\u00f1ana, en la Comunidad Rayada de Twitter comenz\u00f3 a circular el rumor de que el jugador que saldr\u00eda es Alan y no C\u00e9sar, pero, evidentemente ya hay una confirmaci\u00f3n de Duilio sobre qui\u00e9n es el jugador que recibi\u00f3 la oferta de un equipo ruso.<\/p>\n\n\n\n<p>Ir a Rusia, deportivamente no es la mejor opci\u00f3n para C\u00e9sar Montes y con mayor raz\u00f3n no lo es de cara al Mundial.<\/p>\n\n\n\n<p>Hagan sus apuestas; \u00bfSe va Montes?<\/p>\n\n\n<p><script async=\"\" src=\"https:\/\/pagead2.googlesyndication.com\/pagead\/js\/adsbygoogle.js\"><\/script><br \/>\n<!-- PC 728x90 --><br \/>\n<ins class=\"adsbygoogle\" style=\"display:inline-block;width:728px;height:90px\" data-ad-client=\"ca-pub-9427576701762839\" data-ad-slot=\"1011393878\"><\/ins><br \/>\n<script>\n(adsbygoogle = window.adsbygoogle || []).push({});\n<\/script><\/p>\n\n\n\n<figure class=\"wp-block-embed-youtube wp-block-embed is-type-video is-provider-youtube wp-embed-aspect-16-9 wp-has-aspect-ratio\"><div class=\"wp-block-embed__wrapper\">\n<iframe loading=\"lazy\" title=\"Enrique \u201cEl Negro\u201d Esquivel. Zona Rayada #19 | Entrevista\" width=\"960\" height=\"540\" src=\"https:\/\/www.youtube.com\/embed\/9nldO0WKdO4?feature=oembed\" frameborder=\"0\" allow=\"accelerometer; autoplay; clipboard-write; encrypted-media; gyroscope; picture-in-picture\" allowfullscreen><\/iframe>\n<\/div><\/figure>\n\n\n\n<figure class=\"wp-block-embed-spotify wp-block-embed is-type-rich is-provider-spotify wp-embed-aspect-21-9 wp-has-aspect-ratio\"><div class=\"wp-block-embed__wrapper\">\n<iframe loading=\"lazy\" title=\"Spotify Embed: Enrique \u201cEl Negro\u201d Esquivel. Zona Rayada #19\" style=\"border-radius: 12px\" width=\"100%\" height=\"152\" frameborder=\"0\" allowfullscreen allow=\"autoplay; clipboard-write; encrypted-media; fullscreen; picture-in-picture\" src=\"https:\/\/open.spotify.com\/embed\/episode\/0LFnBOzk0pkgJ1yOTAuNiC?utm_source=oembed\"><\/iframe>\n<\/div><\/figure>\n","protected":false},"excerpt":{"rendered":"<p>Por David Flores | Twitter @davidfloores Ayer por la tarde, la cuenta de un peri\u00f3dico deportivo ruso llamada &#8220;Sport Express&#8221;, comparti\u00f3 informaci\u00f3n sobre la posible llegada de C\u00e9sar Montes al Dinamo de Mosc\u00fa. En la informaci\u00f3n se habla de una millonaria oferta por el &#8216;Cachorro&#8217;. Y posteriormente, se confirm\u00f3 en voz de Duilio Davino que&#8230; <\/p>\n<div class=\"clear\"><\/div>\n<p><a href=\"https:\/\/latribunera.com\/apuntes\/index.php\/2022\/08\/01\/adios-montes\/\" class=\"excerpt-read-more\">Read More<i class=\"fa fa-caret-right icon-caret-right\"><\/i><\/a><\/p>\n","protected":false},"author":21,"featured_media":36662,"comment_status":"open","ping_status":"open","sticky":false,"template":"","format":"standard","meta":{"_jetpack_memberships_contains_paid_content":false,"footnotes":""},"categories":[2,277],"tags":[74,296],"class_list":["post-36661","post","type-post","status-publish","format-standard","has-post-thumbnail","hentry","category-futbol-mexicano","category-zonarayada","tag-liga-mx","tag-zona-rayada"],"jetpack_featured_media_url":"https:\/\/latribunera.com\/apuntes\/wp-content\/uploads\/2022\/08\/Picsart_22-08-01_12-21-00-294.jpg","jetpack-related-posts":[{"id":45392,"url":"https:\/\/latribunera.com\/apuntes\/index.php\/2026\/04\/09\/se-presento-la-13va-edicion-del-guerreton\/","url_meta":{"origin":36661,"position":0},"title":"Se presento la 13va edici\u00f3n del Guerret\u00f3n.","author":"Staff","date":"9 abril, 2026","format":false,"excerpt":"A lo largo de sus primeras 12 ediciones, Guerret\u00f3n ha logrado recolectar m\u00e1s de 121,500juguetes, peluches y balones, beneficiando a diversas asociaciones e instituciones de laregi\u00f3n lagunera, entre ellas CRIT Durango, los sistemas DIF de distintos municipios, as\u00edcomo organizaciones educativas y asistenciales. A la fecha, se han instalado cuatro ludotecas\u2026","rel":"","context":"In &quot;Ganar Sirviendo&quot;","block_context":{"text":"Ganar Sirviendo","link":"https:\/\/latribunera.com\/apuntes\/index.php\/category\/futbol\/futbol-mexicano\/ganar-sirviendo\/"},"img":{"alt_text":"","src":"https:\/\/i0.wp.com\/latribunera.com\/apuntes\/wp-content\/uploads\/2026\/04\/9Guerreton-2026-2.jpg.jpeg?resize=350%2C200&ssl=1","width":350,"height":200,"srcset":"https:\/\/i0.wp.com\/latribunera.com\/apuntes\/wp-content\/uploads\/2026\/04\/9Guerreton-2026-2.jpg.jpeg?resize=350%2C200&ssl=1 1x, https:\/\/i0.wp.com\/latribunera.com\/apuntes\/wp-content\/uploads\/2026\/04\/9Guerreton-2026-2.jpg.jpeg?resize=525%2C300&ssl=1 1.5x, https:\/\/i0.wp.com\/latribunera.com\/apuntes\/wp-content\/uploads\/2026\/04\/9Guerreton-2026-2.jpg.jpeg?resize=700%2C400&ssl=1 2x, https:\/\/i0.wp.com\/latribunera.com\/apuntes\/wp-content\/uploads\/2026\/04\/9Guerreton-2026-2.jpg.jpeg?resize=1050%2C600&ssl=1 3x, https:\/\/i0.wp.com\/latribunera.com\/apuntes\/wp-content\/uploads\/2026\/04\/9Guerreton-2026-2.jpg.jpeg?resize=1400%2C800&ssl=1 4x"},"classes":[]}],"jetpack_sharing_enabled":true,"_links":{"self":[{"href":"https:\/\/latribunera.com\/apuntes\/index.php\/wp-json\/wp\/v2\/posts\/36661","targetHints":{"allow":["GET"]}}],"collection":[{"href":"https:\/\/latribunera.com\/apuntes\/index.php\/wp-json\/wp\/v2\/posts"}],"about":[{"href":"https:\/\/latribunera.com\/apuntes\/index.php\/wp-json\/wp\/v2\/types\/post"}],"author":[{"embeddable":true,"href":"https:\/\/latribunera.com\/apuntes\/index.php\/wp-json\/wp\/v2\/users\/21"}],"replies":[{"embeddable":true,"href":"https:\/\/latribunera.com\/apuntes\/index.php\/wp-json\/wp\/v2\/comments?post=36661"}],"version-history":[{"count":2,"href":"https:\/\/latribunera.com\/apuntes\/index.php\/wp-json\/wp\/v2\/posts\/36661\/revisions"}],"predecessor-version":[{"id":36664,"href":"https:\/\/latribunera.com\/apuntes\/index.php\/wp-json\/wp\/v2\/posts\/36661\/revisions\/36664"}],"wp:featuredmedia":[{"embeddable":true,"href":"https:\/\/latribunera.com\/apuntes\/index.php\/wp-json\/wp\/v2\/media\/36662"}],"wp:attachment":[{"href":"https:\/\/latribunera.com\/apuntes\/index.php\/wp-json\/wp\/v2\/media?parent=36661"}],"wp:term":[{"taxonomy":"category","embeddable":true,"href":"https:\/\/latribunera.com\/apuntes\/index.php\/wp-json\/wp\/v2\/categories?post=36661"},{"taxonomy":"post_tag","embeddable":true,"href":"https:\/\/latribunera.com\/apuntes\/index.php\/wp-json\/wp\/v2\/tags?post=36661"}],"curies":[{"name":"wp","href":"https:\/\/api.w.org\/{rel}","templated":true}]}}