{"id":36937,"date":"2022-08-11T15:29:25","date_gmt":"2022-08-11T15:29:25","guid":{"rendered":"http:\/\/latribunera.com\/apuntes\/?p=36937"},"modified":"2022-08-11T15:29:44","modified_gmt":"2022-08-11T15:29:44","slug":"soteldo-se-va-de-tigres","status":"publish","type":"post","link":"https:\/\/latribunera.com\/apuntes\/index.php\/2022\/08\/11\/soteldo-se-va-de-tigres\/","title":{"rendered":"SOTELDO SE VA DE TIGRES"},"content":{"rendered":"<p><script async=\"\" src=\"https:\/\/pagead2.googlesyndication.com\/pagead\/js\/adsbygoogle.js\"><\/script><br \/>\n<!-- PC 728x90 --><br \/>\n<ins class=\"adsbygoogle\" style=\"display:inline-block;width:728px;height:90px\" data-ad-client=\"ca-pub-9427576701762839\" data-ad-slot=\"1011393878\"><\/ins><br \/>\n<script>\n(adsbygoogle = window.adsbygoogle || []).push({});\n<\/script><\/p>\n\n\n\n<p><\/p>\n\n\n\n<p>Por: Ren\u00e9 Fern\u00e1ndez I Twitter: @Renefdz<\/p>\n\n\n\n<p>Yeferson Soteldo se va de Tigres.<\/p>\n\n\n\n<p>El venezolano regresar\u00e1 al f\u00fatbol brasile\u00f1o para vivir una segunda etapa con el club Santos.<\/p>\n\n\n\n<p>Fue el propio club amaz\u00f3nico el que se encarg\u00f3 de hacer oficial la noticia a trav\u00e9s de sus redes sociales.<\/p>\n\n\n\n<p>Soteldo emigrar\u00e1 a su nuevo equipo en condici\u00f3n de pr\u00e9stamo hasta julio del 2023 con opci\u00f3n de ser comprado. <\/p>\n\n\n\n<p>El sudamericano lleg\u00f3 a Tigres para el Clausura 2022, jug\u00f3 un total de 19 partidos entre liga y liguilla y marc\u00f3 solamente un gol.<\/p>\n\n\n\n<p>Nunca se termin\u00f3 de acoplar a Tigres y en las \u00faltimas semanas estuvo en el ojo del hurac\u00e1n por sus problemas de indisciplina <\/p>\n\n\n\n<p>Con esto Tigres tiene una plaza libre de extranjero as\u00ed que la posibilidad de que llegue el defensa central Samir Caetano est\u00e1 m\u00e1s que latente.<\/p>\n\n\n<p><script async=\"\" src=\"https:\/\/pagead2.googlesyndication.com\/pagead\/js\/adsbygoogle.js\"><\/script><br \/>\n<!-- PC 728x90 --><br \/>\n<ins class=\"adsbygoogle\" style=\"display:inline-block;width:728px;height:90px\" data-ad-client=\"ca-pub-9427576701762839\" data-ad-slot=\"1011393878\"><\/ins><br \/>\n<script>\n(adsbygoogle = window.adsbygoogle || []).push({});\n<\/script><\/p>\n\n\n\n<figure class=\"wp-block-embed-youtube wp-block-embed is-type-video is-provider-youtube wp-embed-aspect-16-9 wp-has-aspect-ratio\"><div class=\"wp-block-embed__wrapper\">\n<iframe loading=\"lazy\" title=\"Mat\u00edas Botello. Solo Tigres #40 | Entrevista\" width=\"960\" height=\"540\" src=\"https:\/\/www.youtube.com\/embed\/_qMCynJTamU?feature=oembed\" frameborder=\"0\" allow=\"accelerometer; autoplay; clipboard-write; encrypted-media; gyroscope; picture-in-picture\" allowfullscreen><\/iframe>\n<\/div><\/figure>\n\n\n\n<figure class=\"wp-block-embed-spotify wp-block-embed is-type-rich is-provider-spotify wp-embed-aspect-21-9 wp-has-aspect-ratio\"><div class=\"wp-block-embed__wrapper\">\n<iframe loading=\"lazy\" title=\"Spotify Embed: Matias Botello. Solo Tigres #40\" style=\"border-radius: 12px\" width=\"100%\" height=\"152\" frameborder=\"0\" allowfullscreen allow=\"autoplay; clipboard-write; encrypted-media; fullscreen; picture-in-picture\" src=\"https:\/\/open.spotify.com\/embed\/episode\/1h4sgY1qjshGiLr9bJUZgd?utm_source=oembed\"><\/iframe>\n<\/div><\/figure>\n","protected":false},"excerpt":{"rendered":"<p>Por: Ren\u00e9 Fern\u00e1ndez I Twitter: @Renefdz Yeferson Soteldo se va de Tigres. El venezolano regresar\u00e1 al f\u00fatbol brasile\u00f1o para vivir una segunda etapa con el club Santos. Fue el propio club amaz\u00f3nico el que se encarg\u00f3 de hacer oficial la noticia a trav\u00e9s de sus redes sociales. Soteldo emigrar\u00e1 a su nuevo equipo en condici\u00f3n&#8230; <\/p>\n<div class=\"clear\"><\/div>\n<p><a href=\"https:\/\/latribunera.com\/apuntes\/index.php\/2022\/08\/11\/soteldo-se-va-de-tigres\/\" class=\"excerpt-read-more\">Read More<i class=\"fa fa-caret-right icon-caret-right\"><\/i><\/a><\/p>\n","protected":false},"author":57,"featured_media":36738,"comment_status":"open","ping_status":"open","sticky":false,"template":"","format":"standard","meta":{"_jetpack_memberships_contains_paid_content":false,"footnotes":""},"categories":[2,278],"tags":[74,326],"class_list":["post-36937","post","type-post","status-publish","format-standard","has-post-thumbnail","hentry","category-futbol-mexicano","category-solotigres","tag-liga-mx","tag-solo-tigres"],"jetpack_featured_media_url":"https:\/\/latribunera.com\/apuntes\/wp-content\/uploads\/2022\/08\/Picsart_22-08-04_12-35-34-621.jpg","jetpack-related-posts":[{"id":45502,"url":"https:\/\/latribunera.com\/apuntes\/index.php\/2026\/08\/25\/el-corona-se-prepara-para-una-noche-especial-ante-tigres\/","url_meta":{"origin":36937,"position":0},"title":"El Corona se prepara para una noche especial ante Tigres","author":"Staff","date":"25 agosto, 2026","format":false,"excerpt":"Un nuevo duelo en el Estadio Corona est\u00e1 cada vez m\u00e1s cerca y la afici\u00f3n santista se prepara para vivir una noche llena de emociones. Los Guerreros recibir\u00e1n a Tigres este s\u00e1bado 29 de agosto a las 21:10 horas, en partido correspondiente a la jornada 6 del Torneo Apertura 2026.\u2026","rel":"","context":"In &quot;Pasi\u00f3n Guerrera&quot;","block_context":{"text":"Pasi\u00f3n Guerrera","link":"https:\/\/latribunera.com\/apuntes\/index.php\/category\/tribus\/pasionguerrera\/"},"img":{"alt_text":"","src":"https:\/\/i0.wp.com\/latribunera.com\/apuntes\/wp-content\/uploads\/2026\/08\/Drones-TSM.jpg?resize=350%2C200&ssl=1","width":350,"height":200,"srcset":"https:\/\/i0.wp.com\/latribunera.com\/apuntes\/wp-content\/uploads\/2026\/08\/Drones-TSM.jpg?resize=350%2C200&ssl=1 1x, https:\/\/i0.wp.com\/latribunera.com\/apuntes\/wp-content\/uploads\/2026\/08\/Drones-TSM.jpg?resize=525%2C300&ssl=1 1.5x, https:\/\/i0.wp.com\/latribunera.com\/apuntes\/wp-content\/uploads\/2026\/08\/Drones-TSM.jpg?resize=700%2C400&ssl=1 2x, https:\/\/i0.wp.com\/latribunera.com\/apuntes\/wp-content\/uploads\/2026\/08\/Drones-TSM.jpg?resize=1050%2C600&ssl=1 3x, https:\/\/i0.wp.com\/latribunera.com\/apuntes\/wp-content\/uploads\/2026\/08\/Drones-TSM.jpg?resize=1400%2C800&ssl=1 4x"},"classes":[]},{"id":45478,"url":"https:\/\/latribunera.com\/apuntes\/index.php\/2026\/08\/11\/club-santos-laguna-ofrece-a-su-aficion-el-pack-vs-chivas-tigres\/","url_meta":{"origin":36937,"position":1},"title":"Club Santos Laguna ofrece a su afici\u00f3n el pack vs Chivas + Tigres","author":"Staff","date":"11 agosto, 2026","format":false,"excerpt":"\u2022 El paquete asegura dos de los tres partidos de mayor demanda del semestre y da acceso preferente a la venta ante Tigres. Club Santos Laguna ofrece a su afici\u00f3n el Pack Santos vs Chivas + Tigres, un paquete especial que permite asegurar el lugar en dos de los duelos\u2026","rel":"","context":"In &quot;Pasi\u00f3n Guerrera&quot;","block_context":{"text":"Pasi\u00f3n Guerrera","link":"https:\/\/latribunera.com\/apuntes\/index.php\/category\/tribus\/pasionguerrera\/"},"img":{"alt_text":"","src":"https:\/\/i0.wp.com\/latribunera.com\/apuntes\/wp-content\/uploads\/2026\/08\/IMG-20260810-WA0178.jpg?resize=350%2C200&ssl=1","width":350,"height":200,"srcset":"https:\/\/i0.wp.com\/latribunera.com\/apuntes\/wp-content\/uploads\/2026\/08\/IMG-20260810-WA0178.jpg?resize=350%2C200&ssl=1 1x, https:\/\/i0.wp.com\/latribunera.com\/apuntes\/wp-content\/uploads\/2026\/08\/IMG-20260810-WA0178.jpg?resize=525%2C300&ssl=1 1.5x, https:\/\/i0.wp.com\/latribunera.com\/apuntes\/wp-content\/uploads\/2026\/08\/IMG-20260810-WA0178.jpg?resize=700%2C400&ssl=1 2x, https:\/\/i0.wp.com\/latribunera.com\/apuntes\/wp-content\/uploads\/2026\/08\/IMG-20260810-WA0178.jpg?resize=1050%2C600&ssl=1 3x, https:\/\/i0.wp.com\/latribunera.com\/apuntes\/wp-content\/uploads\/2026\/08\/IMG-20260810-WA0178.jpg?resize=1400%2C800&ssl=1 4x"},"classes":[]},{"id":45489,"url":"https:\/\/latribunera.com\/apuntes\/index.php\/2026\/08\/14\/santos-laguna-invita-a-su-aficion-a-pintar-de-verde-el-corona-ante-chivas\/","url_meta":{"origin":36937,"position":2},"title":"Santos Laguna invita a su afici\u00f3n a pintar de verde el Corona ante Chivas.","author":"Staff","date":"14 agosto, 2026","format":false,"excerpt":"\u2022 Los Guerreros regresan a casa con el envi\u00f3n an\u00edmico de su triunfo ante Philadelphia Union y buscar\u00e1n, junto a su afici\u00f3n, su primera victoria del Apertura 2026. Luego de cerrar su participaci\u00f3n en la Leagues Cup 2026 con una victoria de 2 a 0 sobre Philadelphia Union en el\u2026","rel":"","context":"In &quot;Liga MX&quot;","block_context":{"text":"Liga MX","link":"https:\/\/latribunera.com\/apuntes\/index.php\/category\/futbol\/futbol-mexicano\/"},"img":{"alt_text":"","src":"https:\/\/i0.wp.com\/latribunera.com\/apuntes\/wp-content\/uploads\/2026\/08\/IMG-20260814-WA0041.jpg?resize=350%2C200&ssl=1","width":350,"height":200,"srcset":"https:\/\/i0.wp.com\/latribunera.com\/apuntes\/wp-content\/uploads\/2026\/08\/IMG-20260814-WA0041.jpg?resize=350%2C200&ssl=1 1x, https:\/\/i0.wp.com\/latribunera.com\/apuntes\/wp-content\/uploads\/2026\/08\/IMG-20260814-WA0041.jpg?resize=525%2C300&ssl=1 1.5x, https:\/\/i0.wp.com\/latribunera.com\/apuntes\/wp-content\/uploads\/2026\/08\/IMG-20260814-WA0041.jpg?resize=700%2C400&ssl=1 2x, https:\/\/i0.wp.com\/latribunera.com\/apuntes\/wp-content\/uploads\/2026\/08\/IMG-20260814-WA0041.jpg?resize=1050%2C600&ssl=1 3x, https:\/\/i0.wp.com\/latribunera.com\/apuntes\/wp-content\/uploads\/2026\/08\/IMG-20260814-WA0041.jpg?resize=1400%2C800&ssl=1 4x"},"classes":[]},{"id":45513,"url":"https:\/\/latribunera.com\/apuntes\/index.php\/2026\/08\/26\/exguerreros-mandan-mensajes-de-apoyo-a-santos-laguna\/","url_meta":{"origin":36937,"position":3},"title":"Exguerreros mandan mensajes de apoyo a Santos Laguna","author":"Staff","date":"26 agosto, 2026","format":false,"excerpt":"Exjugadores santistas comenzaron a manifestar su apoyo al Club Santos Laguna a trav\u00e9s de sus redes sociales, destacando la participaci\u00f3n de futbolistas de diferentes etapas en la historia de la instituci\u00f3n, recordados con mucho cari\u00f1o por la afici\u00f3n Guerrera y varios de ellos campeones con Santos Laguna. Entre quienes han\u2026","rel":"","context":"In &quot;Pasi\u00f3n Guerrera&quot;","block_context":{"text":"Pasi\u00f3n Guerrera","link":"https:\/\/latribunera.com\/apuntes\/index.php\/category\/tribus\/pasionguerrera\/"},"img":{"alt_text":"","src":"https:\/\/i0.wp.com\/latribunera.com\/apuntes\/wp-content\/uploads\/2026\/08\/Redes-Ex-Guerreros.jpg?resize=350%2C200&ssl=1","width":350,"height":200,"srcset":"https:\/\/i0.wp.com\/latribunera.com\/apuntes\/wp-content\/uploads\/2026\/08\/Redes-Ex-Guerreros.jpg?resize=350%2C200&ssl=1 1x, https:\/\/i0.wp.com\/latribunera.com\/apuntes\/wp-content\/uploads\/2026\/08\/Redes-Ex-Guerreros.jpg?resize=525%2C300&ssl=1 1.5x, https:\/\/i0.wp.com\/latribunera.com\/apuntes\/wp-content\/uploads\/2026\/08\/Redes-Ex-Guerreros.jpg?resize=700%2C400&ssl=1 2x, https:\/\/i0.wp.com\/latribunera.com\/apuntes\/wp-content\/uploads\/2026\/08\/Redes-Ex-Guerreros.jpg?resize=1050%2C600&ssl=1 3x, https:\/\/i0.wp.com\/latribunera.com\/apuntes\/wp-content\/uploads\/2026\/08\/Redes-Ex-Guerreros.jpg?resize=1400%2C800&ssl=1 4x"},"classes":[]},{"id":45455,"url":"https:\/\/latribunera.com\/apuntes\/index.php\/2026\/07\/20\/club-santos-laguna-impulsa-el-futuro-de-la-laguna-con-inversion-en-infraestructura\/","url_meta":{"origin":36937,"position":4},"title":"Club Santos Laguna impulsa el futuro de la laguna con inversi\u00f3n en infraestructura","author":"Staff","date":"20 julio, 2026","format":false,"excerpt":"En los \u00faltimos ocho meses, el Club ha destinado 75 millones de pesos a la modernizaci\u00f3n de Territorio Santos Modelo y el Estadio Corona. Los proyectos fortalecen la experiencia de aficionados, jugadores, colaboradores y socios comerciales, adem\u00e1s de generar un importante impacto econ\u00f3mico en la regi\u00f3n. Club Santos Laguna contin\u00faa\u2026","rel":"","context":"In &quot;Liga MX&quot;","block_context":{"text":"Liga MX","link":"https:\/\/latribunera.com\/apuntes\/index.php\/category\/futbol\/futbol-mexicano\/"},"img":{"alt_text":"","src":"https:\/\/i0.wp.com\/latribunera.com\/apuntes\/wp-content\/uploads\/2026\/07\/e60fc472-db6f-4c99-80aa-c65e7754feb1.jpg?resize=350%2C200&ssl=1","width":350,"height":200,"srcset":"https:\/\/i0.wp.com\/latribunera.com\/apuntes\/wp-content\/uploads\/2026\/07\/e60fc472-db6f-4c99-80aa-c65e7754feb1.jpg?resize=350%2C200&ssl=1 1x, https:\/\/i0.wp.com\/latribunera.com\/apuntes\/wp-content\/uploads\/2026\/07\/e60fc472-db6f-4c99-80aa-c65e7754feb1.jpg?resize=525%2C300&ssl=1 1.5x, https:\/\/i0.wp.com\/latribunera.com\/apuntes\/wp-content\/uploads\/2026\/07\/e60fc472-db6f-4c99-80aa-c65e7754feb1.jpg?resize=700%2C400&ssl=1 2x, https:\/\/i0.wp.com\/latribunera.com\/apuntes\/wp-content\/uploads\/2026\/07\/e60fc472-db6f-4c99-80aa-c65e7754feb1.jpg?resize=1050%2C600&ssl=1 3x, https:\/\/i0.wp.com\/latribunera.com\/apuntes\/wp-content\/uploads\/2026\/07\/e60fc472-db6f-4c99-80aa-c65e7754feb1.jpg?resize=1400%2C800&ssl=1 4x"},"classes":[]},{"id":45462,"url":"https:\/\/latribunera.com\/apuntes\/index.php\/2026\/07\/27\/una-experiencia-unica-para-la-aficion-en-el-estadio-corona\/","url_meta":{"origin":36937,"position":5},"title":"Una experiencia \u00fanica para la afici\u00f3n en el Estadio Corona","author":"Staff","date":"27 julio, 2026","format":false,"excerpt":"El Estadio Corona vivi\u00f3 una noche llena de emociones, en la que la sinergia entre el equipo y la afici\u00f3n se hizo presente de principio a fin. M\u00e1s de 20 mil aficionados se dieron cita en la casa de los Guerreros para compartir una jornada llena de momentos especiales. Desde\u2026","rel":"","context":"In &quot;Liga MX&quot;","block_context":{"text":"Liga MX","link":"https:\/\/latribunera.com\/apuntes\/index.php\/category\/futbol\/futbol-mexicano\/"},"img":{"alt_text":"","src":"https:\/\/i0.wp.com\/latribunera.com\/apuntes\/wp-content\/uploads\/2026\/07\/Carlos-Acevedo-Protocol-Tunel-Jornada-2-vs-Atlas.jpg?resize=350%2C200&ssl=1","width":350,"height":200,"srcset":"https:\/\/i0.wp.com\/latribunera.com\/apuntes\/wp-content\/uploads\/2026\/07\/Carlos-Acevedo-Protocol-Tunel-Jornada-2-vs-Atlas.jpg?resize=350%2C200&ssl=1 1x, https:\/\/i0.wp.com\/latribunera.com\/apuntes\/wp-content\/uploads\/2026\/07\/Carlos-Acevedo-Protocol-Tunel-Jornada-2-vs-Atlas.jpg?resize=525%2C300&ssl=1 1.5x, https:\/\/i0.wp.com\/latribunera.com\/apuntes\/wp-content\/uploads\/2026\/07\/Carlos-Acevedo-Protocol-Tunel-Jornada-2-vs-Atlas.jpg?resize=700%2C400&ssl=1 2x, https:\/\/i0.wp.com\/latribunera.com\/apuntes\/wp-content\/uploads\/2026\/07\/Carlos-Acevedo-Protocol-Tunel-Jornada-2-vs-Atlas.jpg?resize=1050%2C600&ssl=1 3x, https:\/\/i0.wp.com\/latribunera.com\/apuntes\/wp-content\/uploads\/2026\/07\/Carlos-Acevedo-Protocol-Tunel-Jornada-2-vs-Atlas.jpg?resize=1400%2C800&ssl=1 4x"},"classes":[]}],"jetpack_sharing_enabled":true,"_links":{"self":[{"href":"https:\/\/latribunera.com\/apuntes\/index.php\/wp-json\/wp\/v2\/posts\/36937","targetHints":{"allow":["GET"]}}],"collection":[{"href":"https:\/\/latribunera.com\/apuntes\/index.php\/wp-json\/wp\/v2\/posts"}],"about":[{"href":"https:\/\/latribunera.com\/apuntes\/index.php\/wp-json\/wp\/v2\/types\/post"}],"author":[{"embeddable":true,"href":"https:\/\/latribunera.com\/apuntes\/index.php\/wp-json\/wp\/v2\/users\/57"}],"replies":[{"embeddable":true,"href":"https:\/\/latribunera.com\/apuntes\/index.php\/wp-json\/wp\/v2\/comments?post=36937"}],"version-history":[{"count":2,"href":"https:\/\/latribunera.com\/apuntes\/index.php\/wp-json\/wp\/v2\/posts\/36937\/revisions"}],"predecessor-version":[{"id":36939,"href":"https:\/\/latribunera.com\/apuntes\/index.php\/wp-json\/wp\/v2\/posts\/36937\/revisions\/36939"}],"wp:featuredmedia":[{"embeddable":true,"href":"https:\/\/latribunera.com\/apuntes\/index.php\/wp-json\/wp\/v2\/media\/36738"}],"wp:attachment":[{"href":"https:\/\/latribunera.com\/apuntes\/index.php\/wp-json\/wp\/v2\/media?parent=36937"}],"wp:term":[{"taxonomy":"category","embeddable":true,"href":"https:\/\/latribunera.com\/apuntes\/index.php\/wp-json\/wp\/v2\/categories?post=36937"},{"taxonomy":"post_tag","embeddable":true,"href":"https:\/\/latribunera.com\/apuntes\/index.php\/wp-json\/wp\/v2\/tags?post=36937"}],"curies":[{"name":"wp","href":"https:\/\/api.w.org\/{rel}","templated":true}]}}