{"id":37064,"date":"2022-08-15T15:34:19","date_gmt":"2022-08-15T15:34:19","guid":{"rendered":"http:\/\/latribunera.com\/apuntes\/?p=37064"},"modified":"2022-08-15T15:34:21","modified_gmt":"2022-08-15T15:34:21","slug":"rodrigo-aguirre-o-german-berterame-las-opciones-de-vuce","status":"publish","type":"post","link":"https:\/\/latribunera.com\/apuntes\/index.php\/2022\/08\/15\/rodrigo-aguirre-o-german-berterame-las-opciones-de-vuce\/","title":{"rendered":"Rodrigo Aguirre o Germ\u00e1n Berterame\u2026 las opciones de Vuce"},"content":{"rendered":"<p><script async=\"\" src=\"https:\/\/pagead2.googlesyndication.com\/pagead\/js\/adsbygoogle.js\"><\/script><br \/>\n<!-- PC 728x90 --><br \/>\n<ins class=\"adsbygoogle\" style=\"display:inline-block;width:728px;height:90px\" data-ad-client=\"ca-pub-9427576701762839\" data-ad-slot=\"1011393878\"><\/ins><br \/>\n<script>\n(adsbygoogle = window.adsbygoogle || []).push({});\n<\/script><\/p>\n\n\n\n<p><br>Por: Diego de Montemayor<\/p>\n\n\n\n<p>Semana importante para Rayados y en la que el cuerpo t\u00e9cnico debe analizar quien ser\u00e1 titular en el Cl\u00e1sico Regio: \u00bfRodrigo Aguirre o Germ\u00e1n Berterame?\u2026<\/p>\n\n\n\n<p>Antes la \u00fanica opci\u00f3n era el holand\u00e9s Vincent Janssen, delantero que garantizaba esfuerzo y entrega, pero que dif\u00edcilmente ofrec\u00eda gol.<\/p>\n\n\n\n<p>Para el Apertura 2022 la historia es totalmente distinta, ahora Vuce puede elegir entre dos jugadores que tambi\u00e9n ofrecen goles, como el caso de Germ\u00e1n Berterame o Rodrigo Aguirre.<\/p>\n\n\n\n<p>Berte suma tres goles en el torneo, no estuvo para las primeras dos jornadas de la Liga MX, pero destac\u00f3 en su presentaci\u00f3n.<\/p>\n\n\n\n<p>Aguirre comenz\u00f3 bien la temporada, hizo un par de goles y despu\u00e9s se lesion\u00f3, en su reparaci\u00f3n ya colabor\u00f3 con una asistencia y un gol.<\/p>\n\n\n\n<p>El problema de Vuce ahora ser\u00e1 quien juega como titular ante Toluca y quien lo hace frente a Tigres en el Cl\u00e1sico Regio.<\/p>\n\n\n<p><script async=\"\" src=\"https:\/\/pagead2.googlesyndication.com\/pagead\/js\/adsbygoogle.js\"><\/script><br \/>\n<!-- PC 728x90 --><br \/>\n<ins class=\"adsbygoogle\" style=\"display:inline-block;width:728px;height:90px\" data-ad-client=\"ca-pub-9427576701762839\" data-ad-slot=\"1011393878\"><\/ins><br \/>\n<script>\n(adsbygoogle = window.adsbygoogle || []).push({});\n<\/script><\/p>\n\n\n\n<figure class=\"wp-block-embed-youtube wp-block-embed is-type-video is-provider-youtube wp-embed-aspect-16-9 wp-has-aspect-ratio\"><div class=\"wp-block-embed__wrapper\">\n<iframe loading=\"lazy\" title=\"Juan Ram\u00f3n Palacios. Zona Rayada #21 | Entrevista\" width=\"960\" height=\"540\" src=\"https:\/\/www.youtube.com\/embed\/clAiOuuh52E?feature=oembed\" frameborder=\"0\" allow=\"accelerometer; autoplay; clipboard-write; encrypted-media; gyroscope; picture-in-picture\" allowfullscreen><\/iframe>\n<\/div><\/figure>\n\n\n\n<figure class=\"wp-block-embed-spotify wp-block-embed is-type-rich is-provider-spotify wp-embed-aspect-21-9 wp-has-aspect-ratio\"><div class=\"wp-block-embed__wrapper\">\n<iframe loading=\"lazy\" title=\"Spotify Embed: Juan Ram\u00f3n Palacios. Zona Rayada #21\" style=\"border-radius: 12px\" width=\"100%\" height=\"152\" frameborder=\"0\" allowfullscreen allow=\"autoplay; clipboard-write; encrypted-media; fullscreen; picture-in-picture\" src=\"https:\/\/open.spotify.com\/embed\/episode\/3KqmmlE4ACsMhLFx1WGCVr?utm_source=oembed\"><\/iframe>\n<\/div><\/figure>\n","protected":false},"excerpt":{"rendered":"<p>Por: Diego de Montemayor Semana importante para Rayados y en la que el cuerpo t\u00e9cnico debe analizar quien ser\u00e1 titular en el Cl\u00e1sico Regio: \u00bfRodrigo Aguirre o Germ\u00e1n Berterame?\u2026 Antes la \u00fanica opci\u00f3n era el holand\u00e9s Vincent Janssen, delantero que garantizaba esfuerzo y entrega, pero que dif\u00edcilmente ofrec\u00eda gol. Para el Apertura 2022 la historia&#8230; <\/p>\n<div class=\"clear\"><\/div>\n<p><a href=\"https:\/\/latribunera.com\/apuntes\/index.php\/2022\/08\/15\/rodrigo-aguirre-o-german-berterame-las-opciones-de-vuce\/\" class=\"excerpt-read-more\">Read More<i class=\"fa fa-caret-right icon-caret-right\"><\/i><\/a><\/p>\n","protected":false},"author":13,"featured_media":37065,"comment_status":"open","ping_status":"open","sticky":false,"template":"","format":"standard","meta":{"_jetpack_memberships_contains_paid_content":false,"footnotes":""},"categories":[2,277],"tags":[74,296],"class_list":["post-37064","post","type-post","status-publish","format-standard","has-post-thumbnail","hentry","category-futbol-mexicano","category-zonarayada","tag-liga-mx","tag-zona-rayada"],"jetpack_featured_media_url":"https:\/\/latribunera.com\/apuntes\/wp-content\/uploads\/2022\/08\/Picsart_22-08-15_10-24-30-637.jpg","jetpack-related-posts":[{"id":45392,"url":"https:\/\/latribunera.com\/apuntes\/index.php\/2026\/04\/09\/se-presento-la-13va-edicion-del-guerreton\/","url_meta":{"origin":37064,"position":0},"title":"Se presento la 13va edici\u00f3n del Guerret\u00f3n.","author":"Staff","date":"9 abril, 2026","format":false,"excerpt":"A lo largo de sus primeras 12 ediciones, Guerret\u00f3n ha logrado recolectar m\u00e1s de 121,500juguetes, peluches y balones, beneficiando a diversas asociaciones e instituciones de laregi\u00f3n lagunera, entre ellas CRIT Durango, los sistemas DIF de distintos municipios, as\u00edcomo organizaciones educativas y asistenciales. A la fecha, se han instalado cuatro ludotecas\u2026","rel":"","context":"In &quot;Ganar Sirviendo&quot;","block_context":{"text":"Ganar Sirviendo","link":"https:\/\/latribunera.com\/apuntes\/index.php\/category\/futbol\/futbol-mexicano\/ganar-sirviendo\/"},"img":{"alt_text":"","src":"https:\/\/i0.wp.com\/latribunera.com\/apuntes\/wp-content\/uploads\/2026\/04\/9Guerreton-2026-2.jpg.jpeg?resize=350%2C200&ssl=1","width":350,"height":200,"srcset":"https:\/\/i0.wp.com\/latribunera.com\/apuntes\/wp-content\/uploads\/2026\/04\/9Guerreton-2026-2.jpg.jpeg?resize=350%2C200&ssl=1 1x, https:\/\/i0.wp.com\/latribunera.com\/apuntes\/wp-content\/uploads\/2026\/04\/9Guerreton-2026-2.jpg.jpeg?resize=525%2C300&ssl=1 1.5x, https:\/\/i0.wp.com\/latribunera.com\/apuntes\/wp-content\/uploads\/2026\/04\/9Guerreton-2026-2.jpg.jpeg?resize=700%2C400&ssl=1 2x, https:\/\/i0.wp.com\/latribunera.com\/apuntes\/wp-content\/uploads\/2026\/04\/9Guerreton-2026-2.jpg.jpeg?resize=1050%2C600&ssl=1 3x, https:\/\/i0.wp.com\/latribunera.com\/apuntes\/wp-content\/uploads\/2026\/04\/9Guerreton-2026-2.jpg.jpeg?resize=1400%2C800&ssl=1 4x"},"classes":[]}],"jetpack_sharing_enabled":true,"_links":{"self":[{"href":"https:\/\/latribunera.com\/apuntes\/index.php\/wp-json\/wp\/v2\/posts\/37064","targetHints":{"allow":["GET"]}}],"collection":[{"href":"https:\/\/latribunera.com\/apuntes\/index.php\/wp-json\/wp\/v2\/posts"}],"about":[{"href":"https:\/\/latribunera.com\/apuntes\/index.php\/wp-json\/wp\/v2\/types\/post"}],"author":[{"embeddable":true,"href":"https:\/\/latribunera.com\/apuntes\/index.php\/wp-json\/wp\/v2\/users\/13"}],"replies":[{"embeddable":true,"href":"https:\/\/latribunera.com\/apuntes\/index.php\/wp-json\/wp\/v2\/comments?post=37064"}],"version-history":[{"count":2,"href":"https:\/\/latribunera.com\/apuntes\/index.php\/wp-json\/wp\/v2\/posts\/37064\/revisions"}],"predecessor-version":[{"id":37067,"href":"https:\/\/latribunera.com\/apuntes\/index.php\/wp-json\/wp\/v2\/posts\/37064\/revisions\/37067"}],"wp:featuredmedia":[{"embeddable":true,"href":"https:\/\/latribunera.com\/apuntes\/index.php\/wp-json\/wp\/v2\/media\/37065"}],"wp:attachment":[{"href":"https:\/\/latribunera.com\/apuntes\/index.php\/wp-json\/wp\/v2\/media?parent=37064"}],"wp:term":[{"taxonomy":"category","embeddable":true,"href":"https:\/\/latribunera.com\/apuntes\/index.php\/wp-json\/wp\/v2\/categories?post=37064"},{"taxonomy":"post_tag","embeddable":true,"href":"https:\/\/latribunera.com\/apuntes\/index.php\/wp-json\/wp\/v2\/tags?post=37064"}],"curies":[{"name":"wp","href":"https:\/\/api.w.org\/{rel}","templated":true}]}}