{"id":37519,"date":"2022-08-31T14:36:15","date_gmt":"2022-08-31T14:36:15","guid":{"rendered":"http:\/\/latribunera.com\/apuntes\/?p=37519"},"modified":"2022-08-31T14:36:18","modified_gmt":"2022-08-31T14:36:18","slug":"el-verdadero-nivel-de-jordy-caicedo","status":"publish","type":"post","link":"https:\/\/latribunera.com\/apuntes\/index.php\/2022\/08\/31\/el-verdadero-nivel-de-jordy-caicedo\/","title":{"rendered":"El verdadero nivel de Jordy Caicedo"},"content":{"rendered":"\n<p>En cuanto se concret\u00f3 la salida de Carlos Gonz\u00e1lez del equipo de Tigres para sumarse a los Diablos Rojos del Toluca, el fichaje del ecuatoriano Jordy Caicedo se volvi\u00f3 una realidad, convirti\u00e9ndose en ese atacante que, todos sab\u00edamos, su lugar inicial ser\u00eda en la banca.<\/p>\n\n\n\n<p>Sin embargo, la imagen mostrada en los primeros partidos no ha sido la mejor.<\/p>\n\n\n\n<p>Se le ve como un futbolista pesado y carente de t\u00e9cnica. Alguna vez, incluso, cerr\u00f3 los ojos antes de conectar un remate de cabeza.<\/p>\n\n\n\n<p>Se sab\u00eda que Jordy ven\u00eda como relevo, pero en sus primeros minutos no le ha alcanzado ni para eso.&nbsp;<\/p>\n\n\n\n<p>Y aunque en este \u00faltimo partido, ante Necaxa, se le vio con mayor \u00edmpetu, sigue sin demostrar eso que se necesita para ser considerado un elemento de cuidado dentro de un club tan importante como lo es Tigres.<\/p>\n\n\n\n<p>Hay quienes comparan su caso con el de Sebasti\u00e1n C\u00f3rdova, a quien muchos aficionados auriazules reventaron con todo y ahora est\u00e1 convertido en el mejor jugar de Tigres en lo que va del semestre.<\/p>\n\n\n\n<p>No obstante, son casos muy diferentes\u2026 me parece.<\/p>\n\n\n\n<p>En primer lugar, porque si C\u00f3rdova no pudo lucir el torneo anterior, en gran parte fue porque Miguel: el \u2018Piojo\u2019 Herrera lo alej\u00f3 de la zona donde mejor hace las cosas, que es libre en la mitad de la cancha, en una suerte de enganche.<\/p>\n\n\n\n<p>En segundo, porque la t\u00e9cnica de Sebasti\u00e1n jam\u00e1s estuvo en discusi\u00f3n.<\/p>\n\n\n\n<p>Siempre se supo que es un jugador que le pega bien con la pierna izquierda y tambi\u00e9n con la derecha. Que tiene buena pegada de larga distancia y que tambi\u00e9n sabe regatear.<\/p>\n\n\n\n<p>En \u00e9l, por consecuencia, s\u00ed era v\u00e1lido el argumento del tiempo, porque se sab\u00eda de su calidad.<\/p>\n\n\n\n<p>En Jordy Caicedo, en cambio, no existe certeza alguna.<\/p>\n\n\n\n<p>Hasta el momento, tomando en consideraci\u00f3n lo poco que ha jugado, se ha visto como un futbolista fuerte y de muchas ganas.<\/p>\n\n\n\n<p>\u00bfTalento?<\/p>\n\n\n\n<p>Lo tiene.&nbsp;<\/p>\n\n\n\n<p>De lo contrario no habr\u00eda llegado a Primera Divisi\u00f3n.<\/p>\n\n\n\n<p>\u00bfLe alcanzar\u00e1 para hacer historia en Tigres?<\/p>\n\n\n\n<p>Lo dudo.<\/p>\n\n\n\n<p>El verdadero nivel de Jordy Caicedo, me parece, solo le alcanzar\u00e1 para ser un jugador \u2018cumplidor\u2019.<\/p>\n\n\n\n<p>Tambi\u00e9n te puede interesar:&nbsp;<strong><a href=\"http:\/\/latribunera.com\/apuntes\/index.php\/2022\/08\/24\/la-graduacion-de-sebastian-cordova\/\">LA GRADUACION DE SEBASTIAN CORDOVA<\/a><\/strong><\/p>\n\n\n\n<p>Twitter:&nbsp;<strong><a href=\"http:\/\/www.twitter.com\/JaimeGarza94\">JaimeGarza94<\/a><\/strong><\/p>\n\n\n\n<p>Instagram:<a href=\"http:\/\/www.instagram.com\/JaimeGarzaEditorial\">&nbsp;<strong>JaimeGarzaEditorial<\/strong><\/a><\/p>\n","protected":false},"excerpt":{"rendered":"<p>En cuanto se concret\u00f3 la salida de Carlos Gonz\u00e1lez del equipo de Tigres para sumarse a los Diablos Rojos del Toluca, el fichaje del ecuatoriano Jordy Caicedo se volvi\u00f3 una realidad, convirti\u00e9ndose en ese atacante que, todos sab\u00edamos, su lugar inicial ser\u00eda en la banca. Sin embargo, la imagen mostrada en los primeros partidos no&#8230; <\/p>\n<div class=\"clear\"><\/div>\n<p><a href=\"https:\/\/latribunera.com\/apuntes\/index.php\/2022\/08\/31\/el-verdadero-nivel-de-jordy-caicedo\/\" class=\"excerpt-read-more\">Read More<i class=\"fa fa-caret-right icon-caret-right\"><\/i><\/a><\/p>\n","protected":false},"author":23,"featured_media":36666,"comment_status":"open","ping_status":"open","sticky":false,"template":"","format":"standard","meta":{"_jetpack_memberships_contains_paid_content":false,"footnotes":""},"categories":[278],"tags":[1032,102],"class_list":["post-37519","post","type-post","status-publish","format-standard","has-post-thumbnail","hentry","category-solotigres","tag-jordy-caicedo","tag-tigres"],"jetpack_featured_media_url":"https:\/\/latribunera.com\/apuntes\/wp-content\/uploads\/2022\/08\/jordy-caicedo.jpg_423682103.jpg","jetpack-related-posts":[{"id":45392,"url":"https:\/\/latribunera.com\/apuntes\/index.php\/2026\/04\/09\/se-presento-la-13va-edicion-del-guerreton\/","url_meta":{"origin":37519,"position":0},"title":"Se presento la 13va edici\u00f3n del Guerret\u00f3n.","author":"Staff","date":"9 abril, 2026","format":false,"excerpt":"A lo largo de sus primeras 12 ediciones, Guerret\u00f3n ha logrado recolectar m\u00e1s de 121,500juguetes, peluches y balones, beneficiando a diversas asociaciones e instituciones de laregi\u00f3n lagunera, entre ellas CRIT Durango, los sistemas DIF de distintos municipios, as\u00edcomo organizaciones educativas y asistenciales. A la fecha, se han instalado cuatro ludotecas\u2026","rel":"","context":"In &quot;Ganar Sirviendo&quot;","block_context":{"text":"Ganar Sirviendo","link":"https:\/\/latribunera.com\/apuntes\/index.php\/category\/futbol\/futbol-mexicano\/ganar-sirviendo\/"},"img":{"alt_text":"","src":"https:\/\/i0.wp.com\/latribunera.com\/apuntes\/wp-content\/uploads\/2026\/04\/9Guerreton-2026-2.jpg.jpeg?resize=350%2C200&ssl=1","width":350,"height":200,"srcset":"https:\/\/i0.wp.com\/latribunera.com\/apuntes\/wp-content\/uploads\/2026\/04\/9Guerreton-2026-2.jpg.jpeg?resize=350%2C200&ssl=1 1x, https:\/\/i0.wp.com\/latribunera.com\/apuntes\/wp-content\/uploads\/2026\/04\/9Guerreton-2026-2.jpg.jpeg?resize=525%2C300&ssl=1 1.5x, https:\/\/i0.wp.com\/latribunera.com\/apuntes\/wp-content\/uploads\/2026\/04\/9Guerreton-2026-2.jpg.jpeg?resize=700%2C400&ssl=1 2x, https:\/\/i0.wp.com\/latribunera.com\/apuntes\/wp-content\/uploads\/2026\/04\/9Guerreton-2026-2.jpg.jpeg?resize=1050%2C600&ssl=1 3x, https:\/\/i0.wp.com\/latribunera.com\/apuntes\/wp-content\/uploads\/2026\/04\/9Guerreton-2026-2.jpg.jpeg?resize=1400%2C800&ssl=1 4x"},"classes":[]},{"id":45386,"url":"https:\/\/latribunera.com\/apuntes\/index.php\/2026\/03\/11\/santos-launa-impulsa-mejoras-en-la-infraestructura-de-tsm-y-estadio-corona\/","url_meta":{"origin":37519,"position":1},"title":"Santos Laguna impulsa mejoras en la infraestructura de TSM y Estadio Corona","author":"Jacob Alarcon","date":"11 marzo, 2026","format":false,"excerpt":"Club Santos Laguna lleva a cabo una serie de reformas y mejoras en la infraestructura de TerritorioSantos Modelo y del Estadio Corona, con el objetivo de impulsar la innovaci\u00f3n tecnol\u00f3gica, lasostenibilidad y la modernizaci\u00f3n de sus espacios.Con estas acciones, el club contin\u00faa fortaleciendo la experiencia de sus aficionados yactualizando sus\u2026","rel":"","context":"In &quot;Pasi\u00f3n Guerrera&quot;","block_context":{"text":"Pasi\u00f3n Guerrera","link":"https:\/\/latribunera.com\/apuntes\/index.php\/category\/tribus\/pasionguerrera\/"},"img":{"alt_text":"","src":"https:\/\/i0.wp.com\/latribunera.com\/apuntes\/wp-content\/uploads\/2026\/03\/Renovacion-TSM.jpg?resize=350%2C200&ssl=1","width":350,"height":200,"srcset":"https:\/\/i0.wp.com\/latribunera.com\/apuntes\/wp-content\/uploads\/2026\/03\/Renovacion-TSM.jpg?resize=350%2C200&ssl=1 1x, https:\/\/i0.wp.com\/latribunera.com\/apuntes\/wp-content\/uploads\/2026\/03\/Renovacion-TSM.jpg?resize=525%2C300&ssl=1 1.5x, https:\/\/i0.wp.com\/latribunera.com\/apuntes\/wp-content\/uploads\/2026\/03\/Renovacion-TSM.jpg?resize=700%2C400&ssl=1 2x, https:\/\/i0.wp.com\/latribunera.com\/apuntes\/wp-content\/uploads\/2026\/03\/Renovacion-TSM.jpg?resize=1050%2C600&ssl=1 3x, https:\/\/i0.wp.com\/latribunera.com\/apuntes\/wp-content\/uploads\/2026\/03\/Renovacion-TSM.jpg?resize=1400%2C800&ssl=1 4x"},"classes":[]},{"id":45421,"url":"https:\/\/latribunera.com\/apuntes\/index.php\/2026\/04\/16\/todo-listo-para-la-14va-edicion-de-la-copa-internacional-santos-penoles\/","url_meta":{"origin":37519,"position":2},"title":"Todo listo para la 14va edici\u00f3n de la Copa Internacional Santos Pe\u00f1oles","author":"Jacob Alarcon","date":"16 abril, 2026","format":false,"excerpt":"Este jueves, en el Auditorio Orlegi de Territorio Santos Modelo, se llev\u00f3 a cabo la presentaci\u00f3noficial de la edici\u00f3n 2026 de la Copa Internacional Santos Pe\u00f1oles, torneo que se ha consolidadocomo uno de los m\u00e1s importantes a nivel infantil y juvenil en M\u00e9xico. Adem\u00e1s de brindar una competencia deportiva de\u2026","rel":"","context":"In &quot;Sin categor\u00eda&quot;","block_context":{"text":"Sin categor\u00eda","link":"https:\/\/latribunera.com\/apuntes\/index.php\/category\/sin-categoria\/"},"img":{"alt_text":"","src":"https:\/\/i0.wp.com\/latribunera.com\/apuntes\/wp-content\/uploads\/2026\/04\/Presentacion-Copa-Santos-Penoles.jpg?resize=350%2C200&ssl=1","width":350,"height":200,"srcset":"https:\/\/i0.wp.com\/latribunera.com\/apuntes\/wp-content\/uploads\/2026\/04\/Presentacion-Copa-Santos-Penoles.jpg?resize=350%2C200&ssl=1 1x, https:\/\/i0.wp.com\/latribunera.com\/apuntes\/wp-content\/uploads\/2026\/04\/Presentacion-Copa-Santos-Penoles.jpg?resize=525%2C300&ssl=1 1.5x, https:\/\/i0.wp.com\/latribunera.com\/apuntes\/wp-content\/uploads\/2026\/04\/Presentacion-Copa-Santos-Penoles.jpg?resize=700%2C400&ssl=1 2x, https:\/\/i0.wp.com\/latribunera.com\/apuntes\/wp-content\/uploads\/2026\/04\/Presentacion-Copa-Santos-Penoles.jpg?resize=1050%2C600&ssl=1 3x, https:\/\/i0.wp.com\/latribunera.com\/apuntes\/wp-content\/uploads\/2026\/04\/Presentacion-Copa-Santos-Penoles.jpg?resize=1400%2C800&ssl=1 4x"},"classes":[]}],"jetpack_sharing_enabled":true,"_links":{"self":[{"href":"https:\/\/latribunera.com\/apuntes\/index.php\/wp-json\/wp\/v2\/posts\/37519","targetHints":{"allow":["GET"]}}],"collection":[{"href":"https:\/\/latribunera.com\/apuntes\/index.php\/wp-json\/wp\/v2\/posts"}],"about":[{"href":"https:\/\/latribunera.com\/apuntes\/index.php\/wp-json\/wp\/v2\/types\/post"}],"author":[{"embeddable":true,"href":"https:\/\/latribunera.com\/apuntes\/index.php\/wp-json\/wp\/v2\/users\/23"}],"replies":[{"embeddable":true,"href":"https:\/\/latribunera.com\/apuntes\/index.php\/wp-json\/wp\/v2\/comments?post=37519"}],"version-history":[{"count":3,"href":"https:\/\/latribunera.com\/apuntes\/index.php\/wp-json\/wp\/v2\/posts\/37519\/revisions"}],"predecessor-version":[{"id":37522,"href":"https:\/\/latribunera.com\/apuntes\/index.php\/wp-json\/wp\/v2\/posts\/37519\/revisions\/37522"}],"wp:featuredmedia":[{"embeddable":true,"href":"https:\/\/latribunera.com\/apuntes\/index.php\/wp-json\/wp\/v2\/media\/36666"}],"wp:attachment":[{"href":"https:\/\/latribunera.com\/apuntes\/index.php\/wp-json\/wp\/v2\/media?parent=37519"}],"wp:term":[{"taxonomy":"category","embeddable":true,"href":"https:\/\/latribunera.com\/apuntes\/index.php\/wp-json\/wp\/v2\/categories?post=37519"},{"taxonomy":"post_tag","embeddable":true,"href":"https:\/\/latribunera.com\/apuntes\/index.php\/wp-json\/wp\/v2\/tags?post=37519"}],"curies":[{"name":"wp","href":"https:\/\/api.w.org\/{rel}","templated":true}]}}