{"id":37880,"date":"2022-09-21T21:35:09","date_gmt":"2022-09-21T21:35:09","guid":{"rendered":"http:\/\/latribunera.com\/apuntes\/?p=37880"},"modified":"2022-09-21T21:35:13","modified_gmt":"2022-09-21T21:35:13","slug":"el-tecatito-tiene-esperanzas-de-ir-a-qatar","status":"publish","type":"post","link":"https:\/\/latribunera.com\/apuntes\/index.php\/2022\/09\/21\/el-tecatito-tiene-esperanzas-de-ir-a-qatar\/","title":{"rendered":"EL TECATITO TIENE ESPERANZAS DE IR A QATAR"},"content":{"rendered":"<p><script async=\"\" src=\"https:\/\/pagead2.googlesyndication.com\/pagead\/js\/adsbygoogle.js\"><\/script><br \/>\n<!-- PC 728x90 --><br \/>\n<ins class=\"adsbygoogle\" style=\"display:inline-block;width:728px;height:90px\" data-ad-client=\"ca-pub-9427576701762839\" data-ad-slot=\"1011393878\"><\/ins><br \/>\n<script>\n(adsbygoogle = window.adsbygoogle || []).push({});\n<\/script><\/p>\n\n\n\n<p> <\/p>\n\n\n\n<p>STAFF<\/p>\n\n\n\n<p>Dicen que la esperanza es lo \u00faltimo que muere y en el caso del mexicano Jes\u00fas Corona a\u00fan tiene posibilidades de poder asistir al Mundial de Qatar, as\u00ed lo declar\u00f3 el t\u00e9cnico Gerardo Martino.<\/p>\n\n\n\n<p>&#8220;Corona est\u00e1 haciendo una rehabilitaci\u00f3n en Sevilla y la aspiraci\u00f3n que tenemos es que los primeros d\u00edas de octubre pueda estar trabajando con nosotros y tenga chances de pelear un lugar&#8221;, se\u00f1al\u00f3 en conferencia de prensa.<\/p>\n\n\n\n<p>El 18 de agosto el \u201cTecatito\u201d se lesion\u00f3 el tobillo izquierdo durante un entrenamiento con su equipo y los primeros reportes apuntaban a que se perder\u00eda definitivamente el pr\u00f3ximo mundial, sin embargo el \u201cTata\u201d no pierde la esperanza.<\/p>\n\n\n<p><script async=\"\" src=\"https:\/\/pagead2.googlesyndication.com\/pagead\/js\/adsbygoogle.js\"><\/script><br \/>\n<!-- PC 728x90 --><br \/>\n<ins class=\"adsbygoogle\" style=\"display:inline-block;width:728px;height:90px\" data-ad-client=\"ca-pub-9427576701762839\" data-ad-slot=\"1011393878\"><\/ins><br \/>\n<script>\n(adsbygoogle = window.adsbygoogle || []).push({});\n<\/script><\/p>\n","protected":false},"excerpt":{"rendered":"<p>STAFF Dicen que la esperanza es lo \u00faltimo que muere y en el caso del mexicano Jes\u00fas Corona a\u00fan tiene posibilidades de poder asistir al Mundial de Qatar, as\u00ed lo declar\u00f3 el t\u00e9cnico Gerardo Martino. &#8220;Corona est\u00e1 haciendo una rehabilitaci\u00f3n en Sevilla y la aspiraci\u00f3n que tenemos es que los primeros d\u00edas de octubre pueda&#8230; <\/p>\n<div class=\"clear\"><\/div>\n<p><a href=\"https:\/\/latribunera.com\/apuntes\/index.php\/2022\/09\/21\/el-tecatito-tiene-esperanzas-de-ir-a-qatar\/\" class=\"excerpt-read-more\">Read More<i class=\"fa fa-caret-right icon-caret-right\"><\/i><\/a><\/p>\n","protected":false},"author":57,"featured_media":37881,"comment_status":"open","ping_status":"open","sticky":false,"template":"","format":"standard","meta":{"_jetpack_memberships_contains_paid_content":false,"footnotes":""},"categories":[558],"tags":[266],"class_list":["post-37880","post","type-post","status-publish","format-standard","has-post-thumbnail","hentry","category-guerrerosaztecas","tag-seleccion-mexicana"],"jetpack_featured_media_url":"https:\/\/latribunera.com\/apuntes\/wp-content\/uploads\/2022\/09\/20220921_163320.jpg","jetpack-related-posts":[{"id":45462,"url":"https:\/\/latribunera.com\/apuntes\/index.php\/2026\/07\/27\/una-experiencia-unica-para-la-aficion-en-el-estadio-corona\/","url_meta":{"origin":37880,"position":0},"title":"Una experiencia \u00fanica para la afici\u00f3n en el Estadio Corona","author":"Staff","date":"27 julio, 2026","format":false,"excerpt":"El Estadio Corona vivi\u00f3 una noche llena de emociones, en la que la sinergia entre el equipo y la afici\u00f3n se hizo presente de principio a fin. M\u00e1s de 20 mil aficionados se dieron cita en la casa de los Guerreros para compartir una jornada llena de momentos especiales. Desde\u2026","rel":"","context":"In &quot;Liga MX&quot;","block_context":{"text":"Liga MX","link":"https:\/\/latribunera.com\/apuntes\/index.php\/category\/futbol\/futbol-mexicano\/"},"img":{"alt_text":"","src":"https:\/\/i0.wp.com\/latribunera.com\/apuntes\/wp-content\/uploads\/2026\/07\/Carlos-Acevedo-Protocol-Tunel-Jornada-2-vs-Atlas.jpg?resize=350%2C200&ssl=1","width":350,"height":200,"srcset":"https:\/\/i0.wp.com\/latribunera.com\/apuntes\/wp-content\/uploads\/2026\/07\/Carlos-Acevedo-Protocol-Tunel-Jornada-2-vs-Atlas.jpg?resize=350%2C200&ssl=1 1x, https:\/\/i0.wp.com\/latribunera.com\/apuntes\/wp-content\/uploads\/2026\/07\/Carlos-Acevedo-Protocol-Tunel-Jornada-2-vs-Atlas.jpg?resize=525%2C300&ssl=1 1.5x, https:\/\/i0.wp.com\/latribunera.com\/apuntes\/wp-content\/uploads\/2026\/07\/Carlos-Acevedo-Protocol-Tunel-Jornada-2-vs-Atlas.jpg?resize=700%2C400&ssl=1 2x, https:\/\/i0.wp.com\/latribunera.com\/apuntes\/wp-content\/uploads\/2026\/07\/Carlos-Acevedo-Protocol-Tunel-Jornada-2-vs-Atlas.jpg?resize=1050%2C600&ssl=1 3x, https:\/\/i0.wp.com\/latribunera.com\/apuntes\/wp-content\/uploads\/2026\/07\/Carlos-Acevedo-Protocol-Tunel-Jornada-2-vs-Atlas.jpg?resize=1400%2C800&ssl=1 4x"},"classes":[]},{"id":45386,"url":"https:\/\/latribunera.com\/apuntes\/index.php\/2026\/03\/11\/santos-launa-impulsa-mejoras-en-la-infraestructura-de-tsm-y-estadio-corona\/","url_meta":{"origin":37880,"position":1},"title":"Santos Laguna impulsa mejoras en la infraestructura de TSM y Estadio Corona","author":"Jacob Alarcon","date":"11 marzo, 2026","format":false,"excerpt":"Club Santos Laguna lleva a cabo una serie de reformas y mejoras en la infraestructura de TerritorioSantos Modelo y del Estadio Corona, con el objetivo de impulsar la innovaci\u00f3n tecnol\u00f3gica, lasostenibilidad y la modernizaci\u00f3n de sus espacios.Con estas acciones, el club contin\u00faa fortaleciendo la experiencia de sus aficionados yactualizando sus\u2026","rel":"","context":"In &quot;Pasi\u00f3n Guerrera&quot;","block_context":{"text":"Pasi\u00f3n Guerrera","link":"https:\/\/latribunera.com\/apuntes\/index.php\/category\/tribus\/pasionguerrera\/"},"img":{"alt_text":"","src":"https:\/\/i0.wp.com\/latribunera.com\/apuntes\/wp-content\/uploads\/2026\/03\/Renovacion-TSM.jpg?resize=350%2C200&ssl=1","width":350,"height":200,"srcset":"https:\/\/i0.wp.com\/latribunera.com\/apuntes\/wp-content\/uploads\/2026\/03\/Renovacion-TSM.jpg?resize=350%2C200&ssl=1 1x, https:\/\/i0.wp.com\/latribunera.com\/apuntes\/wp-content\/uploads\/2026\/03\/Renovacion-TSM.jpg?resize=525%2C300&ssl=1 1.5x, https:\/\/i0.wp.com\/latribunera.com\/apuntes\/wp-content\/uploads\/2026\/03\/Renovacion-TSM.jpg?resize=700%2C400&ssl=1 2x, https:\/\/i0.wp.com\/latribunera.com\/apuntes\/wp-content\/uploads\/2026\/03\/Renovacion-TSM.jpg?resize=1050%2C600&ssl=1 3x, https:\/\/i0.wp.com\/latribunera.com\/apuntes\/wp-content\/uploads\/2026\/03\/Renovacion-TSM.jpg?resize=1400%2C800&ssl=1 4x"},"classes":[]},{"id":45489,"url":"https:\/\/latribunera.com\/apuntes\/index.php\/2026\/08\/14\/santos-laguna-invita-a-su-aficion-a-pintar-de-verde-el-corona-ante-chivas\/","url_meta":{"origin":37880,"position":2},"title":"Santos Laguna invita a su afici\u00f3n a pintar de verde el Corona ante Chivas.","author":"Staff","date":"14 agosto, 2026","format":false,"excerpt":"\u2022 Los Guerreros regresan a casa con el envi\u00f3n an\u00edmico de su triunfo ante Philadelphia Union y buscar\u00e1n, junto a su afici\u00f3n, su primera victoria del Apertura 2026. Luego de cerrar su participaci\u00f3n en la Leagues Cup 2026 con una victoria de 2 a 0 sobre Philadelphia Union en el\u2026","rel":"","context":"In &quot;Liga MX&quot;","block_context":{"text":"Liga MX","link":"https:\/\/latribunera.com\/apuntes\/index.php\/category\/futbol\/futbol-mexicano\/"},"img":{"alt_text":"","src":"https:\/\/i0.wp.com\/latribunera.com\/apuntes\/wp-content\/uploads\/2026\/08\/IMG-20260814-WA0041.jpg?resize=350%2C200&ssl=1","width":350,"height":200,"srcset":"https:\/\/i0.wp.com\/latribunera.com\/apuntes\/wp-content\/uploads\/2026\/08\/IMG-20260814-WA0041.jpg?resize=350%2C200&ssl=1 1x, https:\/\/i0.wp.com\/latribunera.com\/apuntes\/wp-content\/uploads\/2026\/08\/IMG-20260814-WA0041.jpg?resize=525%2C300&ssl=1 1.5x, https:\/\/i0.wp.com\/latribunera.com\/apuntes\/wp-content\/uploads\/2026\/08\/IMG-20260814-WA0041.jpg?resize=700%2C400&ssl=1 2x, https:\/\/i0.wp.com\/latribunera.com\/apuntes\/wp-content\/uploads\/2026\/08\/IMG-20260814-WA0041.jpg?resize=1050%2C600&ssl=1 3x, https:\/\/i0.wp.com\/latribunera.com\/apuntes\/wp-content\/uploads\/2026\/08\/IMG-20260814-WA0041.jpg?resize=1400%2C800&ssl=1 4x"},"classes":[]},{"id":45502,"url":"https:\/\/latribunera.com\/apuntes\/index.php\/2026\/08\/25\/el-corona-se-prepara-para-una-noche-especial-ante-tigres\/","url_meta":{"origin":37880,"position":3},"title":"El Corona se prepara para una noche especial ante Tigres","author":"Staff","date":"25 agosto, 2026","format":false,"excerpt":"Un nuevo duelo en el Estadio Corona est\u00e1 cada vez m\u00e1s cerca y la afici\u00f3n santista se prepara para vivir una noche llena de emociones. Los Guerreros recibir\u00e1n a Tigres este s\u00e1bado 29 de agosto a las 21:10 horas, en partido correspondiente a la jornada 6 del Torneo Apertura 2026.\u2026","rel":"","context":"In &quot;Pasi\u00f3n Guerrera&quot;","block_context":{"text":"Pasi\u00f3n Guerrera","link":"https:\/\/latribunera.com\/apuntes\/index.php\/category\/tribus\/pasionguerrera\/"},"img":{"alt_text":"","src":"https:\/\/i0.wp.com\/latribunera.com\/apuntes\/wp-content\/uploads\/2026\/08\/Drones-TSM.jpg?resize=350%2C200&ssl=1","width":350,"height":200,"srcset":"https:\/\/i0.wp.com\/latribunera.com\/apuntes\/wp-content\/uploads\/2026\/08\/Drones-TSM.jpg?resize=350%2C200&ssl=1 1x, https:\/\/i0.wp.com\/latribunera.com\/apuntes\/wp-content\/uploads\/2026\/08\/Drones-TSM.jpg?resize=525%2C300&ssl=1 1.5x, https:\/\/i0.wp.com\/latribunera.com\/apuntes\/wp-content\/uploads\/2026\/08\/Drones-TSM.jpg?resize=700%2C400&ssl=1 2x, https:\/\/i0.wp.com\/latribunera.com\/apuntes\/wp-content\/uploads\/2026\/08\/Drones-TSM.jpg?resize=1050%2C600&ssl=1 3x, https:\/\/i0.wp.com\/latribunera.com\/apuntes\/wp-content\/uploads\/2026\/08\/Drones-TSM.jpg?resize=1400%2C800&ssl=1 4x"},"classes":[]},{"id":45444,"url":"https:\/\/latribunera.com\/apuntes\/index.php\/2026\/06\/23\/estadio-corona-y-tsm-inversion-y-evolucion-en-su-infraestructura\/","url_meta":{"origin":37880,"position":4},"title":"ESTADIO CORONA Y TSM: INVERSI\u00d3N Y EVOLUCI\u00d3N EN SU INFRAESTRUCTURA","author":"Jacob Alarcon","date":"23 junio, 2026","format":false,"excerpt":"El Estadio Corona y Territorio Santos Modelo contin\u00faan evolucionando con una serie de mejoras enfocadas en innovaci\u00f3n, tecnolog\u00eda, sostenibilidad y una experiencia integral para aficionados, jugadores, aliados comerciales y visitantes en general. Se realiza una inversi\u00f3n importante en infraestructura y, particularmente durante los \u00faltimos ocho meses, se han concretado obras\u2026","rel":"","context":"In &quot;Sin categor\u00eda&quot;","block_context":{"text":"Sin categor\u00eda","link":"https:\/\/latribunera.com\/apuntes\/index.php\/category\/sin-categoria\/"},"img":{"alt_text":"","src":"","width":0,"height":0},"classes":[]},{"id":45450,"url":"https:\/\/latribunera.com\/apuntes\/index.php\/2026\/07\/02\/santos-laguna-recibira-america-de-cali-historico-del-futbol-sudamericano-en-el-estadio-corona\/","url_meta":{"origin":37880,"position":5},"title":"Santos Laguna recibir\u00e1 Am\u00e9rica de Cali hist\u00f3rico del futbol sudamericano, en el Estadio Corona.","author":"Jacob Alarcon","date":"2 julio, 2026","format":false,"excerpt":"El encuentro se disputar\u00e1 el jueves 9 de julio y representar\u00e1 el regreso de un partido de preparaci\u00f3n ante un rival internacional en el Estadio Corona, previo al inicio del Torneo Apertura 2026. \u2022 Los boletos estar\u00e1n disponibles en $100 y $150 pesos. \u2022 Los Abonados Guerrero Total ingresar\u00e1n sin\u2026","rel":"","context":"In &quot;Sin categor\u00eda&quot;","block_context":{"text":"Sin categor\u00eda","link":"https:\/\/latribunera.com\/apuntes\/index.php\/category\/sin-categoria\/"},"img":{"alt_text":"","src":"https:\/\/i0.wp.com\/latribunera.com\/apuntes\/wp-content\/uploads\/2026\/07\/Santos-vs-America-de-Cali.jpg?resize=350%2C200&ssl=1","width":350,"height":200,"srcset":"https:\/\/i0.wp.com\/latribunera.com\/apuntes\/wp-content\/uploads\/2026\/07\/Santos-vs-America-de-Cali.jpg?resize=350%2C200&ssl=1 1x, https:\/\/i0.wp.com\/latribunera.com\/apuntes\/wp-content\/uploads\/2026\/07\/Santos-vs-America-de-Cali.jpg?resize=525%2C300&ssl=1 1.5x, https:\/\/i0.wp.com\/latribunera.com\/apuntes\/wp-content\/uploads\/2026\/07\/Santos-vs-America-de-Cali.jpg?resize=700%2C400&ssl=1 2x, https:\/\/i0.wp.com\/latribunera.com\/apuntes\/wp-content\/uploads\/2026\/07\/Santos-vs-America-de-Cali.jpg?resize=1050%2C600&ssl=1 3x, https:\/\/i0.wp.com\/latribunera.com\/apuntes\/wp-content\/uploads\/2026\/07\/Santos-vs-America-de-Cali.jpg?resize=1400%2C800&ssl=1 4x"},"classes":[]}],"jetpack_sharing_enabled":true,"_links":{"self":[{"href":"https:\/\/latribunera.com\/apuntes\/index.php\/wp-json\/wp\/v2\/posts\/37880","targetHints":{"allow":["GET"]}}],"collection":[{"href":"https:\/\/latribunera.com\/apuntes\/index.php\/wp-json\/wp\/v2\/posts"}],"about":[{"href":"https:\/\/latribunera.com\/apuntes\/index.php\/wp-json\/wp\/v2\/types\/post"}],"author":[{"embeddable":true,"href":"https:\/\/latribunera.com\/apuntes\/index.php\/wp-json\/wp\/v2\/users\/57"}],"replies":[{"embeddable":true,"href":"https:\/\/latribunera.com\/apuntes\/index.php\/wp-json\/wp\/v2\/comments?post=37880"}],"version-history":[{"count":2,"href":"https:\/\/latribunera.com\/apuntes\/index.php\/wp-json\/wp\/v2\/posts\/37880\/revisions"}],"predecessor-version":[{"id":37883,"href":"https:\/\/latribunera.com\/apuntes\/index.php\/wp-json\/wp\/v2\/posts\/37880\/revisions\/37883"}],"wp:featuredmedia":[{"embeddable":true,"href":"https:\/\/latribunera.com\/apuntes\/index.php\/wp-json\/wp\/v2\/media\/37881"}],"wp:attachment":[{"href":"https:\/\/latribunera.com\/apuntes\/index.php\/wp-json\/wp\/v2\/media?parent=37880"}],"wp:term":[{"taxonomy":"category","embeddable":true,"href":"https:\/\/latribunera.com\/apuntes\/index.php\/wp-json\/wp\/v2\/categories?post=37880"},{"taxonomy":"post_tag","embeddable":true,"href":"https:\/\/latribunera.com\/apuntes\/index.php\/wp-json\/wp\/v2\/tags?post=37880"}],"curies":[{"name":"wp","href":"https:\/\/api.w.org\/{rel}","templated":true}]}}