{"id":38490,"date":"2022-10-26T14:55:27","date_gmt":"2022-10-26T14:55:27","guid":{"rendered":"http:\/\/latribunera.com\/apuntes\/?p=38490"},"modified":"2022-10-26T14:55:29","modified_gmt":"2022-10-26T14:55:29","slug":"cuidado-con-la-renovacion-tigres","status":"publish","type":"post","link":"https:\/\/latribunera.com\/apuntes\/index.php\/2022\/10\/26\/cuidado-con-la-renovacion-tigres\/","title":{"rendered":"Cuidado con la renovaci\u00f3n, Tigres"},"content":{"rendered":"\n<p>A falta de dos meses para que inicie el pr\u00f3ximo torneo,\nel equipo de Tigres, mientras disfruta de unas \u2018merecidas\u2019 vacaciones, ha comenzado\nya a trabajar en la famosa \u2018renovaci\u00f3n\u2019 del plantel, siendo el \u2018Chaka\u2019 Rodr\u00edguez\nel primero en salir de la instituci\u00f3n.<\/p>\n\n\n\n<p>Otro que muy probablemente vaya a abandonar al conjunto\nfelino, es Rafael Carioca.<\/p>\n\n\n\n<p>La deteriorada relaci\u00f3n entre Luis Qui\u00f1ones y la afici\u00f3n apunta\na que el colombiano ser\u00e1 otro de los sacrificados, y hay quienes dicen que Florian\nThauvin y hasta \u2018Diente\u2019 L\u00f3pez tambi\u00e9n se sumar\u00e1n a la lista.<\/p>\n\n\n\n<p>Todo b\u00e1rbaro, pero\u2026 \u00bfpor qu\u00e9 se ir\u00edan?<\/p>\n\n\n\n<p>\u00bfQui\u00e9n comanda dicha renovaci\u00f3n?<\/p>\n\n\n\n<p>\u00bfMiguel Herrera?<\/p>\n\n\n\n<p>Entonces\u2026 <\/p>\n\n\n\n<p>\u00bfSe piensa darle un proyecto a largo plazo al \u2018Piojo\u2019?<\/p>\n\n\n\n<p>Porque, de lo contrario, me parecer\u00eda bastante delicado\nconfiarle tantas bajas a un hombre que capaz y se va una vez culminado el Clausura\n2023\u2026 o en una de esas antes.<\/p>\n\n\n\n<p>\u00bfY los refuerzos?<\/p>\n\n\n\n<p>\u00bfCon base en qu\u00e9 se va a fichar?<\/p>\n\n\n\n<p>Porque no se trata solo de contratar futbolistas caros o\nbaratos; de renombre o de perfil bajo.<\/p>\n\n\n\n<p>Los refuerzos deben atender a una filosof\u00eda de juego,\npero\u2026<\/p>\n\n\n\n<p>\u00bfFilosof\u00eda de qui\u00e9n?<\/p>\n\n\n\n<p>A\u00fan faltan m\u00e1s de dos meses para que inicie el torneo.<\/p>\n\n\n\n<p>Tigres tiene tiempo de sobra para planificar bien las\ncosas y recuperar el terreno perdido en los \u00faltimos semestres\u2026 con o sin Miguel\nHerrera.<\/p>\n\n\n\n<p>Con o sin Mauricio Culebro.<\/p>\n\n\n\n<p>\u00bfLo lograr\u00e1n?<\/p>\n\n\n\n<p>Esperemos que s\u00ed\u2026<\/p>\n\n\n\n<p>Twitter:&nbsp;<strong><a href=\"http:\/\/www.twitter.com\/JaimeGarza94\">JaimeGarza94<\/a><\/strong><\/p>\n\n\n\n<p>Instagram:<a href=\"http:\/\/www.instagram.com\/JaimeGarzaEditorial\">&nbsp;<strong>JaimeGarzaEditorial<\/strong><\/a><\/p>\n","protected":false},"excerpt":{"rendered":"<p>A falta de dos meses para que inicie el pr\u00f3ximo torneo, el equipo de Tigres, mientras disfruta de unas \u2018merecidas\u2019 vacaciones, ha comenzado ya a trabajar en la famosa \u2018renovaci\u00f3n\u2019 del plantel, siendo el \u2018Chaka\u2019 Rodr\u00edguez el primero en salir de la instituci\u00f3n. Otro que muy probablemente vaya a abandonar al conjunto felino, es Rafael&#8230; <\/p>\n<div class=\"clear\"><\/div>\n<p><a href=\"https:\/\/latribunera.com\/apuntes\/index.php\/2022\/10\/26\/cuidado-con-la-renovacion-tigres\/\" class=\"excerpt-read-more\">Read More<i class=\"fa fa-caret-right icon-caret-right\"><\/i><\/a><\/p>\n","protected":false},"author":23,"featured_media":38207,"comment_status":"open","ping_status":"open","sticky":false,"template":"","format":"standard","meta":{"_jetpack_memberships_contains_paid_content":false,"footnotes":""},"categories":[278],"tags":[],"class_list":["post-38490","post","type-post","status-publish","format-standard","has-post-thumbnail","hentry","category-solotigres"],"jetpack_featured_media_url":"https:\/\/latribunera.com\/apuntes\/wp-content\/uploads\/2022\/10\/Fel7hEDWYAEUgUE.jpeg","jetpack-related-posts":[{"id":45386,"url":"https:\/\/latribunera.com\/apuntes\/index.php\/2026\/03\/11\/santos-launa-impulsa-mejoras-en-la-infraestructura-de-tsm-y-estadio-corona\/","url_meta":{"origin":38490,"position":0},"title":"Santos Laguna impulsa mejoras en la infraestructura de TSM y Estadio Corona","author":"Jacob Alarcon","date":"11 marzo, 2026","format":false,"excerpt":"Club Santos Laguna lleva a cabo una serie de reformas y mejoras en la infraestructura de TerritorioSantos Modelo y del Estadio Corona, con el objetivo de impulsar la innovaci\u00f3n tecnol\u00f3gica, lasostenibilidad y la modernizaci\u00f3n de sus espacios.Con estas acciones, el club contin\u00faa fortaleciendo la experiencia de sus aficionados yactualizando sus\u2026","rel":"","context":"In &quot;Pasi\u00f3n Guerrera&quot;","block_context":{"text":"Pasi\u00f3n Guerrera","link":"https:\/\/latribunera.com\/apuntes\/index.php\/category\/tribus\/pasionguerrera\/"},"img":{"alt_text":"","src":"https:\/\/i0.wp.com\/latribunera.com\/apuntes\/wp-content\/uploads\/2026\/03\/Renovacion-TSM.jpg?resize=350%2C200&ssl=1","width":350,"height":200,"srcset":"https:\/\/i0.wp.com\/latribunera.com\/apuntes\/wp-content\/uploads\/2026\/03\/Renovacion-TSM.jpg?resize=350%2C200&ssl=1 1x, https:\/\/i0.wp.com\/latribunera.com\/apuntes\/wp-content\/uploads\/2026\/03\/Renovacion-TSM.jpg?resize=525%2C300&ssl=1 1.5x, https:\/\/i0.wp.com\/latribunera.com\/apuntes\/wp-content\/uploads\/2026\/03\/Renovacion-TSM.jpg?resize=700%2C400&ssl=1 2x, https:\/\/i0.wp.com\/latribunera.com\/apuntes\/wp-content\/uploads\/2026\/03\/Renovacion-TSM.jpg?resize=1050%2C600&ssl=1 3x, https:\/\/i0.wp.com\/latribunera.com\/apuntes\/wp-content\/uploads\/2026\/03\/Renovacion-TSM.jpg?resize=1400%2C800&ssl=1 4x"},"classes":[]}],"jetpack_sharing_enabled":true,"_links":{"self":[{"href":"https:\/\/latribunera.com\/apuntes\/index.php\/wp-json\/wp\/v2\/posts\/38490","targetHints":{"allow":["GET"]}}],"collection":[{"href":"https:\/\/latribunera.com\/apuntes\/index.php\/wp-json\/wp\/v2\/posts"}],"about":[{"href":"https:\/\/latribunera.com\/apuntes\/index.php\/wp-json\/wp\/v2\/types\/post"}],"author":[{"embeddable":true,"href":"https:\/\/latribunera.com\/apuntes\/index.php\/wp-json\/wp\/v2\/users\/23"}],"replies":[{"embeddable":true,"href":"https:\/\/latribunera.com\/apuntes\/index.php\/wp-json\/wp\/v2\/comments?post=38490"}],"version-history":[{"count":3,"href":"https:\/\/latribunera.com\/apuntes\/index.php\/wp-json\/wp\/v2\/posts\/38490\/revisions"}],"predecessor-version":[{"id":38494,"href":"https:\/\/latribunera.com\/apuntes\/index.php\/wp-json\/wp\/v2\/posts\/38490\/revisions\/38494"}],"wp:featuredmedia":[{"embeddable":true,"href":"https:\/\/latribunera.com\/apuntes\/index.php\/wp-json\/wp\/v2\/media\/38207"}],"wp:attachment":[{"href":"https:\/\/latribunera.com\/apuntes\/index.php\/wp-json\/wp\/v2\/media?parent=38490"}],"wp:term":[{"taxonomy":"category","embeddable":true,"href":"https:\/\/latribunera.com\/apuntes\/index.php\/wp-json\/wp\/v2\/categories?post=38490"},{"taxonomy":"post_tag","embeddable":true,"href":"https:\/\/latribunera.com\/apuntes\/index.php\/wp-json\/wp\/v2\/tags?post=38490"}],"curies":[{"name":"wp","href":"https:\/\/api.w.org\/{rel}","templated":true}]}}