{"id":38879,"date":"2022-11-18T17:19:11","date_gmt":"2022-11-18T17:19:11","guid":{"rendered":"http:\/\/latribunera.com\/apuntes\/?p=38879"},"modified":"2022-11-18T17:19:15","modified_gmt":"2022-11-18T17:19:15","slug":"hugo-ayala-se-va-de-tigres","status":"publish","type":"post","link":"https:\/\/latribunera.com\/apuntes\/index.php\/2022\/11\/18\/hugo-ayala-se-va-de-tigres\/","title":{"rendered":"HUGO AYALA SE VA DE TIGRES"},"content":{"rendered":"\n<p><\/p>\n\n\n\n<p><\/p>\n\n\n<p><script async src=\"https:\/\/pagead2.googlesyndication.com\/pagead\/js\/adsbygoogle.js\"><\/script><br \/>\n<!-- PC 728x90 --><br \/>\n<ins class=\"adsbygoogle\"\nstyle=\"display:inline-block;width:728px;height:90px\"\ndata-ad-client=\"ca-pub-9427576701762839\"\ndata-ad-slot=\"1011393878\"><\/ins><br \/>\n<script>\n(adsbygoogle = window.adsbygoogle || []).push({});\n<\/script><\/p>\n\n\n\n<p><\/p>\n\n\n\n<p><\/p>\n\n\n\n<p><strong>Por: Ren\u00e9 Fern\u00e1ndez | Twitter @Renefdz <\/strong><\/p>\n\n\n\n<p>La era de Hugo Ayala en Tigres ha llegado a su fin. <\/p>\n\n\n\n<p>Aunque exist\u00eda la posibilidad de que el defensa continuar\u00e1 al menos un a\u00f1o m\u00e1s en el equipo felino esto finalmente no suceder\u00e1. <\/p>\n\n\n\n<p>Despu\u00e9s de 12 a\u00f1os el michoacano dejar\u00e1 la instituci\u00f3n en la cual adem\u00e1s de haber conquistado 11 t\u00edtulos tambi\u00e9n se convirti\u00f3 en el jugador con m\u00e1s partidos de liga y liguilla en la historia del club con un total de 462. <\/p>\n\n\n\n<p>El palmar\u00e9s de Ayala con Tigres consta de cinco t\u00edtulos de liga, una Copa Mx, tres Campe\u00f3n de Campeones, una Campeones Cup y una Concachampions.  <\/p>\n\n\n\n<p>Hugo Ayala era el \u00fanico jugador que quedaba de aquella generaci\u00f3n dorada que hicieron del equipo felino el m\u00e1s ganador de la \u00faltima d\u00e9cada. Su futuro futbol\u00edstico podr\u00eda continuar en las filas del San Luis.<\/p>\n\n\n\n<p><\/p>\n\n\n\n<p><\/p>\n\n\n<p><script async src=\"https:\/\/pagead2.googlesyndication.com\/pagead\/js\/adsbygoogle.js\"><\/script><br \/>\n<!-- PC 728x90 --><br \/>\n<ins class=\"adsbygoogle\"\nstyle=\"display:inline-block;width:728px;height:90px\"\ndata-ad-client=\"ca-pub-9427576701762839\"\ndata-ad-slot=\"1011393878\"><\/ins><br \/>\n<script>\n(adsbygoogle = window.adsbygoogle || []).push({});\n<\/script><\/p>\n","protected":false},"excerpt":{"rendered":"<p>Por: Ren\u00e9 Fern\u00e1ndez | Twitter @Renefdz La era de Hugo Ayala en Tigres ha llegado a su fin. Aunque exist\u00eda la posibilidad de que el defensa continuar\u00e1 al menos un a\u00f1o m\u00e1s en el equipo felino esto finalmente no suceder\u00e1. Despu\u00e9s de 12 a\u00f1os el michoacano dejar\u00e1 la instituci\u00f3n en la cual adem\u00e1s de haber&#8230; <\/p>\n<div class=\"clear\"><\/div>\n<p><a href=\"https:\/\/latribunera.com\/apuntes\/index.php\/2022\/11\/18\/hugo-ayala-se-va-de-tigres\/\" class=\"excerpt-read-more\">Read More<i class=\"fa fa-caret-right icon-caret-right\"><\/i><\/a><\/p>\n","protected":false},"author":57,"featured_media":38880,"comment_status":"open","ping_status":"open","sticky":false,"template":"","format":"standard","meta":{"_jetpack_memberships_contains_paid_content":false,"footnotes":""},"categories":[231,2,278],"tags":[598,74,102],"class_list":["post-38879","post","type-post","status-publish","format-standard","has-post-thumbnail","hentry","category-apuntes","category-futbol-mexicano","category-solotigres","tag-hugo-ayala","tag-liga-mx","tag-tigres"],"jetpack_featured_media_url":"https:\/\/latribunera.com\/apuntes\/wp-content\/uploads\/2022\/11\/Dise\u00f1o-sin-t\u00edtulo-14.jpg","jetpack-related-posts":[],"jetpack_sharing_enabled":true,"_links":{"self":[{"href":"https:\/\/latribunera.com\/apuntes\/index.php\/wp-json\/wp\/v2\/posts\/38879","targetHints":{"allow":["GET"]}}],"collection":[{"href":"https:\/\/latribunera.com\/apuntes\/index.php\/wp-json\/wp\/v2\/posts"}],"about":[{"href":"https:\/\/latribunera.com\/apuntes\/index.php\/wp-json\/wp\/v2\/types\/post"}],"author":[{"embeddable":true,"href":"https:\/\/latribunera.com\/apuntes\/index.php\/wp-json\/wp\/v2\/users\/57"}],"replies":[{"embeddable":true,"href":"https:\/\/latribunera.com\/apuntes\/index.php\/wp-json\/wp\/v2\/comments?post=38879"}],"version-history":[{"count":2,"href":"https:\/\/latribunera.com\/apuntes\/index.php\/wp-json\/wp\/v2\/posts\/38879\/revisions"}],"predecessor-version":[{"id":38882,"href":"https:\/\/latribunera.com\/apuntes\/index.php\/wp-json\/wp\/v2\/posts\/38879\/revisions\/38882"}],"wp:featuredmedia":[{"embeddable":true,"href":"https:\/\/latribunera.com\/apuntes\/index.php\/wp-json\/wp\/v2\/media\/38880"}],"wp:attachment":[{"href":"https:\/\/latribunera.com\/apuntes\/index.php\/wp-json\/wp\/v2\/media?parent=38879"}],"wp:term":[{"taxonomy":"category","embeddable":true,"href":"https:\/\/latribunera.com\/apuntes\/index.php\/wp-json\/wp\/v2\/categories?post=38879"},{"taxonomy":"post_tag","embeddable":true,"href":"https:\/\/latribunera.com\/apuntes\/index.php\/wp-json\/wp\/v2\/tags?post=38879"}],"curies":[{"name":"wp","href":"https:\/\/api.w.org\/{rel}","templated":true}]}}