{"id":39062,"date":"2022-11-29T03:04:43","date_gmt":"2022-11-29T03:04:43","guid":{"rendered":"http:\/\/latribunera.com\/apuntes\/?p=39062"},"modified":"2022-11-29T03:04:47","modified_gmt":"2022-11-29T03:04:47","slug":"fabregas-y-kun-aguero-defienden-a-messi","status":"publish","type":"post","link":"https:\/\/latribunera.com\/apuntes\/index.php\/2022\/11\/29\/fabregas-y-kun-aguero-defienden-a-messi\/","title":{"rendered":"F\u00c1BREGAS Y KUN AG\u00dcERO DEFIENDEN A MESSI"},"content":{"rendered":"<p><script async=\"\" src=\"https:\/\/pagead2.googlesyndication.com\/pagead\/js\/adsbygoogle.js\"><\/script><br \/>\n<!-- PC 728x90 --><br \/>\n<ins class=\"adsbygoogle\" style=\"display:inline-block;width:728px;height:90px\" data-ad-client=\"ca-pub-9427576701762839\" data-ad-slot=\"1011393878\"><\/ins><br \/>\n<script>\n(adsbygoogle = window.adsbygoogle || []).push({});\n<\/script><\/p>\n\n\n\n<p> <\/p>\n\n\n\n<p>STAFF<\/p>\n\n\n\n<p>Las amenazas del boxeador Sa\u00fal el \u201cCanelo\u201d \u00c1lvarez a Leo Messi no fueron bien vistas por jugadores como Sergio el \u201cKun\u201d Ag\u00fcero y Cesc F\u00e1bregas.<\/p>\n\n\n\n<p>El pugilista mexicano explot\u00f3 contra Leo luego de que en las redes sociales comenz\u00f3 a circular un v\u00eddeo en donde el futbolista del PSG se ve aparentemente pateando un jersey de la Selecci\u00f3n Mexicana.<\/p>\n\n\n\n<p>En su cuenta de twitter el \u201cCanelo\u201d escribi\u00f3: \u00bfVieron a Messi limpiando el piso con nuestra playera y bandera?<\/p>\n\n\n\n<p>Y agrego: \u00a1Que le pida a Dios que no me lo encuentre!<\/p>\n\n\n\n<p>Ante esto el \u201cKun\u201d respondi\u00f3: <\/p>\n\n\n\n<p>&#8220;Se\u00f1or Canelo, no busques excusas o problemas. Seguramente no sab\u00e9s de f\u00fatbol y qu\u00e9 pasa en un vestuario. Las camisetas siempre despu\u00e9s que se terminan los partidos est\u00e1n en el piso por el sudor y despu\u00e9s si ves bien hace el movimiento para sacarse el bot\u00edn y sin querer le da&#8221;.<\/p>\n\n\n\n<p>Pero el argentino no fue el \u00fanico que sali\u00f3 en defensa del \u201cCanelo\u201d. El espa\u00f1ol Cesc F\u00e1bregas, tambi\u00e9n lo hizo. <\/p>\n\n\n\n<p>&#8220;Ni conoces a la persona, ni entiendes el c\u00f3mo funciona un vestuario o lo que pasa despu\u00e9s de un partido. Todas las camisetas, incluso las que usamos nosotros mismos, se van al suelo y se lavan despu\u00e9s. Y m\u00e1s cuando celebras una victoria importante&#8221;, comparti\u00f3 Fabregas en su Twitter.<\/p>\n\n\n<p><script async=\"\" src=\"https:\/\/pagead2.googlesyndication.com\/pagead\/js\/adsbygoogle.js\"><\/script><br \/>\n<!-- PC 728x90 --><br \/>\n<ins class=\"adsbygoogle\" style=\"display:inline-block;width:728px;height:90px\" data-ad-client=\"ca-pub-9427576701762839\" data-ad-slot=\"1011393878\"><\/ins><br \/>\n<script>\n(adsbygoogle = window.adsbygoogle || []).push({});\n<\/script><\/p>\n","protected":false},"excerpt":{"rendered":"<p>STAFF Las amenazas del boxeador Sa\u00fal el \u201cCanelo\u201d \u00c1lvarez a Leo Messi no fueron bien vistas por jugadores como Sergio el \u201cKun\u201d Ag\u00fcero y Cesc F\u00e1bregas. El pugilista mexicano explot\u00f3 contra Leo luego de que en las redes sociales comenz\u00f3 a circular un v\u00eddeo en donde el futbolista del PSG se ve aparentemente pateando un&#8230; <\/p>\n<div class=\"clear\"><\/div>\n<p><a href=\"https:\/\/latribunera.com\/apuntes\/index.php\/2022\/11\/29\/fabregas-y-kun-aguero-defienden-a-messi\/\" class=\"excerpt-read-more\">Read More<i class=\"fa fa-caret-right icon-caret-right\"><\/i><\/a><\/p>\n","protected":false},"author":4,"featured_media":39063,"comment_status":"open","ping_status":"open","sticky":false,"template":"","format":"standard","meta":{"_jetpack_memberships_contains_paid_content":false,"footnotes":""},"categories":[558],"tags":[943],"class_list":["post-39062","post","type-post","status-publish","format-standard","has-post-thumbnail","hentry","category-guerrerosaztecas","tag-selecciones"],"jetpack_featured_media_url":"https:\/\/latribunera.com\/apuntes\/wp-content\/uploads\/2022\/11\/Picsart_22-11-28_20-36-30-364.jpg","jetpack-related-posts":[{"id":45386,"url":"https:\/\/latribunera.com\/apuntes\/index.php\/2026\/03\/11\/santos-launa-impulsa-mejoras-en-la-infraestructura-de-tsm-y-estadio-corona\/","url_meta":{"origin":39062,"position":0},"title":"Santos Laguna impulsa mejoras en la infraestructura de TSM y Estadio Corona","author":"Jacob Alarcon","date":"11 marzo, 2026","format":false,"excerpt":"Club Santos Laguna lleva a cabo una serie de reformas y mejoras en la infraestructura de TerritorioSantos Modelo y del Estadio Corona, con el objetivo de impulsar la innovaci\u00f3n tecnol\u00f3gica, lasostenibilidad y la modernizaci\u00f3n de sus espacios.Con estas acciones, el club contin\u00faa fortaleciendo la experiencia de sus aficionados yactualizando sus\u2026","rel":"","context":"In &quot;Pasi\u00f3n Guerrera&quot;","block_context":{"text":"Pasi\u00f3n Guerrera","link":"https:\/\/latribunera.com\/apuntes\/index.php\/category\/tribus\/pasionguerrera\/"},"img":{"alt_text":"","src":"https:\/\/i0.wp.com\/latribunera.com\/apuntes\/wp-content\/uploads\/2026\/03\/Renovacion-TSM.jpg?resize=350%2C200&ssl=1","width":350,"height":200,"srcset":"https:\/\/i0.wp.com\/latribunera.com\/apuntes\/wp-content\/uploads\/2026\/03\/Renovacion-TSM.jpg?resize=350%2C200&ssl=1 1x, https:\/\/i0.wp.com\/latribunera.com\/apuntes\/wp-content\/uploads\/2026\/03\/Renovacion-TSM.jpg?resize=525%2C300&ssl=1 1.5x, https:\/\/i0.wp.com\/latribunera.com\/apuntes\/wp-content\/uploads\/2026\/03\/Renovacion-TSM.jpg?resize=700%2C400&ssl=1 2x, https:\/\/i0.wp.com\/latribunera.com\/apuntes\/wp-content\/uploads\/2026\/03\/Renovacion-TSM.jpg?resize=1050%2C600&ssl=1 3x, https:\/\/i0.wp.com\/latribunera.com\/apuntes\/wp-content\/uploads\/2026\/03\/Renovacion-TSM.jpg?resize=1400%2C800&ssl=1 4x"},"classes":[]}],"jetpack_sharing_enabled":true,"_links":{"self":[{"href":"https:\/\/latribunera.com\/apuntes\/index.php\/wp-json\/wp\/v2\/posts\/39062","targetHints":{"allow":["GET"]}}],"collection":[{"href":"https:\/\/latribunera.com\/apuntes\/index.php\/wp-json\/wp\/v2\/posts"}],"about":[{"href":"https:\/\/latribunera.com\/apuntes\/index.php\/wp-json\/wp\/v2\/types\/post"}],"author":[{"embeddable":true,"href":"https:\/\/latribunera.com\/apuntes\/index.php\/wp-json\/wp\/v2\/users\/4"}],"replies":[{"embeddable":true,"href":"https:\/\/latribunera.com\/apuntes\/index.php\/wp-json\/wp\/v2\/comments?post=39062"}],"version-history":[{"count":2,"href":"https:\/\/latribunera.com\/apuntes\/index.php\/wp-json\/wp\/v2\/posts\/39062\/revisions"}],"predecessor-version":[{"id":39065,"href":"https:\/\/latribunera.com\/apuntes\/index.php\/wp-json\/wp\/v2\/posts\/39062\/revisions\/39065"}],"wp:featuredmedia":[{"embeddable":true,"href":"https:\/\/latribunera.com\/apuntes\/index.php\/wp-json\/wp\/v2\/media\/39063"}],"wp:attachment":[{"href":"https:\/\/latribunera.com\/apuntes\/index.php\/wp-json\/wp\/v2\/media?parent=39062"}],"wp:term":[{"taxonomy":"category","embeddable":true,"href":"https:\/\/latribunera.com\/apuntes\/index.php\/wp-json\/wp\/v2\/categories?post=39062"},{"taxonomy":"post_tag","embeddable":true,"href":"https:\/\/latribunera.com\/apuntes\/index.php\/wp-json\/wp\/v2\/tags?post=39062"}],"curies":[{"name":"wp","href":"https:\/\/api.w.org\/{rel}","templated":true}]}}