{"id":39522,"date":"2023-01-06T19:56:27","date_gmt":"2023-01-06T19:56:27","guid":{"rendered":"http:\/\/latribunera.com\/apuntes\/?p=39522"},"modified":"2023-01-06T19:56:31","modified_gmt":"2023-01-06T19:56:31","slug":"tigres-tiene-en-la-mira-a-delantero-colombiano","status":"publish","type":"post","link":"https:\/\/latribunera.com\/apuntes\/index.php\/2023\/01\/06\/tigres-tiene-en-la-mira-a-delantero-colombiano\/","title":{"rendered":"TIGRES TIENE EN LA MIRA A DELANTERO COLOMBIANO"},"content":{"rendered":"\n<p><\/p>\n\n\n\n<p><\/p>\n\n\n<p><script async src=\"https:\/\/pagead2.googlesyndication.com\/pagead\/js\/adsbygoogle.js\"><\/script><br \/>\n<!-- PC 728x90 --><br \/>\n<ins class=\"adsbygoogle\"\nstyle=\"display:inline-block;width:728px;height:90px\"\ndata-ad-client=\"ca-pub-9427576701762839\"\ndata-ad-slot=\"1011393878\"><\/ins><br \/>\n<script>\n(adsbygoogle = window.adsbygoogle || []).push({});\n<\/script><\/p>\n\n\n\n<p><\/p>\n\n\n\n<p><\/p>\n\n\n\n<p><strong>Por: Ren\u00e9 Fern\u00e1ndez | Twitter: @Renefdz<\/strong><\/p>\n\n\n\n<p>La directiva de Tigres contin\u00faa trabajando en la b\u00fasqueda de un nuevo centro delantero que acompa\u00f1e a Andr\u00e9 Pierre Gignac, el cual podr\u00eda llegar procedente del f\u00fatbol europeo.<\/p>\n\n\n\n<p>El colombiano Rafael Santos Borr\u00e9, del Frankfurt de Alemania, es seg\u00fan una fuente felina, uno de los jugadores que se encuentran en la mira del t\u00e9cnico Diego Cocca.<\/p>\n\n\n\n<p>El cafetalero de 27 a\u00f1os conquist\u00f3 en el 2022 la Europa League con el conjunto alem\u00e1n; su contrato vence en el 2025 pero desde ya la directiva teutona le est\u00e1 buscando salida y Tigres podr\u00eda ser su pr\u00f3ximo destino. <\/p>\n\n\n\n<p>Santos Borr\u00e9 debut\u00f3 en el 2013 en el Deportivo Cali pero ha sido en Argentina con el River Plate en donde m\u00e1s ha destacado.<\/p>\n\n\n\n<p>Con los millonarios jug\u00f3 del 2017 al 2021, viendo acci\u00f3n en 145 partidos y anotando 55 goles, gan\u00f3 dos copas y dos s\u00faper copas, ademas de la Copa Libertadores en el 2018 frente al Boca Juniors, as\u00ed como la Recopa Sudamerica en el 2019.<\/p>\n\n\n\n<p>La directiva de Tigres tiene hasta el pr\u00f3ximo 1 de febrero para contratar al nuevo delantero del equipo, as\u00ed que muy pronto podr\u00eda haber noticias oficiales.<\/p>\n\n\n\n<p><\/p>\n\n\n\n<p><\/p>\n\n\n<p><script async src=\"https:\/\/pagead2.googlesyndication.com\/pagead\/js\/adsbygoogle.js\"><\/script><br \/>\n<!-- PC 728x90 --><br \/>\n<ins class=\"adsbygoogle\"\nstyle=\"display:inline-block;width:728px;height:90px\"\ndata-ad-client=\"ca-pub-9427576701762839\"\ndata-ad-slot=\"1011393878\"><\/ins><br \/>\n<script>\n(adsbygoogle = window.adsbygoogle || []).push({});\n<\/script><\/p>\n\n\n\n<p><\/p>\n\n\n\n<p><\/p>\n\n\n\n<figure class=\"wp-block-embed-youtube wp-block-embed is-type-video is-provider-youtube wp-embed-aspect-16-9 wp-has-aspect-ratio\"><div class=\"wp-block-embed__wrapper\">\n<iframe loading=\"lazy\" title=\"Pedro Damian. Solo Tigres #53 | El mayor coleccionista de Nahuel Guzm\u00e1n\" width=\"960\" height=\"540\" src=\"https:\/\/www.youtube.com\/embed\/bp5JkWn_G0g?feature=oembed\" frameborder=\"0\" allow=\"accelerometer; autoplay; clipboard-write; encrypted-media; gyroscope; picture-in-picture; web-share\" allowfullscreen><\/iframe>\n<\/div><\/figure>\n\n\n\n<p><\/p>\n\n\n\n<p><\/p>\n\n\n<p><script async src=\"https:\/\/pagead2.googlesyndication.com\/pagead\/js\/adsbygoogle.js\"><\/script><br \/>\n<!-- PC 728x90 --><br \/>\n<ins class=\"adsbygoogle\"\nstyle=\"display:inline-block;width:728px;height:90px\"\ndata-ad-client=\"ca-pub-9427576701762839\"\ndata-ad-slot=\"1011393878\"><\/ins><br \/>\n<script>\n(adsbygoogle = window.adsbygoogle || []).push({});\n<\/script><\/p>\n","protected":false},"excerpt":{"rendered":"<p>Por: Ren\u00e9 Fern\u00e1ndez | Twitter: @Renefdz La directiva de Tigres contin\u00faa trabajando en la b\u00fasqueda de un nuevo centro delantero que acompa\u00f1e a Andr\u00e9 Pierre Gignac, el cual podr\u00eda llegar procedente del f\u00fatbol europeo. El colombiano Rafael Santos Borr\u00e9, del Frankfurt de Alemania, es seg\u00fan una fuente felina, uno de los jugadores que se encuentran&#8230; <\/p>\n<div class=\"clear\"><\/div>\n<p><a href=\"https:\/\/latribunera.com\/apuntes\/index.php\/2023\/01\/06\/tigres-tiene-en-la-mira-a-delantero-colombiano\/\" class=\"excerpt-read-more\">Read More<i class=\"fa fa-caret-right icon-caret-right\"><\/i><\/a><\/p>\n","protected":false},"author":57,"featured_media":39523,"comment_status":"open","ping_status":"open","sticky":false,"template":"","format":"standard","meta":{"_jetpack_memberships_contains_paid_content":false,"footnotes":""},"categories":[231,278],"tags":[74,102],"class_list":["post-39522","post","type-post","status-publish","format-standard","has-post-thumbnail","hentry","category-apuntes","category-solotigres","tag-liga-mx","tag-tigres"],"jetpack_featured_media_url":"https:\/\/latribunera.com\/apuntes\/wp-content\/uploads\/2023\/01\/Dise\u00f1o-sin-t\u00edtulo-19.jpg","jetpack-related-posts":[],"jetpack_sharing_enabled":true,"_links":{"self":[{"href":"https:\/\/latribunera.com\/apuntes\/index.php\/wp-json\/wp\/v2\/posts\/39522","targetHints":{"allow":["GET"]}}],"collection":[{"href":"https:\/\/latribunera.com\/apuntes\/index.php\/wp-json\/wp\/v2\/posts"}],"about":[{"href":"https:\/\/latribunera.com\/apuntes\/index.php\/wp-json\/wp\/v2\/types\/post"}],"author":[{"embeddable":true,"href":"https:\/\/latribunera.com\/apuntes\/index.php\/wp-json\/wp\/v2\/users\/57"}],"replies":[{"embeddable":true,"href":"https:\/\/latribunera.com\/apuntes\/index.php\/wp-json\/wp\/v2\/comments?post=39522"}],"version-history":[{"count":2,"href":"https:\/\/latribunera.com\/apuntes\/index.php\/wp-json\/wp\/v2\/posts\/39522\/revisions"}],"predecessor-version":[{"id":39525,"href":"https:\/\/latribunera.com\/apuntes\/index.php\/wp-json\/wp\/v2\/posts\/39522\/revisions\/39525"}],"wp:featuredmedia":[{"embeddable":true,"href":"https:\/\/latribunera.com\/apuntes\/index.php\/wp-json\/wp\/v2\/media\/39523"}],"wp:attachment":[{"href":"https:\/\/latribunera.com\/apuntes\/index.php\/wp-json\/wp\/v2\/media?parent=39522"}],"wp:term":[{"taxonomy":"category","embeddable":true,"href":"https:\/\/latribunera.com\/apuntes\/index.php\/wp-json\/wp\/v2\/categories?post=39522"},{"taxonomy":"post_tag","embeddable":true,"href":"https:\/\/latribunera.com\/apuntes\/index.php\/wp-json\/wp\/v2\/tags?post=39522"}],"curies":[{"name":"wp","href":"https:\/\/api.w.org\/{rel}","templated":true}]}}