{"id":40404,"date":"2023-02-09T16:22:04","date_gmt":"2023-02-09T16:22:04","guid":{"rendered":"http:\/\/latribunera.com\/apuntes\/?p=40404"},"modified":"2023-02-09T16:22:07","modified_gmt":"2023-02-09T16:22:07","slug":"juninho-de-auxiliar-tecnico-en-tigres","status":"publish","type":"post","link":"https:\/\/latribunera.com\/apuntes\/index.php\/2023\/02\/09\/juninho-de-auxiliar-tecnico-en-tigres\/","title":{"rendered":"JUNINHO \u00bfDE AUXILIAR T\u00c9CNICO EN TIGRES?"},"content":{"rendered":"\n<p><\/p>\n\n\n\n<p><\/p>\n\n\n<p><script async src=\"https:\/\/pagead2.googlesyndication.com\/pagead\/js\/adsbygoogle.js\"><\/script><br \/>\n<!-- PC 728x90 --><br \/>\n<ins class=\"adsbygoogle\"\nstyle=\"display:inline-block;width:728px;height:90px\"\ndata-ad-client=\"ca-pub-9427576701762839\"\ndata-ad-slot=\"1011393878\"><\/ins><br \/>\n<script>\n(adsbygoogle = window.adsbygoogle || []).push({});\n<\/script><\/p>\n\n\n\n<p><\/p>\n\n\n\n<p><\/p>\n\n\n\n<p>STAFF <\/p>\n\n\n\n<p>El ex capit\u00e1n hist\u00f3rico de Tigres, Juninho, formar\u00eda parte del cuerpo t\u00e9cnico interino de los felinos tras la salida del argentino Diego Cocca.<\/p>\n\n\n\n<p>Esta ma\u00f1ana Multimedios Deportes public\u00f3 una fotograf\u00eda en donde se encontraban reunidos Juan Carlos Ortega, director de fuerzas b\u00e1sicas del club, Marco Antonio Ruiz y Anselmo Vendrechovski, en un restaurante del municipio de San Pedro.<\/p>\n\n\n\n<p>El \u201cChima\u201d ser\u00eda quien fungir\u00eda como el t\u00e9cnico interino y el brasile\u00f1o como su brazo derecho.<\/p>\n\n\n\n<p>Se espera que al filo del mediod\u00eda la directiva de Tigres ofrezca una conferencia de prensa en el Estadio Universitario.<\/p>\n\n\n\n<p><\/p>\n\n\n\n<p><\/p>\n\n\n<p><script async src=\"https:\/\/pagead2.googlesyndication.com\/pagead\/js\/adsbygoogle.js\"><\/script><br \/>\n<!-- PC 728x90 --><br \/>\n<ins class=\"adsbygoogle\"\nstyle=\"display:inline-block;width:728px;height:90px\"\ndata-ad-client=\"ca-pub-9427576701762839\"\ndata-ad-slot=\"1011393878\"><\/ins><br \/>\n<script>\n(adsbygoogle = window.adsbygoogle || []).push({});\n<\/script><\/p>\n\n\n\n<p><\/p>\n\n\n\n<p><\/p>\n\n\n\n<figure class=\"wp-block-embed-youtube wp-block-embed is-type-video is-provider-youtube wp-embed-aspect-16-9 wp-has-aspect-ratio\"><div class=\"wp-block-embed__wrapper\">\n<iframe loading=\"lazy\" title=\"Luis Genaro Castillo. SoloTigres #58 | \u00a1Prohibido fichar con Tigres!\ud83d\udea8\" width=\"960\" height=\"540\" src=\"https:\/\/www.youtube.com\/embed\/AjO5pmTXd10?feature=oembed\" frameborder=\"0\" allow=\"accelerometer; autoplay; clipboard-write; encrypted-media; gyroscope; picture-in-picture; web-share\" allowfullscreen><\/iframe>\n<\/div><\/figure>\n\n\n\n<p><\/p>\n\n\n\n<p><\/p>\n\n\n<p><script async src=\"https:\/\/pagead2.googlesyndication.com\/pagead\/js\/adsbygoogle.js\"><\/script><br \/>\n<!-- PC 728x90 --><br \/>\n<ins class=\"adsbygoogle\"\nstyle=\"display:inline-block;width:728px;height:90px\"\ndata-ad-client=\"ca-pub-9427576701762839\"\ndata-ad-slot=\"1011393878\"><\/ins><br \/>\n<script>\n(adsbygoogle = window.adsbygoogle || []).push({});\n<\/script><\/p>\n","protected":false},"excerpt":{"rendered":"<p>STAFF El ex capit\u00e1n hist\u00f3rico de Tigres, Juninho, formar\u00eda parte del cuerpo t\u00e9cnico interino de los felinos tras la salida del argentino Diego Cocca. Esta ma\u00f1ana Multimedios Deportes public\u00f3 una fotograf\u00eda en donde se encontraban reunidos Juan Carlos Ortega, director de fuerzas b\u00e1sicas del club, Marco Antonio Ruiz y Anselmo Vendrechovski, en un restaurante del&#8230; <\/p>\n<div class=\"clear\"><\/div>\n<p><a href=\"https:\/\/latribunera.com\/apuntes\/index.php\/2023\/02\/09\/juninho-de-auxiliar-tecnico-en-tigres\/\" class=\"excerpt-read-more\">Read More<i class=\"fa fa-caret-right icon-caret-right\"><\/i><\/a><\/p>\n","protected":false},"author":4,"featured_media":40405,"comment_status":"open","ping_status":"open","sticky":false,"template":"","format":"standard","meta":{"_jetpack_memberships_contains_paid_content":false,"footnotes":""},"categories":[231,278],"tags":[],"class_list":["post-40404","post","type-post","status-publish","format-standard","has-post-thumbnail","hentry","category-apuntes","category-solotigres"],"jetpack_featured_media_url":"https:\/\/latribunera.com\/apuntes\/wp-content\/uploads\/2023\/02\/Dise\u00f1o-sin-t\u00edtulo-4-1.jpg","jetpack-related-posts":[],"jetpack_sharing_enabled":true,"_links":{"self":[{"href":"https:\/\/latribunera.com\/apuntes\/index.php\/wp-json\/wp\/v2\/posts\/40404","targetHints":{"allow":["GET"]}}],"collection":[{"href":"https:\/\/latribunera.com\/apuntes\/index.php\/wp-json\/wp\/v2\/posts"}],"about":[{"href":"https:\/\/latribunera.com\/apuntes\/index.php\/wp-json\/wp\/v2\/types\/post"}],"author":[{"embeddable":true,"href":"https:\/\/latribunera.com\/apuntes\/index.php\/wp-json\/wp\/v2\/users\/4"}],"replies":[{"embeddable":true,"href":"https:\/\/latribunera.com\/apuntes\/index.php\/wp-json\/wp\/v2\/comments?post=40404"}],"version-history":[{"count":2,"href":"https:\/\/latribunera.com\/apuntes\/index.php\/wp-json\/wp\/v2\/posts\/40404\/revisions"}],"predecessor-version":[{"id":40407,"href":"https:\/\/latribunera.com\/apuntes\/index.php\/wp-json\/wp\/v2\/posts\/40404\/revisions\/40407"}],"wp:featuredmedia":[{"embeddable":true,"href":"https:\/\/latribunera.com\/apuntes\/index.php\/wp-json\/wp\/v2\/media\/40405"}],"wp:attachment":[{"href":"https:\/\/latribunera.com\/apuntes\/index.php\/wp-json\/wp\/v2\/media?parent=40404"}],"wp:term":[{"taxonomy":"category","embeddable":true,"href":"https:\/\/latribunera.com\/apuntes\/index.php\/wp-json\/wp\/v2\/categories?post=40404"},{"taxonomy":"post_tag","embeddable":true,"href":"https:\/\/latribunera.com\/apuntes\/index.php\/wp-json\/wp\/v2\/tags?post=40404"}],"curies":[{"name":"wp","href":"https:\/\/api.w.org\/{rel}","templated":true}]}}