{"id":40601,"date":"2023-02-16T19:41:04","date_gmt":"2023-02-16T19:41:04","guid":{"rendered":"http:\/\/latribunera.com\/apuntes\/?p=40601"},"modified":"2023-02-16T19:41:07","modified_gmt":"2023-02-16T19:41:07","slug":"es-dificil-que-se-vea-la-mano-del-chima-vigon","status":"publish","type":"post","link":"https:\/\/latribunera.com\/apuntes\/index.php\/2023\/02\/16\/es-dificil-que-se-vea-la-mano-del-chima-vigon\/","title":{"rendered":"ES DIF\u00cdCIL QUE SE VEA LA MANO DEL CHIMA: VIG\u00d3N"},"content":{"rendered":"\n<p><\/p>\n\n\n\n<p><\/p>\n\n\n<p><script async=\"\" src=\"https:\/\/pagead2.googlesyndication.com\/pagead\/js\/adsbygoogle.js\"><\/script><br \/>\n<!-- PC 728x90 --><br \/>\n<ins class=\"adsbygoogle\" style=\"display:inline-block;width:728px;height:90px\" data-ad-client=\"ca-pub-9427576701762839\" data-ad-slot=\"1011393878\"><\/ins><br \/>\n<script>\n(adsbygoogle = window.adsbygoogle || []).push({});\n<\/script><\/p>\n\n\n\n<p><\/p>\n\n\n\n<p><\/p>\n\n\n\n<p>Por: Ren\u00e9 Fern\u00e1ndez | Twitter: @Renefdz <\/p>\n\n\n\n<p>Apenas ha transcurrido una semana desde que Marco Antonio Ruiz se convirti\u00f3 en t\u00e9cnico de Tigres, ante esto, Juan Pablo Vig\u00f3n, reconoci\u00f3 que es complicado que a estas alturas el plantel ya se haya acostumbrado al estilo del \u201cChima\u201d.  <\/p>\n\n\n\n<p>\u201cEs dif\u00edcil trabajar y que se vea la mano de Chima, con pl\u00e1ticas se puede entender, pero no es lo mismo trasladarlo a la cancha. Es dif\u00edcil, pero somos un plantel con buenos jugadores para hacerlo lo m\u00e1s r\u00e1pido posible\u201d, declar\u00f3 en conferencia de prensa.  <\/p>\n\n\n\n<p>El mediocampista resalt\u00f3 el perfil felino con el cual lleg\u00f3 el nuevo cuerpo t\u00e9cnico al equipo,  pero tambi\u00e9n dej\u00f3 en claro que hay otros aspectos que se tienen que mejorar.  <\/p>\n\n\n\n<p>\u201cEsa m\u00edstica que nos est\u00e1 pidiendo, es de casa y hay que demostrar esa garra Tigre que en el primer partido contra Pumas se vio. As\u00ed debemos encarar todos los partidos y en lo t\u00e1ctico se ir\u00e1 trabajando, pero lamentablemente no se ha podido\u201d, finaliz\u00f3<\/p>\n\n\n\n<p><\/p>\n\n\n\n<p><\/p>\n\n\n<p><script async=\"\" src=\"https:\/\/pagead2.googlesyndication.com\/pagead\/js\/adsbygoogle.js\"><\/script><br \/>\n<!-- PC 728x90 --><br \/>\n<ins class=\"adsbygoogle\" style=\"display:inline-block;width:728px;height:90px\" data-ad-client=\"ca-pub-9427576701762839\" data-ad-slot=\"1011393878\"><\/ins><br \/>\n<script>\n(adsbygoogle = window.adsbygoogle || []).push({});\n<\/script><\/p>\n\n\n\n<p><\/p>\n\n\n\n<p><\/p>\n\n\n\n<figure class=\"wp-block-embed-youtube wp-block-embed is-type-video is-provider-youtube wp-embed-aspect-16-9 wp-has-aspect-ratio\"><div class=\"wp-block-embed__wrapper\">\n<iframe loading=\"lazy\" title=\"Jos\u00e9 Francisco \u201cGringo\u201d Torres. SoloTigres #59 | \u00bfPorqu\u00e9 no jugu\u00e9 mucho en Tigres?\" width=\"960\" height=\"540\" src=\"https:\/\/www.youtube.com\/embed\/vv2C-QgwM_A?feature=oembed\" frameborder=\"0\" allow=\"accelerometer; autoplay; clipboard-write; encrypted-media; gyroscope; picture-in-picture; web-share\" allowfullscreen><\/iframe>\n<\/div><\/figure>\n\n\n\n<p><\/p>\n\n\n\n<p><\/p>\n\n\n<p><script async=\"\" src=\"https:\/\/pagead2.googlesyndication.com\/pagead\/js\/adsbygoogle.js\"><\/script><br \/>\n<!-- PC 728x90 --><br \/>\n<ins class=\"adsbygoogle\" style=\"display:inline-block;width:728px;height:90px\" data-ad-client=\"ca-pub-9427576701762839\" data-ad-slot=\"1011393878\"><\/ins><br \/>\n<script>\n(adsbygoogle = window.adsbygoogle || []).push({});\n<\/script><\/p>\n","protected":false},"excerpt":{"rendered":"<p>Por: Ren\u00e9 Fern\u00e1ndez | Twitter: @Renefdz Apenas ha transcurrido una semana desde que Marco Antonio Ruiz se convirti\u00f3 en t\u00e9cnico de Tigres, ante esto, Juan Pablo Vig\u00f3n, reconoci\u00f3 que es complicado que a estas alturas el plantel ya se haya acostumbrado al estilo del \u201cChima\u201d. \u201cEs dif\u00edcil trabajar y que se vea la mano de&#8230; <\/p>\n<div class=\"clear\"><\/div>\n<p><a href=\"https:\/\/latribunera.com\/apuntes\/index.php\/2023\/02\/16\/es-dificil-que-se-vea-la-mano-del-chima-vigon\/\" class=\"excerpt-read-more\">Read More<i class=\"fa fa-caret-right icon-caret-right\"><\/i><\/a><\/p>\n","protected":false},"author":57,"featured_media":40602,"comment_status":"open","ping_status":"open","sticky":false,"template":"","format":"standard","meta":{"_jetpack_memberships_contains_paid_content":false,"footnotes":""},"categories":[231,278],"tags":[],"class_list":["post-40601","post","type-post","status-publish","format-standard","has-post-thumbnail","hentry","category-apuntes","category-solotigres"],"jetpack_featured_media_url":"https:\/\/latribunera.com\/apuntes\/wp-content\/uploads\/2023\/02\/Dise\u00f1o-sin-t\u00edtulo-11-3.jpg","jetpack-related-posts":[],"jetpack_sharing_enabled":true,"_links":{"self":[{"href":"https:\/\/latribunera.com\/apuntes\/index.php\/wp-json\/wp\/v2\/posts\/40601","targetHints":{"allow":["GET"]}}],"collection":[{"href":"https:\/\/latribunera.com\/apuntes\/index.php\/wp-json\/wp\/v2\/posts"}],"about":[{"href":"https:\/\/latribunera.com\/apuntes\/index.php\/wp-json\/wp\/v2\/types\/post"}],"author":[{"embeddable":true,"href":"https:\/\/latribunera.com\/apuntes\/index.php\/wp-json\/wp\/v2\/users\/57"}],"replies":[{"embeddable":true,"href":"https:\/\/latribunera.com\/apuntes\/index.php\/wp-json\/wp\/v2\/comments?post=40601"}],"version-history":[{"count":3,"href":"https:\/\/latribunera.com\/apuntes\/index.php\/wp-json\/wp\/v2\/posts\/40601\/revisions"}],"predecessor-version":[{"id":40613,"href":"https:\/\/latribunera.com\/apuntes\/index.php\/wp-json\/wp\/v2\/posts\/40601\/revisions\/40613"}],"wp:featuredmedia":[{"embeddable":true,"href":"https:\/\/latribunera.com\/apuntes\/index.php\/wp-json\/wp\/v2\/media\/40602"}],"wp:attachment":[{"href":"https:\/\/latribunera.com\/apuntes\/index.php\/wp-json\/wp\/v2\/media?parent=40601"}],"wp:term":[{"taxonomy":"category","embeddable":true,"href":"https:\/\/latribunera.com\/apuntes\/index.php\/wp-json\/wp\/v2\/categories?post=40601"},{"taxonomy":"post_tag","embeddable":true,"href":"https:\/\/latribunera.com\/apuntes\/index.php\/wp-json\/wp\/v2\/tags?post=40601"}],"curies":[{"name":"wp","href":"https:\/\/api.w.org\/{rel}","templated":true}]}}