{"id":40803,"date":"2023-02-25T23:40:37","date_gmt":"2023-02-25T23:40:37","guid":{"rendered":"http:\/\/latribunera.com\/apuntes\/?p=40803"},"modified":"2023-02-25T23:40:41","modified_gmt":"2023-02-25T23:40:41","slug":"luis-quinones-sale-del-cuadro-titular-de-tigres","status":"publish","type":"post","link":"https:\/\/latribunera.com\/apuntes\/index.php\/2023\/02\/25\/luis-quinones-sale-del-cuadro-titular-de-tigres\/","title":{"rendered":"Luis Qui\u00f1ones sale del cuadro titular de Tigres"},"content":{"rendered":"\n<p>Por: Ren\u00e9 Fern\u00e1ndez I Twitter: @Renefdz<\/p>\n\n\n\n<p>Cambio de \u00faltimo momento en la alineaci\u00f3n titular de Tigres.<\/p>\n\n\n\n<p>Una sobrecarga muscular en el el muslo derecho dejar\u00e1 fuera del cuadro estelar a Luis Qui\u00f1ones, sin embargo, el colombiano si saldr\u00e1 a la banca.<\/p>\n\n\n\n<p>El lugar en la titularidad de Qui\u00f1ones ser\u00e1 ocupado por Javier Aquino.<\/p>\n\n\n\n<p>Entonces Tigres arrancar\u00e1 con Nahuel Guzm\u00e1n, Jes\u00fas Angulo, Samir Caetano, Diego Reyes y Jes\u00fas Garza.<\/p>\n\n\n\n<p>Guido Pizarro, Rafael Carioca, Javier Aquino, Fernando Gorriar\u00e1n, Sebasti\u00e1n C\u00f3rdova y Nicol\u00e1s Ib\u00e1\u00f1ez.<\/p>\n","protected":false},"excerpt":{"rendered":"<p>Por: Ren\u00e9 Fern\u00e1ndez I Twitter: @Renefdz Cambio de \u00faltimo momento en la alineaci\u00f3n titular de Tigres. Una sobrecarga muscular en el el muslo derecho dejar\u00e1 fuera del cuadro estelar a Luis Qui\u00f1ones, sin embargo, el colombiano si saldr\u00e1 a la banca. El lugar en la titularidad de Qui\u00f1ones ser\u00e1 ocupado por Javier Aquino. Entonces Tigres&#8230; <\/p>\n<div class=\"clear\"><\/div>\n<p><a href=\"https:\/\/latribunera.com\/apuntes\/index.php\/2023\/02\/25\/luis-quinones-sale-del-cuadro-titular-de-tigres\/\" class=\"excerpt-read-more\">Read More<i class=\"fa fa-caret-right icon-caret-right\"><\/i><\/a><\/p>\n","protected":false},"author":22,"featured_media":40804,"comment_status":"open","ping_status":"open","sticky":false,"template":"","format":"standard","meta":{"_jetpack_memberships_contains_paid_content":false,"footnotes":""},"categories":[278,313],"tags":[686,508,298],"class_list":["post-40803","post","type-post","status-publish","format-standard","has-post-thumbnail","hentry","category-solotigres","category-tribus","tag-liga-bbva-mx","tag-luis-quinones","tag-tigres-uanl"],"jetpack_featured_media_url":"https:\/\/latribunera.com\/apuntes\/wp-content\/uploads\/2023\/02\/atlas-v-tigres-uanl-torneo-clausura-2023-liga-mx.jpg","jetpack-related-posts":[{"id":45392,"url":"https:\/\/latribunera.com\/apuntes\/index.php\/2026\/04\/09\/se-presento-la-13va-edicion-del-guerreton\/","url_meta":{"origin":40803,"position":0},"title":"Se presento la 13va edici\u00f3n del Guerret\u00f3n.","author":"Staff","date":"9 abril, 2026","format":false,"excerpt":"A lo largo de sus primeras 12 ediciones, Guerret\u00f3n ha logrado recolectar m\u00e1s de 121,500juguetes, peluches y balones, beneficiando a diversas asociaciones e instituciones de laregi\u00f3n lagunera, entre ellas CRIT Durango, los sistemas DIF de distintos municipios, as\u00edcomo organizaciones educativas y asistenciales. A la fecha, se han instalado cuatro ludotecas\u2026","rel":"","context":"In &quot;Ganar Sirviendo&quot;","block_context":{"text":"Ganar Sirviendo","link":"https:\/\/latribunera.com\/apuntes\/index.php\/category\/futbol\/futbol-mexicano\/ganar-sirviendo\/"},"img":{"alt_text":"","src":"https:\/\/i0.wp.com\/latribunera.com\/apuntes\/wp-content\/uploads\/2026\/04\/9Guerreton-2026-2.jpg.jpeg?resize=350%2C200&ssl=1","width":350,"height":200,"srcset":"https:\/\/i0.wp.com\/latribunera.com\/apuntes\/wp-content\/uploads\/2026\/04\/9Guerreton-2026-2.jpg.jpeg?resize=350%2C200&ssl=1 1x, https:\/\/i0.wp.com\/latribunera.com\/apuntes\/wp-content\/uploads\/2026\/04\/9Guerreton-2026-2.jpg.jpeg?resize=525%2C300&ssl=1 1.5x, https:\/\/i0.wp.com\/latribunera.com\/apuntes\/wp-content\/uploads\/2026\/04\/9Guerreton-2026-2.jpg.jpeg?resize=700%2C400&ssl=1 2x, https:\/\/i0.wp.com\/latribunera.com\/apuntes\/wp-content\/uploads\/2026\/04\/9Guerreton-2026-2.jpg.jpeg?resize=1050%2C600&ssl=1 3x, https:\/\/i0.wp.com\/latribunera.com\/apuntes\/wp-content\/uploads\/2026\/04\/9Guerreton-2026-2.jpg.jpeg?resize=1400%2C800&ssl=1 4x"},"classes":[]}],"jetpack_sharing_enabled":true,"_links":{"self":[{"href":"https:\/\/latribunera.com\/apuntes\/index.php\/wp-json\/wp\/v2\/posts\/40803","targetHints":{"allow":["GET"]}}],"collection":[{"href":"https:\/\/latribunera.com\/apuntes\/index.php\/wp-json\/wp\/v2\/posts"}],"about":[{"href":"https:\/\/latribunera.com\/apuntes\/index.php\/wp-json\/wp\/v2\/types\/post"}],"author":[{"embeddable":true,"href":"https:\/\/latribunera.com\/apuntes\/index.php\/wp-json\/wp\/v2\/users\/22"}],"replies":[{"embeddable":true,"href":"https:\/\/latribunera.com\/apuntes\/index.php\/wp-json\/wp\/v2\/comments?post=40803"}],"version-history":[{"count":2,"href":"https:\/\/latribunera.com\/apuntes\/index.php\/wp-json\/wp\/v2\/posts\/40803\/revisions"}],"predecessor-version":[{"id":40806,"href":"https:\/\/latribunera.com\/apuntes\/index.php\/wp-json\/wp\/v2\/posts\/40803\/revisions\/40806"}],"wp:featuredmedia":[{"embeddable":true,"href":"https:\/\/latribunera.com\/apuntes\/index.php\/wp-json\/wp\/v2\/media\/40804"}],"wp:attachment":[{"href":"https:\/\/latribunera.com\/apuntes\/index.php\/wp-json\/wp\/v2\/media?parent=40803"}],"wp:term":[{"taxonomy":"category","embeddable":true,"href":"https:\/\/latribunera.com\/apuntes\/index.php\/wp-json\/wp\/v2\/categories?post=40803"},{"taxonomy":"post_tag","embeddable":true,"href":"https:\/\/latribunera.com\/apuntes\/index.php\/wp-json\/wp\/v2\/tags?post=40803"}],"curies":[{"name":"wp","href":"https:\/\/api.w.org\/{rel}","templated":true}]}}