{"id":41767,"date":"2023-04-03T15:49:47","date_gmt":"2023-04-03T15:49:47","guid":{"rendered":"http:\/\/latribunera.com\/apuntes\/?p=41767"},"modified":"2023-04-03T20:35:37","modified_gmt":"2023-04-03T20:35:37","slug":"los-resultados-van-a-llegar-chima","status":"publish","type":"post","link":"https:\/\/latribunera.com\/apuntes\/index.php\/2023\/04\/03\/los-resultados-van-a-llegar-chima\/","title":{"rendered":"LOS RESULTADOS VAN A LLEGAR: CHIMA"},"content":{"rendered":"\n<p><\/p>\n\n\n\n<p><\/p>\n\n\n<p><script async=\"\" src=\"https:\/\/pagead2.googlesyndication.com\/pagead\/js\/adsbygoogle.js\"><\/script><br \/>\n<!-- PC 728x90 --><br \/>\n<ins class=\"adsbygoogle\" style=\"display:inline-block;width:728px;height:90px\" data-ad-client=\"ca-pub-9427576701762839\" data-ad-slot=\"1011393878\"><\/ins><br \/>\n<script>\n(adsbygoogle = window.adsbygoogle || []).push({});\n<\/script><\/p>\n\n\n\n<p><\/p>\n\n\n\n<p><\/p>\n\n\n\n<p><strong>Por: Ren\u00e9 Fern\u00e1ndez | Twitter: @Renefdz<\/strong><\/p>\n\n\n\n<p>Las dos semanas que tuvo de trabajo de poco sirvieron con la expulsi\u00f3n de Luis Qui\u00f1ones que le cambi\u00f3 todo el plan, aun as\u00ed, el t\u00e9cnico de los Tigres, Marco Antonio Ruiz, conf\u00eda en que los resultados positivos pronto llegar\u00e1n.<\/p>\n\n\n\n<p>\u201cPor un lado te frustra que todo el trabajo de estas dos semanas que hab\u00edamos tenido para poder trabajar con el equipo se echa a perder por detalles, por errores puntuales tambi\u00e9n de nosotros pero por otro lado estoy contento en el tema de que los jugadores se rompen el alma, que los jugadores intentan hacer lo que uno les pide, que tienen amor propio y mientras tengan eso el f\u00fatbol va a tener aciertos y errores, tenemos que seguir insistiendo y yo no tengo duda que los resultados van a llegar\u201d, declar\u00f3 en conferencia de prensa.<\/p>\n\n\n\n<p>A\u00fan as\u00ed, el \u201cChima\u201d no lanz\u00f3 ninguna cr\u00edtica hacia el arbitraje. <\/p>\n\n\n\n<p>\u201cLe rompe la camisa a Luis Qui\u00f1ones, no justifico por supuesto, ni voy hablar mal del arbitraje, ni estoy aqu\u00ed para criticar, siempre hemos sido muy respetuosos y vamos a seguir haci\u00e9ndolo, siempre y sencillamente lo aprecio de diferente manera y l\u00f3gicamente hubiera condicionado al rev\u00e9s en partido pero a\u00fan as\u00ed me gust\u00f3 la reacci\u00f3n del equipo\u201d, a\u00f1adi\u00f3. <\/p>\n\n\n\n<p>El entrenador tamaulipeco dej\u00f3 en claro que los objetivos siguen siendo los mismos, ganar el t\u00edtulo de Liga y el de la Concacaf. <\/p>\n\n\n\n<p>\u201cMientras tengamos posibilidades en los dos equipos este equipo va a buscar los dos torneos, al final seguimos en zona de calificaci\u00f3n y sabemos lo que puede pasar en una liguilla, tenemos muchos a\u00f1os en esto. Por supuesto que queremos entrar de manera directa y todav\u00eda creo que tenemos posibilidades en es momento de apretar y de sumar\u201d, finaliz\u00f3.<\/p>\n\n\n\n<p><\/p>\n\n\n\n<p><\/p>\n\n\n<p><script async=\"\" src=\"https:\/\/pagead2.googlesyndication.com\/pagead\/js\/adsbygoogle.js\"><\/script><br \/>\n<!-- PC 728x90 --><br \/>\n<ins class=\"adsbygoogle\" style=\"display:inline-block;width:728px;height:90px\" data-ad-client=\"ca-pub-9427576701762839\" data-ad-slot=\"1011393878\"><\/ins><br \/>\n<script>\n(adsbygoogle = window.adsbygoogle || []).push({});\n<\/script><\/p>\n\n\n\n<p><\/p>\n\n\n\n<p><\/p>\n\n\n\n<p><\/p>\n\n\n\n<figure class=\"wp-block-embed-youtube wp-block-embed is-type-video is-provider-youtube wp-embed-aspect-16-9 wp-has-aspect-ratio\"><div class=\"wp-block-embed__wrapper\">\n<iframe loading=\"lazy\" title=\"Vero Gonz\u00e1lez. Solo Tigres #65 | Una Tigre so\u00f1adora\" width=\"960\" height=\"540\" src=\"https:\/\/www.youtube.com\/embed\/AWvYL7jf8eY?feature=oembed\" frameborder=\"0\" allow=\"accelerometer; autoplay; clipboard-write; encrypted-media; gyroscope; picture-in-picture; web-share\" allowfullscreen><\/iframe>\n<\/div><\/figure>\n","protected":false},"excerpt":{"rendered":"<p>Por: Ren\u00e9 Fern\u00e1ndez | Twitter: @Renefdz Las dos semanas que tuvo de trabajo de poco sirvieron con la expulsi\u00f3n de Luis Qui\u00f1ones que le cambi\u00f3 todo el plan, aun as\u00ed, el t\u00e9cnico de los Tigres, Marco Antonio Ruiz, conf\u00eda en que los resultados positivos pronto llegar\u00e1n. \u201cPor un lado te frustra que todo el trabajo&#8230; <\/p>\n<div class=\"clear\"><\/div>\n<p><a href=\"https:\/\/latribunera.com\/apuntes\/index.php\/2023\/04\/03\/los-resultados-van-a-llegar-chima\/\" class=\"excerpt-read-more\">Read More<i class=\"fa fa-caret-right icon-caret-right\"><\/i><\/a><\/p>\n","protected":false},"author":57,"featured_media":41751,"comment_status":"open","ping_status":"open","sticky":false,"template":"","format":"standard","meta":{"_jetpack_memberships_contains_paid_content":false,"footnotes":""},"categories":[1],"tags":[],"class_list":["post-41767","post","type-post","status-publish","format-standard","has-post-thumbnail","hentry","category-sin-categoria"],"jetpack_featured_media_url":"https:\/\/latribunera.com\/apuntes\/wp-content\/uploads\/2023\/04\/Dise\u00f1o-sin-t\u00edtulo-1.jpg","jetpack-related-posts":[{"id":45421,"url":"https:\/\/latribunera.com\/apuntes\/index.php\/2026\/04\/16\/todo-listo-para-la-14va-edicion-de-la-copa-internacional-santos-penoles\/","url_meta":{"origin":41767,"position":0},"title":"Todo listo para la 14va edici\u00f3n de la Copa Internacional Santos Pe\u00f1oles","author":"Jacob Alarcon","date":"16 abril, 2026","format":false,"excerpt":"Este jueves, en el Auditorio Orlegi de Territorio Santos Modelo, se llev\u00f3 a cabo la presentaci\u00f3noficial de la edici\u00f3n 2026 de la Copa Internacional Santos Pe\u00f1oles, torneo que se ha consolidadocomo uno de los m\u00e1s importantes a nivel infantil y juvenil en M\u00e9xico. Adem\u00e1s de brindar una competencia deportiva de\u2026","rel":"","context":"In &quot;Sin categor\u00eda&quot;","block_context":{"text":"Sin categor\u00eda","link":"https:\/\/latribunera.com\/apuntes\/index.php\/category\/sin-categoria\/"},"img":{"alt_text":"","src":"https:\/\/i0.wp.com\/latribunera.com\/apuntes\/wp-content\/uploads\/2026\/04\/Presentacion-Copa-Santos-Penoles.jpg?resize=350%2C200&ssl=1","width":350,"height":200,"srcset":"https:\/\/i0.wp.com\/latribunera.com\/apuntes\/wp-content\/uploads\/2026\/04\/Presentacion-Copa-Santos-Penoles.jpg?resize=350%2C200&ssl=1 1x, https:\/\/i0.wp.com\/latribunera.com\/apuntes\/wp-content\/uploads\/2026\/04\/Presentacion-Copa-Santos-Penoles.jpg?resize=525%2C300&ssl=1 1.5x, https:\/\/i0.wp.com\/latribunera.com\/apuntes\/wp-content\/uploads\/2026\/04\/Presentacion-Copa-Santos-Penoles.jpg?resize=700%2C400&ssl=1 2x, https:\/\/i0.wp.com\/latribunera.com\/apuntes\/wp-content\/uploads\/2026\/04\/Presentacion-Copa-Santos-Penoles.jpg?resize=1050%2C600&ssl=1 3x, https:\/\/i0.wp.com\/latribunera.com\/apuntes\/wp-content\/uploads\/2026\/04\/Presentacion-Copa-Santos-Penoles.jpg?resize=1400%2C800&ssl=1 4x"},"classes":[]}],"jetpack_sharing_enabled":true,"_links":{"self":[{"href":"https:\/\/latribunera.com\/apuntes\/index.php\/wp-json\/wp\/v2\/posts\/41767","targetHints":{"allow":["GET"]}}],"collection":[{"href":"https:\/\/latribunera.com\/apuntes\/index.php\/wp-json\/wp\/v2\/posts"}],"about":[{"href":"https:\/\/latribunera.com\/apuntes\/index.php\/wp-json\/wp\/v2\/types\/post"}],"author":[{"embeddable":true,"href":"https:\/\/latribunera.com\/apuntes\/index.php\/wp-json\/wp\/v2\/users\/57"}],"replies":[{"embeddable":true,"href":"https:\/\/latribunera.com\/apuntes\/index.php\/wp-json\/wp\/v2\/comments?post=41767"}],"version-history":[{"count":2,"href":"https:\/\/latribunera.com\/apuntes\/index.php\/wp-json\/wp\/v2\/posts\/41767\/revisions"}],"predecessor-version":[{"id":41770,"href":"https:\/\/latribunera.com\/apuntes\/index.php\/wp-json\/wp\/v2\/posts\/41767\/revisions\/41770"}],"wp:featuredmedia":[{"embeddable":true,"href":"https:\/\/latribunera.com\/apuntes\/index.php\/wp-json\/wp\/v2\/media\/41751"}],"wp:attachment":[{"href":"https:\/\/latribunera.com\/apuntes\/index.php\/wp-json\/wp\/v2\/media?parent=41767"}],"wp:term":[{"taxonomy":"category","embeddable":true,"href":"https:\/\/latribunera.com\/apuntes\/index.php\/wp-json\/wp\/v2\/categories?post=41767"},{"taxonomy":"post_tag","embeddable":true,"href":"https:\/\/latribunera.com\/apuntes\/index.php\/wp-json\/wp\/v2\/tags?post=41767"}],"curies":[{"name":"wp","href":"https:\/\/api.w.org\/{rel}","templated":true}]}}