{"id":42949,"date":"2023-06-02T22:33:58","date_gmt":"2023-06-02T22:33:58","guid":{"rendered":"http:\/\/latribunera.com\/apuntes\/?p=42949"},"modified":"2023-06-02T22:34:02","modified_gmt":"2023-06-02T22:34:02","slug":"carmelina-moscato-renuncio-a-las-amazonas","status":"publish","type":"post","link":"https:\/\/latribunera.com\/apuntes\/index.php\/2023\/06\/02\/carmelina-moscato-renuncio-a-las-amazonas\/","title":{"rendered":"CARMELINA MOSCATO RENUNCI\u00d3 A LAS AMAZONAS"},"content":{"rendered":"\n<p><\/p>\n\n\n\n<p><strong>Por: Ren\u00e9 Fern\u00e1ndez | Twitter: @Renefdz<\/strong><\/p>\n\n\n\n<p>Tigres Femenil se ha quedado sin directora t\u00e9cnica.<\/p>\n\n\n\n<p>El club felino inform\u00f3 a trav\u00e9s de sus Redes Sociales que la canadiense Carmelina Moscato decidi\u00f3 dar un paso al costado y renunci\u00f3 a la direcci\u00f3n t\u00e9cnica del equipo.<\/p>\n\n\n\n<p>\u201cEl d\u00eda de hoy Carmelina Moscato tom\u00f3 la decisi\u00f3n de presentar su renuncia como Directora T\u00e9cnica de Tigres Femenil despu\u00e9s de regalarnos un intenso a\u00f1o de trabajo y lleno de grandes experiencias\u201d, se lee en un fragmento del comunicado. <\/p>\n\n\n\n<p>En las \u00faltimas horas trascendi\u00f3 que la directiva felina se encontraba analizando la continuidad de Moscato luego de la eliminaci\u00f3n sufrida ante el Am\u00e9rica en las Semifinales.<\/p>\n\n\n\n<p>La estratega canadiense fue campeona en su primer torneo al frente del equipo pero en el Clausura 2023 el f\u00fatbol de sus jugadoras no fue tan consistente.<\/p>\n\n\n\n<p><\/p>\n\n\n\n<p><\/p>\n\n\n<p><script async src=\"https:\/\/pagead2.googlesyndication.com\/pagead\/js\/adsbygoogle.js\"><\/script><br \/>\n<!-- PC 728x90 --><br \/>\n<ins class=\"adsbygoogle\"\nstyle=\"display:inline-block;width:728px;height:90px\"\t\ndata-ad-client=\"ca-pub-9427576701762839\"\ndata-ad-slot=\"1011393878\"><\/ins><br \/>\n<script>\n(adsbygoogle = window.adsbygoogle || []).push({});\n<\/script><\/p>\n\n\n\n<p><\/p>\n\n\n\n<p><\/p>\n\n\n\n<p>El plantel registr\u00f3 cinco derrotas, tres en fase regular, todas en calidad de visitante y de manera consecutiva, y dos m\u00e1s en la fase de liguilla.<\/p>\n\n\n\n<p>\u201cLe informamos a la afici\u00f3n que m\u00e1s adelante daremos a conocer qui\u00e9n tomar\u00e1 el cargo de Tigres Femenil, y est\u00e9n seguros que seguiremos trabajando para mantener la calidad que ha alcanzado este equipo desde los inicios de la Liga Mx Femenil\u201d, dice otra parte del informe dado por el club.<\/p>\n\n\n\n<p><\/p>\n\n\n\n<p><\/p>\n\n\n\n<figure class=\"wp-block-embed-youtube wp-block-embed is-type-video is-provider-youtube wp-embed-aspect-16-9 wp-has-aspect-ratio\"><div class=\"wp-block-embed__wrapper\">\n<iframe loading=\"lazy\" title=\"Carlos Mu\u00f1oz. Solo Tigres #72 | \u201cEl Internacional&quot; de la U de N.L\" width=\"960\" height=\"540\" src=\"https:\/\/www.youtube.com\/embed\/dZGnu7fAo9A?feature=oembed\" frameborder=\"0\" allow=\"accelerometer; autoplay; clipboard-write; encrypted-media; gyroscope; picture-in-picture; web-share\" allowfullscreen><\/iframe>\n<\/div><\/figure>\n","protected":false},"excerpt":{"rendered":"<p>Por: Ren\u00e9 Fern\u00e1ndez | Twitter: @Renefdz Tigres Femenil se ha quedado sin directora t\u00e9cnica. El club felino inform\u00f3 a trav\u00e9s de sus Redes Sociales que la canadiense Carmelina Moscato decidi\u00f3 dar un paso al costado y renunci\u00f3 a la direcci\u00f3n t\u00e9cnica del equipo. \u201cEl d\u00eda de hoy Carmelina Moscato tom\u00f3 la decisi\u00f3n de presentar su&#8230; <\/p>\n<div class=\"clear\"><\/div>\n<p><a href=\"https:\/\/latribunera.com\/apuntes\/index.php\/2023\/06\/02\/carmelina-moscato-renuncio-a-las-amazonas\/\" class=\"excerpt-read-more\">Read More<i class=\"fa fa-caret-right icon-caret-right\"><\/i><\/a><\/p>\n","protected":false},"author":57,"featured_media":42950,"comment_status":"open","ping_status":"open","sticky":false,"template":"","format":"standard","meta":{"_jetpack_memberships_contains_paid_content":false,"footnotes":""},"categories":[231,278],"tags":[],"class_list":["post-42949","post","type-post","status-publish","format-standard","has-post-thumbnail","hentry","category-apuntes","category-solotigres"],"jetpack_featured_media_url":"https:\/\/latribunera.com\/apuntes\/wp-content\/uploads\/2023\/06\/Dise\u00f1o-sin-t\u00edtuloaa.jpg","jetpack-related-posts":[{"id":45421,"url":"https:\/\/latribunera.com\/apuntes\/index.php\/2026\/04\/16\/todo-listo-para-la-14va-edicion-de-la-copa-internacional-santos-penoles\/","url_meta":{"origin":42949,"position":0},"title":"Todo listo para la 14va edici\u00f3n de la Copa Internacional Santos Pe\u00f1oles","author":"Jacob Alarcon","date":"16 abril, 2026","format":false,"excerpt":"Este jueves, en el Auditorio Orlegi de Territorio Santos Modelo, se llev\u00f3 a cabo la presentaci\u00f3noficial de la edici\u00f3n 2026 de la Copa Internacional Santos Pe\u00f1oles, torneo que se ha consolidadocomo uno de los m\u00e1s importantes a nivel infantil y juvenil en M\u00e9xico. Adem\u00e1s de brindar una competencia deportiva de\u2026","rel":"","context":"In &quot;Sin categor\u00eda&quot;","block_context":{"text":"Sin categor\u00eda","link":"https:\/\/latribunera.com\/apuntes\/index.php\/category\/sin-categoria\/"},"img":{"alt_text":"","src":"https:\/\/i0.wp.com\/latribunera.com\/apuntes\/wp-content\/uploads\/2026\/04\/Presentacion-Copa-Santos-Penoles.jpg?resize=350%2C200&ssl=1","width":350,"height":200,"srcset":"https:\/\/i0.wp.com\/latribunera.com\/apuntes\/wp-content\/uploads\/2026\/04\/Presentacion-Copa-Santos-Penoles.jpg?resize=350%2C200&ssl=1 1x, https:\/\/i0.wp.com\/latribunera.com\/apuntes\/wp-content\/uploads\/2026\/04\/Presentacion-Copa-Santos-Penoles.jpg?resize=525%2C300&ssl=1 1.5x, https:\/\/i0.wp.com\/latribunera.com\/apuntes\/wp-content\/uploads\/2026\/04\/Presentacion-Copa-Santos-Penoles.jpg?resize=700%2C400&ssl=1 2x, https:\/\/i0.wp.com\/latribunera.com\/apuntes\/wp-content\/uploads\/2026\/04\/Presentacion-Copa-Santos-Penoles.jpg?resize=1050%2C600&ssl=1 3x, https:\/\/i0.wp.com\/latribunera.com\/apuntes\/wp-content\/uploads\/2026\/04\/Presentacion-Copa-Santos-Penoles.jpg?resize=1400%2C800&ssl=1 4x"},"classes":[]}],"jetpack_sharing_enabled":true,"_links":{"self":[{"href":"https:\/\/latribunera.com\/apuntes\/index.php\/wp-json\/wp\/v2\/posts\/42949","targetHints":{"allow":["GET"]}}],"collection":[{"href":"https:\/\/latribunera.com\/apuntes\/index.php\/wp-json\/wp\/v2\/posts"}],"about":[{"href":"https:\/\/latribunera.com\/apuntes\/index.php\/wp-json\/wp\/v2\/types\/post"}],"author":[{"embeddable":true,"href":"https:\/\/latribunera.com\/apuntes\/index.php\/wp-json\/wp\/v2\/users\/57"}],"replies":[{"embeddable":true,"href":"https:\/\/latribunera.com\/apuntes\/index.php\/wp-json\/wp\/v2\/comments?post=42949"}],"version-history":[{"count":2,"href":"https:\/\/latribunera.com\/apuntes\/index.php\/wp-json\/wp\/v2\/posts\/42949\/revisions"}],"predecessor-version":[{"id":42952,"href":"https:\/\/latribunera.com\/apuntes\/index.php\/wp-json\/wp\/v2\/posts\/42949\/revisions\/42952"}],"wp:featuredmedia":[{"embeddable":true,"href":"https:\/\/latribunera.com\/apuntes\/index.php\/wp-json\/wp\/v2\/media\/42950"}],"wp:attachment":[{"href":"https:\/\/latribunera.com\/apuntes\/index.php\/wp-json\/wp\/v2\/media?parent=42949"}],"wp:term":[{"taxonomy":"category","embeddable":true,"href":"https:\/\/latribunera.com\/apuntes\/index.php\/wp-json\/wp\/v2\/categories?post=42949"},{"taxonomy":"post_tag","embeddable":true,"href":"https:\/\/latribunera.com\/apuntes\/index.php\/wp-json\/wp\/v2\/tags?post=42949"}],"curies":[{"name":"wp","href":"https:\/\/api.w.org\/{rel}","templated":true}]}}