{"id":45386,"date":"2026-03-11T22:42:58","date_gmt":"2026-03-11T22:42:58","guid":{"rendered":"https:\/\/latribunera.com\/apuntes\/?p=45386"},"modified":"2026-03-12T00:27:50","modified_gmt":"2026-03-12T00:27:50","slug":"santos-launa-impulsa-mejoras-en-la-infraestructura-de-tsm-y-estadio-corona","status":"publish","type":"post","link":"https:\/\/latribunera.com\/apuntes\/index.php\/2026\/03\/11\/santos-launa-impulsa-mejoras-en-la-infraestructura-de-tsm-y-estadio-corona\/","title":{"rendered":"Santos Laguna impulsa mejoras en la infraestructura de TSM y Estadio Corona"},"content":{"rendered":"\n<p class=\"has-text-align-left\">Club Santos Laguna lleva a cabo una serie de reformas y mejoras en la infraestructura de Territorio<br>Santos Modelo y del Estadio Corona, con el objetivo de impulsar la innovaci\u00f3n tecnol\u00f3gica, la<br>sostenibilidad y la modernizaci\u00f3n de sus espacios.<br>Con estas acciones, el club contin\u00faa fortaleciendo la experiencia de sus aficionados y<br>actualizando sus instalaciones con tecnolog\u00eda de vanguardia.<br>Estas inversiones forman parte del compromiso permanente de la instituci\u00f3n por mantener a TSM y al Estadio Corona como uno de los complejos m\u00e1s avanzados del pa\u00eds, as\u00ed como por elevar la calidad de los eventos deportivos y espect\u00e1culos que alberga.<\/p>\n\n\n\n<p><strong>RENOVACI\u00d3N DE PANTALLAS EN EL ESTADIO CORONA<\/strong><br>Como parte de este proceso de modernizaci\u00f3n, el Estadio Corona contar\u00e1 con nuevas pantallas de alta definici\u00f3n, dise\u00f1adas para ofrecer una experiencia visual m\u00e1s inmersiva para los aficionados.<br>Las nuevas pantallas incorporan tecnolog\u00eda de \u00faltima generaci\u00f3n que permitir\u00e1 proyectar<br>contenidos con mayor resoluci\u00f3n, brillo y nitidez, y optimizar la visibilidad desde cualquier punto del estadio. Adem\u00e1s de mejorar la transmisi\u00f3n de contenidos, este sistema facilitar\u00e1 la<br>integraci\u00f3n de nuevas experiencias durante los eventos.<\/p>\n\n\n\n<p><strong>NUEVO SISTEMA DE ILUMINACI\u00d3N<\/strong><br>Entre las mejoras destaca la instalaci\u00f3n de un nuevo sistema de iluminaci\u00f3n LED de \u00faltima<br>generaci\u00f3n en el Estadio Corona. Con esta tecnolog\u00eda, la afici\u00f3n santista y los asistentes al<br>inmueble podr\u00e1n disfrutar de partidos y espect\u00e1culos con una iluminaci\u00f3n de alto rendimiento, dise\u00f1ada para ofrecer una visibilidad \u00f3ptima y un espect\u00e1culo visual de primer nivel.<br>Este proyecto se desarrolla en colaboraci\u00f3n con INTELIGIS Sports Lighting Divisi\u00f3n, empresa<br>mexicana especializada en el desarrollo de proyectos profesionales de iluminaci\u00f3n y eficiencia<br>energ\u00e9tica, con m\u00e1s de 20 a\u00f1os de trayectoria y m\u00faltiples proyectos exitosos en escenarios<br>deportivos<\/p>\n\n\n\n<p><strong>RENOVACI\u00d3N DE VALLAS PUBLICITARIAS<\/strong><br>Otro de los proyectos en desarrollo es la renovaci\u00f3n de las vallas publicitarias del Estadio Corona, que evolucionar\u00e1n hacia un sistema m\u00e1s moderno y din\u00e1mico.<br>Las nuevas vallas estar\u00e1n dotadas de tecnolog\u00eda que permitir\u00e1 mayor flexibilidad en la exhibici\u00f3n de contenidos comerciales e institucionales. De esta manera, se incrementar\u00e1 el valor de exposici\u00f3n para los patrocinadores y socios comerciales del club, adem\u00e1s de ofrecer una imagen visual m\u00e1s uniforme y vanguardista dentro del inmueble.<\/p>\n\n\n\n<p><strong>INSTALACI\u00d3N DE CARPORTS Y PANELES SOLARES<\/strong><br>En materia de sostenibilidad, Territorio Santos Modelo tambi\u00e9n avanza en la instalaci\u00f3n de<br>carports, estructuras de cubierta para estacionamiento equipadas con paneles solares. Se<br>instalar\u00e1n un total de 3,500 paneles en el complejo, lo que podr\u00eda representar una potencia total cercana a los 2 megawatts (MW).<br>Adem\u00e1s de contribuir a la generaci\u00f3n de energ\u00eda limpia, la instalaci\u00f3n de carports brindar\u00e1 un<br>beneficio adicional para la afici\u00f3n y visitantes de TSM, al ofrecer techumbre en \u00e1reas de<br>estacionamiento, proporcionando mayor comodidad y protecci\u00f3n para los veh\u00edculos tanto en<br>d\u00edas de partido como durante las actividades cotidianas del complejo.<br>Con esta infraestructura, el Estadio Corona se convertir\u00e1 en el tercer estadio de futbol con mayor generaci\u00f3n de energ\u00eda solar en Am\u00e9rica, mientras que Territorio Santos Modelo se posicionar\u00e1 como el s\u00e9ptimo complejo deportivo integral del continente con mayor capacidad de producci\u00f3n el\u00e9ctrica.<br>Este proyecto se desarrolla en conjunto con Greening Group y busca que las instalaciones de TSM contin\u00faen evolucionando hacia un modelo cada vez m\u00e1s sostenible, contribuyendo no solo a la eficiencia energ\u00e9tica del complejo, sino tambi\u00e9n a la regeneraci\u00f3n ambiental de su entorno.<\/p>\n","protected":false},"excerpt":{"rendered":"<p>Club Santos Laguna lleva a cabo una serie de reformas y mejoras en la infraestructura de TerritorioSantos Modelo y del Estadio Corona, con el objetivo de impulsar la innovaci\u00f3n tecnol\u00f3gica, lasostenibilidad y la modernizaci\u00f3n de sus espacios.Con estas acciones, el club contin\u00faa fortaleciendo la experiencia de sus aficionados yactualizando sus instalaciones con tecnolog\u00eda de vanguardia.Estas&#8230; <\/p>\n<div class=\"clear\"><\/div>\n<p><a href=\"https:\/\/latribunera.com\/apuntes\/index.php\/2026\/03\/11\/santos-launa-impulsa-mejoras-en-la-infraestructura-de-tsm-y-estadio-corona\/\" class=\"excerpt-read-more\">Read More<i class=\"fa fa-caret-right icon-caret-right\"><\/i><\/a><\/p>\n","protected":false},"author":61,"featured_media":45387,"comment_status":"closed","ping_status":"closed","sticky":false,"template":"","format":"standard","meta":{"_jetpack_memberships_contains_paid_content":false,"footnotes":""},"categories":[280],"tags":[],"class_list":["post-45386","post","type-post","status-publish","format-standard","has-post-thumbnail","hentry","category-pasionguerrera"],"jetpack_featured_media_url":"https:\/\/latribunera.com\/apuntes\/wp-content\/uploads\/2026\/03\/Renovacion-TSM.jpg","jetpack-related-posts":[{"id":45421,"url":"https:\/\/latribunera.com\/apuntes\/index.php\/2026\/04\/16\/todo-listo-para-la-14va-edicion-de-la-copa-internacional-santos-penoles\/","url_meta":{"origin":45386,"position":0},"title":"Todo listo para la 14va edici\u00f3n de la Copa Internacional Santos Pe\u00f1oles","author":"Jacob Alarcon","date":"16 abril, 2026","format":false,"excerpt":"Este jueves, en el Auditorio Orlegi de Territorio Santos Modelo, se llev\u00f3 a cabo la presentaci\u00f3noficial de la edici\u00f3n 2026 de la Copa Internacional Santos Pe\u00f1oles, torneo que se ha consolidadocomo uno de los m\u00e1s importantes a nivel infantil y juvenil en M\u00e9xico. Adem\u00e1s de brindar una competencia deportiva de\u2026","rel":"","context":"In &quot;Sin categor\u00eda&quot;","block_context":{"text":"Sin categor\u00eda","link":"https:\/\/latribunera.com\/apuntes\/index.php\/category\/sin-categoria\/"},"img":{"alt_text":"","src":"https:\/\/i0.wp.com\/latribunera.com\/apuntes\/wp-content\/uploads\/2026\/04\/Presentacion-Copa-Santos-Penoles.jpg?resize=350%2C200&ssl=1","width":350,"height":200,"srcset":"https:\/\/i0.wp.com\/latribunera.com\/apuntes\/wp-content\/uploads\/2026\/04\/Presentacion-Copa-Santos-Penoles.jpg?resize=350%2C200&ssl=1 1x, https:\/\/i0.wp.com\/latribunera.com\/apuntes\/wp-content\/uploads\/2026\/04\/Presentacion-Copa-Santos-Penoles.jpg?resize=525%2C300&ssl=1 1.5x, https:\/\/i0.wp.com\/latribunera.com\/apuntes\/wp-content\/uploads\/2026\/04\/Presentacion-Copa-Santos-Penoles.jpg?resize=700%2C400&ssl=1 2x, https:\/\/i0.wp.com\/latribunera.com\/apuntes\/wp-content\/uploads\/2026\/04\/Presentacion-Copa-Santos-Penoles.jpg?resize=1050%2C600&ssl=1 3x, https:\/\/i0.wp.com\/latribunera.com\/apuntes\/wp-content\/uploads\/2026\/04\/Presentacion-Copa-Santos-Penoles.jpg?resize=1400%2C800&ssl=1 4x"},"classes":[]},{"id":45392,"url":"https:\/\/latribunera.com\/apuntes\/index.php\/2026\/04\/09\/se-presento-la-13va-edicion-del-guerreton\/","url_meta":{"origin":45386,"position":1},"title":"Se presento la 13va edici\u00f3n del Guerret\u00f3n.","author":"Staff","date":"9 abril, 2026","format":false,"excerpt":"A lo largo de sus primeras 12 ediciones, Guerret\u00f3n ha logrado recolectar m\u00e1s de 121,500juguetes, peluches y balones, beneficiando a diversas asociaciones e instituciones de laregi\u00f3n lagunera, entre ellas CRIT Durango, los sistemas DIF de distintos municipios, as\u00edcomo organizaciones educativas y asistenciales. A la fecha, se han instalado cuatro ludotecas\u2026","rel":"","context":"In &quot;Ganar Sirviendo&quot;","block_context":{"text":"Ganar Sirviendo","link":"https:\/\/latribunera.com\/apuntes\/index.php\/category\/futbol\/futbol-mexicano\/ganar-sirviendo\/"},"img":{"alt_text":"","src":"https:\/\/i0.wp.com\/latribunera.com\/apuntes\/wp-content\/uploads\/2026\/04\/9Guerreton-2026-2.jpg.jpeg?resize=350%2C200&ssl=1","width":350,"height":200,"srcset":"https:\/\/i0.wp.com\/latribunera.com\/apuntes\/wp-content\/uploads\/2026\/04\/9Guerreton-2026-2.jpg.jpeg?resize=350%2C200&ssl=1 1x, https:\/\/i0.wp.com\/latribunera.com\/apuntes\/wp-content\/uploads\/2026\/04\/9Guerreton-2026-2.jpg.jpeg?resize=525%2C300&ssl=1 1.5x, https:\/\/i0.wp.com\/latribunera.com\/apuntes\/wp-content\/uploads\/2026\/04\/9Guerreton-2026-2.jpg.jpeg?resize=700%2C400&ssl=1 2x, https:\/\/i0.wp.com\/latribunera.com\/apuntes\/wp-content\/uploads\/2026\/04\/9Guerreton-2026-2.jpg.jpeg?resize=1050%2C600&ssl=1 3x, https:\/\/i0.wp.com\/latribunera.com\/apuntes\/wp-content\/uploads\/2026\/04\/9Guerreton-2026-2.jpg.jpeg?resize=1400%2C800&ssl=1 4x"},"classes":[]}],"jetpack_sharing_enabled":true,"_links":{"self":[{"href":"https:\/\/latribunera.com\/apuntes\/index.php\/wp-json\/wp\/v2\/posts\/45386","targetHints":{"allow":["GET"]}}],"collection":[{"href":"https:\/\/latribunera.com\/apuntes\/index.php\/wp-json\/wp\/v2\/posts"}],"about":[{"href":"https:\/\/latribunera.com\/apuntes\/index.php\/wp-json\/wp\/v2\/types\/post"}],"author":[{"embeddable":true,"href":"https:\/\/latribunera.com\/apuntes\/index.php\/wp-json\/wp\/v2\/users\/61"}],"replies":[{"embeddable":true,"href":"https:\/\/latribunera.com\/apuntes\/index.php\/wp-json\/wp\/v2\/comments?post=45386"}],"version-history":[{"count":3,"href":"https:\/\/latribunera.com\/apuntes\/index.php\/wp-json\/wp\/v2\/posts\/45386\/revisions"}],"predecessor-version":[{"id":45390,"href":"https:\/\/latribunera.com\/apuntes\/index.php\/wp-json\/wp\/v2\/posts\/45386\/revisions\/45390"}],"wp:featuredmedia":[{"embeddable":true,"href":"https:\/\/latribunera.com\/apuntes\/index.php\/wp-json\/wp\/v2\/media\/45387"}],"wp:attachment":[{"href":"https:\/\/latribunera.com\/apuntes\/index.php\/wp-json\/wp\/v2\/media?parent=45386"}],"wp:term":[{"taxonomy":"category","embeddable":true,"href":"https:\/\/latribunera.com\/apuntes\/index.php\/wp-json\/wp\/v2\/categories?post=45386"},{"taxonomy":"post_tag","embeddable":true,"href":"https:\/\/latribunera.com\/apuntes\/index.php\/wp-json\/wp\/v2\/tags?post=45386"}],"curies":[{"name":"wp","href":"https:\/\/api.w.org\/{rel}","templated":true}]}}