{"id":4905,"date":"2020-02-06T10:35:00","date_gmt":"2020-02-06T10:35:00","guid":{"rendered":"https:\/\/latribunera.com\/apuntes\/?p=4905"},"modified":"2020-02-07T21:15:01","modified_gmt":"2020-02-07T21:15:01","slug":"comienza-otra-temporada-de-lfa-en-mexico","status":"publish","type":"post","link":"https:\/\/latribunera.com\/apuntes\/index.php\/2020\/02\/06\/comienza-otra-temporada-de-lfa-en-mexico\/","title":{"rendered":"Comienza la nueva temporada de LFA en M\u00e9xico"},"content":{"rendered":"\n<p>Una temporada mas del campeonato de futbol americano en M\u00e9xico comienza con 4 partidos candentes en su primera fecha.<\/p>\n\n\n\n<p>Comienza una nueva temporada, nuevos equipos y nuevas ilusiones. En esta temporada debuta Pioneros de Queretaro en este certamen, un equipo con una defensiva interesante a la que debemos de prestar atenci\u00f3n y que puede dar de que hablar. Este certamen tambi\u00e9n se sufre la baja de los Mayas de CDMX, una baja muy sensible para lo que ven\u00edan ofreciendo en la competencia y una v\u00eda de escape para equipos que no han conseguido un titulo de liga, puedan hacerlo con mas oportunidad.<\/p>\n\n\n\n<p>Veamos que nos prepara esta jornada 1 de acciones y este torneo de 8 equipos dividi\u00f3 en 2 conferencias:<\/p>\n\n\n\n<p><strong>Mexicas vs Raptors<\/strong>:<\/p>\n\n\n\n<p>Mexicas llega con un saldo de 3 derrotas en temporada regular vs un saldo de 2 victorias y una derrota para Raptors. D\u00e1ndonos como tendencia la posible victoria de Raptors y puntos a favor en tus quinielas de La Tribunera o picks.<\/p>\n\n\n\n<p>Este ser\u00e1 un duelo electrizante de defensiva de Mexicas vs el circo a\u00e9reo de los Raptors.<\/p>\n\n\n\n<p><strong>Pioneros vs Condors:<\/strong><\/p>\n\n\n\n<p>El partido de estreno vs los actuales campeones de la liga, este ser\u00e1 un encuentro in\u00e9dito en la historia de la LFA y sin registros actuales. La principal interrogante para todos los aficionados, quinieleros y apostadores del orbe es \u00bfEsta Pioneros listo para competir o ser\u00e1 un flan para el ataque de los Reyes de la LFA? Dejamos esta cuesti\u00f3n al aire, en el cual el tiempo lo dir\u00e1 todo.<\/p>\n\n\n\n<figure class=\"wp-block-image size-large\"><img loading=\"lazy\" decoding=\"async\" width=\"1000\" height=\"667\" src=\"https:\/\/latribunera.com\/apuntes\/wp-content\/uploads\/2020\/02\/13C5E189-826B-4B3E-9811-CBE72B7AB88F.jpeg\" alt=\"\" class=\"wp-image-4931\" srcset=\"https:\/\/latribunera.com\/apuntes\/wp-content\/uploads\/2020\/02\/13C5E189-826B-4B3E-9811-CBE72B7AB88F.jpeg 1000w, https:\/\/latribunera.com\/apuntes\/wp-content\/uploads\/2020\/02\/13C5E189-826B-4B3E-9811-CBE72B7AB88F-300x200.jpeg 300w, https:\/\/latribunera.com\/apuntes\/wp-content\/uploads\/2020\/02\/13C5E189-826B-4B3E-9811-CBE72B7AB88F-768x512.jpeg 768w\" sizes=\"auto, (max-width: 1000px) 100vw, 1000px\" \/><figcaption>V\u00eda: LFA<\/figcaption><\/figure>\n\n\n\n<p><strong>Dinos vs Artilleros:<\/strong><\/p>\n\n\n\n<p>Otro duelo in\u00e9dito dentro de los emparrillados en los cuales en un duelo de ofensiva vs defensiva y sin un historial previo de registros, nos hace tener un juego de pronostico reservado.<\/p>\n\n\n\n<p>La experiencia vs la Juventud, un factor que puede marcar tendencia en el rumbo del partido.<\/p>\n\n\n\n<p><strong>Osos vs Fundidores:<\/strong><\/p>\n\n\n\n<p>Partido con historia, un partido de anta\u00f1o y de fuerzas igualadas, el partido que marca quien se va arriba en el marcador hist\u00f3rico, esto es lo que significa este Osos-Fundidores en los emparrillados de la LFA. <\/p>\n\n\n\n<p>Ese duelo significa ademas de un 50%-50%, el choque de juventud y experiencia combinada en ambos equipos.<\/p>\n\n\n\n<figure class=\"wp-block-embed-twitter wp-block-embed is-type-rich is-provider-twitter\"><div class=\"wp-block-embed__wrapper\">\n<blockquote class=\"twitter-tweet\" data-width=\"550\" data-dnt=\"true\"><p lang=\"es\" dir=\"ltr\"><a href=\"https:\/\/twitter.com\/hashtag\/Afici%C3%B3nLFA?src=hash&amp;ref_src=twsrc%5Etfw\">#Afici\u00f3nLFA<\/a> <a href=\"https:\/\/twitter.com\/hashtag\/GanarLoEsTodo?src=hash&amp;ref_src=twsrc%5Etfw\">#GanarLoEsTodo<\/a> <br><br>En esta quinta temporada tendremos grandes estadios que ser\u00e1n sedes de todas las emociones que estamos a punto de vivir.<a href=\"https:\/\/twitter.com\/hashtag\/Siguelalfa?src=hash&amp;ref_src=twsrc%5Etfw\">#Siguelalfa<\/a> <a href=\"https:\/\/twitter.com\/hashtag\/LFA2020?src=hash&amp;ref_src=twsrc%5Etfw\">#LFA2020<\/a> <a href=\"https:\/\/twitter.com\/hashtag\/TMV?src=hash&amp;ref_src=twsrc%5Etfw\">#TMV<\/a><a href=\"https:\/\/t.co\/q16kC7XNhL\">https:\/\/t.co\/q16kC7XNhL<\/a><\/p>&mdash; LFA (@LFAmex) <a href=\"https:\/\/twitter.com\/LFAmex\/status\/1224528430231891968?ref_src=twsrc%5Etfw\">February 4, 2020<\/a><\/blockquote><script async src=\"https:\/\/platform.twitter.com\/widgets.js\" charset=\"utf-8\"><\/script>\n<\/div><\/figure>\n\n\n\n<p>No olvides adem\u00e1s que puedes jugar en Latribunera.com y crear tus propias quinielas de la LFA para jugar a tu propio modo con tus amigos.<\/p>\n\n\n\n<figure class=\"wp-block-image size-large\"><img loading=\"lazy\" decoding=\"async\" width=\"1024\" height=\"858\" src=\"https:\/\/latribunera.com\/apuntes\/wp-content\/uploads\/2020\/02\/279E4EE4-6256-4AB3-A58E-BC87ADEE934A-1024x858.jpeg\" alt=\"\" class=\"wp-image-4910\" srcset=\"https:\/\/latribunera.com\/apuntes\/wp-content\/uploads\/2020\/02\/279E4EE4-6256-4AB3-A58E-BC87ADEE934A-1024x858.jpeg 1024w, https:\/\/latribunera.com\/apuntes\/wp-content\/uploads\/2020\/02\/279E4EE4-6256-4AB3-A58E-BC87ADEE934A-300x251.jpeg 300w, https:\/\/latribunera.com\/apuntes\/wp-content\/uploads\/2020\/02\/279E4EE4-6256-4AB3-A58E-BC87ADEE934A-768x644.jpeg 768w, https:\/\/latribunera.com\/apuntes\/wp-content\/uploads\/2020\/02\/279E4EE4-6256-4AB3-A58E-BC87ADEE934A-1536x1288.jpeg 1536w, https:\/\/latribunera.com\/apuntes\/wp-content\/uploads\/2020\/02\/279E4EE4-6256-4AB3-A58E-BC87ADEE934A.jpeg 1880w\" sizes=\"auto, (max-width: 1024px) 100vw, 1024px\" \/><\/figure>\n\n\n\n<p> <\/p>\n","protected":false},"excerpt":{"rendered":"<p>Una temporada mas del campeonato de futbol americano en M\u00e9xico comienza con 4 partidos candentes en su primera fecha. Comienza una nueva temporada, nuevos equipos y nuevas ilusiones. En esta temporada debuta Pioneros de Queretaro en este certamen, un equipo con una defensiva interesante a la que debemos de prestar atenci\u00f3n y que puede dar&#8230; <\/p>\n<div class=\"clear\"><\/div>\n<p><a href=\"https:\/\/latribunera.com\/apuntes\/index.php\/2020\/02\/06\/comienza-otra-temporada-de-lfa-en-mexico\/\" class=\"excerpt-read-more\">Read More<i class=\"fa fa-caret-right icon-caret-right\"><\/i><\/a><\/p>\n","protected":false},"author":2,"featured_media":4915,"comment_status":"open","ping_status":"open","sticky":false,"template":"","format":"standard","meta":{"_jetpack_memberships_contains_paid_content":false,"footnotes":""},"categories":[76,78],"tags":[95,94,93,91,88,90,92,89],"class_list":["post-4905","post","type-post","status-publish","format-standard","has-post-thumbnail","hentry","category-futbol-americano","category-futbolamericano-lfa","tag-artilleros","tag-condors","tag-dinos","tag-fundidores","tag-lfa","tag-mexicas","tag-pioneros","tag-raptors"],"jetpack_featured_media_url":"https:\/\/latribunera.com\/apuntes\/wp-content\/uploads\/2020\/02\/67F56E8A-C673-42DC-9F6F-BB430C147F60.jpeg","jetpack-related-posts":[{"id":45421,"url":"https:\/\/latribunera.com\/apuntes\/index.php\/2026\/04\/16\/todo-listo-para-la-14va-edicion-de-la-copa-internacional-santos-penoles\/","url_meta":{"origin":4905,"position":0},"title":"Todo listo para la 14va edici\u00f3n de la Copa Internacional Santos Pe\u00f1oles","author":"Jacob Alarcon","date":"16 abril, 2026","format":false,"excerpt":"Este jueves, en el Auditorio Orlegi de Territorio Santos Modelo, se llev\u00f3 a cabo la presentaci\u00f3noficial de la edici\u00f3n 2026 de la Copa Internacional Santos Pe\u00f1oles, torneo que se ha consolidadocomo uno de los m\u00e1s importantes a nivel infantil y juvenil en M\u00e9xico. Adem\u00e1s de brindar una competencia deportiva de\u2026","rel":"","context":"In &quot;Sin categor\u00eda&quot;","block_context":{"text":"Sin categor\u00eda","link":"https:\/\/latribunera.com\/apuntes\/index.php\/category\/sin-categoria\/"},"img":{"alt_text":"","src":"https:\/\/i0.wp.com\/latribunera.com\/apuntes\/wp-content\/uploads\/2026\/04\/Presentacion-Copa-Santos-Penoles.jpg?resize=350%2C200&ssl=1","width":350,"height":200,"srcset":"https:\/\/i0.wp.com\/latribunera.com\/apuntes\/wp-content\/uploads\/2026\/04\/Presentacion-Copa-Santos-Penoles.jpg?resize=350%2C200&ssl=1 1x, https:\/\/i0.wp.com\/latribunera.com\/apuntes\/wp-content\/uploads\/2026\/04\/Presentacion-Copa-Santos-Penoles.jpg?resize=525%2C300&ssl=1 1.5x, https:\/\/i0.wp.com\/latribunera.com\/apuntes\/wp-content\/uploads\/2026\/04\/Presentacion-Copa-Santos-Penoles.jpg?resize=700%2C400&ssl=1 2x, https:\/\/i0.wp.com\/latribunera.com\/apuntes\/wp-content\/uploads\/2026\/04\/Presentacion-Copa-Santos-Penoles.jpg?resize=1050%2C600&ssl=1 3x, https:\/\/i0.wp.com\/latribunera.com\/apuntes\/wp-content\/uploads\/2026\/04\/Presentacion-Copa-Santos-Penoles.jpg?resize=1400%2C800&ssl=1 4x"},"classes":[]},{"id":45468,"url":"https:\/\/latribunera.com\/apuntes\/index.php\/2026\/08\/05\/guerreros-de-corazon-celebra-19-anos-de-ganar-sirviendo\/","url_meta":{"origin":4905,"position":1},"title":"Guerreros de Coraz\u00f3n celebra 19 A\u00f1os de GANAR SIRVIENDO","author":"Staff","date":"5 agosto, 2026","format":false,"excerpt":"Desde 2007, el programa de responsabilidad social de Club Santos Laguna ha impulsado m\u00e1s de 1,200 iniciativas en beneficio de la comunidad, sumando a jugadores, colaboradores, aficionados, patrocinadores y aliados. Hoy, Club Santos Laguna celebra el 19\u00b0 aniversario de Guerreros de Coraz\u00f3n, su programa de responsabilidad social, que desde 2007\u2026","rel":"","context":"In &quot;Ganar Sirviendo&quot;","block_context":{"text":"Ganar Sirviendo","link":"https:\/\/latribunera.com\/apuntes\/index.php\/category\/futbol\/futbol-mexicano\/ganar-sirviendo\/"},"img":{"alt_text":"","src":"https:\/\/i0.wp.com\/latribunera.com\/apuntes\/wp-content\/uploads\/2026\/08\/Laura-Irarragorri-Kalb.jpg?resize=350%2C200&ssl=1","width":350,"height":200,"srcset":"https:\/\/i0.wp.com\/latribunera.com\/apuntes\/wp-content\/uploads\/2026\/08\/Laura-Irarragorri-Kalb.jpg?resize=350%2C200&ssl=1 1x, https:\/\/i0.wp.com\/latribunera.com\/apuntes\/wp-content\/uploads\/2026\/08\/Laura-Irarragorri-Kalb.jpg?resize=525%2C300&ssl=1 1.5x, https:\/\/i0.wp.com\/latribunera.com\/apuntes\/wp-content\/uploads\/2026\/08\/Laura-Irarragorri-Kalb.jpg?resize=700%2C400&ssl=1 2x, https:\/\/i0.wp.com\/latribunera.com\/apuntes\/wp-content\/uploads\/2026\/08\/Laura-Irarragorri-Kalb.jpg?resize=1050%2C600&ssl=1 3x, https:\/\/i0.wp.com\/latribunera.com\/apuntes\/wp-content\/uploads\/2026\/08\/Laura-Irarragorri-Kalb.jpg?resize=1400%2C800&ssl=1 4x"},"classes":[]},{"id":45450,"url":"https:\/\/latribunera.com\/apuntes\/index.php\/2026\/07\/02\/santos-laguna-recibira-america-de-cali-historico-del-futbol-sudamericano-en-el-estadio-corona\/","url_meta":{"origin":4905,"position":2},"title":"Santos Laguna recibir\u00e1 Am\u00e9rica de Cali hist\u00f3rico del futbol sudamericano, en el Estadio Corona.","author":"Jacob Alarcon","date":"2 julio, 2026","format":false,"excerpt":"El encuentro se disputar\u00e1 el jueves 9 de julio y representar\u00e1 el regreso de un partido de preparaci\u00f3n ante un rival internacional en el Estadio Corona, previo al inicio del Torneo Apertura 2026. \u2022 Los boletos estar\u00e1n disponibles en $100 y $150 pesos. \u2022 Los Abonados Guerrero Total ingresar\u00e1n sin\u2026","rel":"","context":"In &quot;Sin categor\u00eda&quot;","block_context":{"text":"Sin categor\u00eda","link":"https:\/\/latribunera.com\/apuntes\/index.php\/category\/sin-categoria\/"},"img":{"alt_text":"","src":"https:\/\/i0.wp.com\/latribunera.com\/apuntes\/wp-content\/uploads\/2026\/07\/Santos-vs-America-de-Cali.jpg?resize=350%2C200&ssl=1","width":350,"height":200,"srcset":"https:\/\/i0.wp.com\/latribunera.com\/apuntes\/wp-content\/uploads\/2026\/07\/Santos-vs-America-de-Cali.jpg?resize=350%2C200&ssl=1 1x, https:\/\/i0.wp.com\/latribunera.com\/apuntes\/wp-content\/uploads\/2026\/07\/Santos-vs-America-de-Cali.jpg?resize=525%2C300&ssl=1 1.5x, https:\/\/i0.wp.com\/latribunera.com\/apuntes\/wp-content\/uploads\/2026\/07\/Santos-vs-America-de-Cali.jpg?resize=700%2C400&ssl=1 2x, https:\/\/i0.wp.com\/latribunera.com\/apuntes\/wp-content\/uploads\/2026\/07\/Santos-vs-America-de-Cali.jpg?resize=1050%2C600&ssl=1 3x, https:\/\/i0.wp.com\/latribunera.com\/apuntes\/wp-content\/uploads\/2026\/07\/Santos-vs-America-de-Cali.jpg?resize=1400%2C800&ssl=1 4x"},"classes":[]},{"id":45434,"url":"https:\/\/latribunera.com\/apuntes\/index.php\/2026\/05\/28\/45434\/","url_meta":{"origin":4905,"position":3},"title":"Renato Paiva es presentado como Director T\u00e9cnico de Santos Laguna","author":"Jacob Alarcon","date":"28 mayo, 2026","format":false,"excerpt":"Santos Laguna llev\u00f3 a cabo este jueves la presentaci\u00f3n oficial de Renato Paiva como nuevo Director T\u00e9cnico del Primer Equipo, en conferencia de prensa realizada en el Auditorio Orlegi de Territorio Santos Modelo, encabezada por Alejandro Irarragorri Kalb, Presidente del Club, y Gonzalo Pineda, Director de Futbol del Primer Equipo.\u2026","rel":"","context":"In &quot;Pasi\u00f3n Guerrera&quot;","block_context":{"text":"Pasi\u00f3n Guerrera","link":"https:\/\/latribunera.com\/apuntes\/index.php\/category\/tribus\/pasionguerrera\/"},"img":{"alt_text":"","src":"https:\/\/i0.wp.com\/latribunera.com\/apuntes\/wp-content\/uploads\/2026\/05\/RENATO-PAIVA.jpg?resize=350%2C200&ssl=1","width":350,"height":200,"srcset":"https:\/\/i0.wp.com\/latribunera.com\/apuntes\/wp-content\/uploads\/2026\/05\/RENATO-PAIVA.jpg?resize=350%2C200&ssl=1 1x, https:\/\/i0.wp.com\/latribunera.com\/apuntes\/wp-content\/uploads\/2026\/05\/RENATO-PAIVA.jpg?resize=525%2C300&ssl=1 1.5x, https:\/\/i0.wp.com\/latribunera.com\/apuntes\/wp-content\/uploads\/2026\/05\/RENATO-PAIVA.jpg?resize=700%2C400&ssl=1 2x, https:\/\/i0.wp.com\/latribunera.com\/apuntes\/wp-content\/uploads\/2026\/05\/RENATO-PAIVA.jpg?resize=1050%2C600&ssl=1 3x, https:\/\/i0.wp.com\/latribunera.com\/apuntes\/wp-content\/uploads\/2026\/05\/RENATO-PAIVA.jpg?resize=1400%2C800&ssl=1 4x"},"classes":[]},{"id":45444,"url":"https:\/\/latribunera.com\/apuntes\/index.php\/2026\/06\/23\/estadio-corona-y-tsm-inversion-y-evolucion-en-su-infraestructura\/","url_meta":{"origin":4905,"position":4},"title":"ESTADIO CORONA Y TSM: INVERSI\u00d3N Y EVOLUCI\u00d3N EN SU INFRAESTRUCTURA","author":"Jacob Alarcon","date":"23 junio, 2026","format":false,"excerpt":"El Estadio Corona y Territorio Santos Modelo contin\u00faan evolucionando con una serie de mejoras enfocadas en innovaci\u00f3n, tecnolog\u00eda, sostenibilidad y una experiencia integral para aficionados, jugadores, aliados comerciales y visitantes en general. Se realiza una inversi\u00f3n importante en infraestructura y, particularmente durante los \u00faltimos ocho meses, se han concretado obras\u2026","rel":"","context":"In &quot;Sin categor\u00eda&quot;","block_context":{"text":"Sin categor\u00eda","link":"https:\/\/latribunera.com\/apuntes\/index.php\/category\/sin-categoria\/"},"img":{"alt_text":"","src":"","width":0,"height":0},"classes":[]},{"id":45513,"url":"https:\/\/latribunera.com\/apuntes\/index.php\/2026\/08\/26\/exguerreros-mandan-mensajes-de-apoyo-a-santos-laguna\/","url_meta":{"origin":4905,"position":5},"title":"Exguerreros mandan mensajes de apoyo a Santos Laguna","author":"Staff","date":"26 agosto, 2026","format":false,"excerpt":"Exjugadores santistas comenzaron a manifestar su apoyo al Club Santos Laguna a trav\u00e9s de sus redes sociales, destacando la participaci\u00f3n de futbolistas de diferentes etapas en la historia de la instituci\u00f3n, recordados con mucho cari\u00f1o por la afici\u00f3n Guerrera y varios de ellos campeones con Santos Laguna. Entre quienes han\u2026","rel":"","context":"In &quot;Pasi\u00f3n Guerrera&quot;","block_context":{"text":"Pasi\u00f3n Guerrera","link":"https:\/\/latribunera.com\/apuntes\/index.php\/category\/tribus\/pasionguerrera\/"},"img":{"alt_text":"","src":"https:\/\/i0.wp.com\/latribunera.com\/apuntes\/wp-content\/uploads\/2026\/08\/Redes-Ex-Guerreros.jpg?resize=350%2C200&ssl=1","width":350,"height":200,"srcset":"https:\/\/i0.wp.com\/latribunera.com\/apuntes\/wp-content\/uploads\/2026\/08\/Redes-Ex-Guerreros.jpg?resize=350%2C200&ssl=1 1x, https:\/\/i0.wp.com\/latribunera.com\/apuntes\/wp-content\/uploads\/2026\/08\/Redes-Ex-Guerreros.jpg?resize=525%2C300&ssl=1 1.5x, https:\/\/i0.wp.com\/latribunera.com\/apuntes\/wp-content\/uploads\/2026\/08\/Redes-Ex-Guerreros.jpg?resize=700%2C400&ssl=1 2x, https:\/\/i0.wp.com\/latribunera.com\/apuntes\/wp-content\/uploads\/2026\/08\/Redes-Ex-Guerreros.jpg?resize=1050%2C600&ssl=1 3x, https:\/\/i0.wp.com\/latribunera.com\/apuntes\/wp-content\/uploads\/2026\/08\/Redes-Ex-Guerreros.jpg?resize=1400%2C800&ssl=1 4x"},"classes":[]}],"jetpack_sharing_enabled":true,"_links":{"self":[{"href":"https:\/\/latribunera.com\/apuntes\/index.php\/wp-json\/wp\/v2\/posts\/4905","targetHints":{"allow":["GET"]}}],"collection":[{"href":"https:\/\/latribunera.com\/apuntes\/index.php\/wp-json\/wp\/v2\/posts"}],"about":[{"href":"https:\/\/latribunera.com\/apuntes\/index.php\/wp-json\/wp\/v2\/types\/post"}],"author":[{"embeddable":true,"href":"https:\/\/latribunera.com\/apuntes\/index.php\/wp-json\/wp\/v2\/users\/2"}],"replies":[{"embeddable":true,"href":"https:\/\/latribunera.com\/apuntes\/index.php\/wp-json\/wp\/v2\/comments?post=4905"}],"version-history":[{"count":9,"href":"https:\/\/latribunera.com\/apuntes\/index.php\/wp-json\/wp\/v2\/posts\/4905\/revisions"}],"predecessor-version":[{"id":4932,"href":"https:\/\/latribunera.com\/apuntes\/index.php\/wp-json\/wp\/v2\/posts\/4905\/revisions\/4932"}],"wp:featuredmedia":[{"embeddable":true,"href":"https:\/\/latribunera.com\/apuntes\/index.php\/wp-json\/wp\/v2\/media\/4915"}],"wp:attachment":[{"href":"https:\/\/latribunera.com\/apuntes\/index.php\/wp-json\/wp\/v2\/media?parent=4905"}],"wp:term":[{"taxonomy":"category","embeddable":true,"href":"https:\/\/latribunera.com\/apuntes\/index.php\/wp-json\/wp\/v2\/categories?post=4905"},{"taxonomy":"post_tag","embeddable":true,"href":"https:\/\/latribunera.com\/apuntes\/index.php\/wp-json\/wp\/v2\/tags?post=4905"}],"curies":[{"name":"wp","href":"https:\/\/api.w.org\/{rel}","templated":true}]}}