{"id":4975,"date":"2020-02-09T21:39:42","date_gmt":"2020-02-09T21:39:42","guid":{"rendered":"https:\/\/latribunera.com\/apuntes\/?p=4975"},"modified":"2020-02-09T21:41:54","modified_gmt":"2020-02-09T21:41:54","slug":"gallos-de-pelea","status":"publish","type":"post","link":"https:\/\/latribunera.com\/apuntes\/index.php\/2020\/02\/09\/gallos-de-pelea\/","title":{"rendered":"Gallos de pelea"},"content":{"rendered":"\n<p>El Quer\u00e9taro de V\u00edctor Manuel Vucetich se ha convertido en un equipo protagonista en el Clausura 2020: ganan, gustan y anotan, pero en la jornada 5 enfrentar\u00e1n a su pesadilla, el Am\u00e9rica.<\/p>\n\n\n\n<p>Gallos Blancos navega entre los primeros lugares de la clasificaci\u00f3n general, gracias a sus n\u00fameros: suman tres victorias y una derrota para un total de nueve puntos.<\/p>\n\n\n\n<p>Aunque Quer\u00e9taro suma tres victorias al hilo no es garant\u00eda de que pueda sumar de nueva cuenta los tres puntos en casa, pues Am\u00e9rica tiene las llaves de La Corregidora.<\/p>\n\n\n\n<figure class=\"wp-block-embed-twitter wp-block-embed is-type-rich is-provider-twitter\"><div class=\"wp-block-embed__wrapper\">\n<blockquote class=\"twitter-tweet\" data-width=\"550\" data-dnt=\"true\"><p lang=\"es\" dir=\"ltr\">\u00daltimos 5 partidos ante Am\u00e9rica en La Corregidora: <br><br>Apertura 2018: Quer\u00e9taro 1-1 Am\u00e9rica.<br>Clausura 2018: Quer\u00e9taro 0-1 Am\u00e9rica.<br>Apertura 2016: Quer\u00e9taro 1-1 Am\u00e9rica. <br>Clausura 2016: Quer\u00e9taro 1-1 Am\u00e9rica. <br>Apertura 2014: Quer\u00e9taro 3-2 Am\u00e9rica.<\/p>&mdash; 1950 (@gallos_noticias) <a href=\"https:\/\/twitter.com\/gallos_noticias\/status\/1226354765644173312?ref_src=twsrc%5Etfw\">February 9, 2020<\/a><\/blockquote><script async src=\"https:\/\/platform.twitter.com\/widgets.js\" charset=\"utf-8\"><\/script>\n<\/div><\/figure>\n\n\n\n<p>En los \u00faltimos cinco duelos en Quer\u00e9taro han dejado tres empates y una victoria por bando, la de Gallos ocurri\u00f3 hace seis a\u00f1os cuando vencieron 3-2 a las \u00c1guilas en el ya lejano Apertura 2014.<\/p>\n\n\n\n<p>Es importante mencionar que Am\u00e9rica sigue adoleciendo de lesiones, para el partido de la jornada 5 tendr\u00e1 las bajas de: Alonso Escoboza, Renato Ibarra y Ni o Castillo que fue operado esta semana.<\/p>\n\n\n\n<figure class=\"wp-block-embed-twitter wp-block-embed is-type-rich is-provider-twitter\"><div class=\"wp-block-embed__wrapper\">\n<blockquote class=\"twitter-tweet\" data-width=\"550\" data-dnt=\"true\"><p lang=\"es\" dir=\"ltr\">\u00a1HOY JUEGA EL M\u00c1S GRANDEEEE! \ud83d\ude0d<a href=\"https:\/\/twitter.com\/hashtag\/VamosAm%C3%A9rica?src=hash&amp;ref_src=twsrc%5Etfw\">#VamosAm\u00e9rica<\/a> \ud83e\udd85 <a href=\"https:\/\/t.co\/mRYAd0I6EP\">pic.twitter.com\/mRYAd0I6EP<\/a><\/p>&mdash; Conexion \u00c1guila (@conexionaguila) <a href=\"https:\/\/twitter.com\/conexionaguila\/status\/1226565886678589440?ref_src=twsrc%5Etfw\">February 9, 2020<\/a><\/blockquote><script async src=\"https:\/\/platform.twitter.com\/widgets.js\" charset=\"utf-8\"><\/script>\n<\/div><\/figure>\n\n\n\n<p><br><\/p>\n","protected":false},"excerpt":{"rendered":"<p>El Quer\u00e9taro de V\u00edctor Manuel Vucetich se ha convertido en un equipo protagonista en el Clausura 2020: ganan, gustan y anotan, pero en la jornada 5 enfrentar\u00e1n a su pesadilla, el Am\u00e9rica. Gallos Blancos navega entre los primeros lugares de la clasificaci\u00f3n general, gracias a sus n\u00fameros: suman tres victorias y una derrota para un&#8230; <\/p>\n<div class=\"clear\"><\/div>\n<p><a href=\"https:\/\/latribunera.com\/apuntes\/index.php\/2020\/02\/09\/gallos-de-pelea\/\" class=\"excerpt-read-more\">Read More<i class=\"fa fa-caret-right icon-caret-right\"><\/i><\/a><\/p>\n","protected":false},"author":4,"featured_media":4978,"comment_status":"open","ping_status":"open","sticky":false,"template":"","format":"standard","meta":{"_jetpack_memberships_contains_paid_content":false,"footnotes":""},"categories":[3,2],"tags":[85,73,113,74,114],"class_list":["post-4975","post","type-post","status-publish","format-standard","has-post-thumbnail","hentry","category-futbol","category-futbol-mexicano","tag-america","tag-clausura-2020","tag-gallos-blancos","tag-liga-mx","tag-queretaro"],"jetpack_featured_media_url":"https:\/\/latribunera.com\/apuntes\/wp-content\/uploads\/2020\/02\/73CA0BE2-08E8-4457-B53C-42C9539D5F3B.jpeg","jetpack-related-posts":[{"id":45386,"url":"https:\/\/latribunera.com\/apuntes\/index.php\/2026\/03\/11\/santos-launa-impulsa-mejoras-en-la-infraestructura-de-tsm-y-estadio-corona\/","url_meta":{"origin":4975,"position":0},"title":"Santos Laguna impulsa mejoras en la infraestructura de TSM y Estadio Corona","author":"Jacob Alarcon","date":"11 marzo, 2026","format":false,"excerpt":"Club Santos Laguna lleva a cabo una serie de reformas y mejoras en la infraestructura de TerritorioSantos Modelo y del Estadio Corona, con el objetivo de impulsar la innovaci\u00f3n tecnol\u00f3gica, lasostenibilidad y la modernizaci\u00f3n de sus espacios.Con estas acciones, el club contin\u00faa fortaleciendo la experiencia de sus aficionados yactualizando sus\u2026","rel":"","context":"In &quot;Pasi\u00f3n Guerrera&quot;","block_context":{"text":"Pasi\u00f3n Guerrera","link":"https:\/\/latribunera.com\/apuntes\/index.php\/category\/tribus\/pasionguerrera\/"},"img":{"alt_text":"","src":"https:\/\/i0.wp.com\/latribunera.com\/apuntes\/wp-content\/uploads\/2026\/03\/Renovacion-TSM.jpg?resize=350%2C200&ssl=1","width":350,"height":200,"srcset":"https:\/\/i0.wp.com\/latribunera.com\/apuntes\/wp-content\/uploads\/2026\/03\/Renovacion-TSM.jpg?resize=350%2C200&ssl=1 1x, https:\/\/i0.wp.com\/latribunera.com\/apuntes\/wp-content\/uploads\/2026\/03\/Renovacion-TSM.jpg?resize=525%2C300&ssl=1 1.5x, https:\/\/i0.wp.com\/latribunera.com\/apuntes\/wp-content\/uploads\/2026\/03\/Renovacion-TSM.jpg?resize=700%2C400&ssl=1 2x, https:\/\/i0.wp.com\/latribunera.com\/apuntes\/wp-content\/uploads\/2026\/03\/Renovacion-TSM.jpg?resize=1050%2C600&ssl=1 3x, https:\/\/i0.wp.com\/latribunera.com\/apuntes\/wp-content\/uploads\/2026\/03\/Renovacion-TSM.jpg?resize=1400%2C800&ssl=1 4x"},"classes":[]}],"jetpack_sharing_enabled":true,"_links":{"self":[{"href":"https:\/\/latribunera.com\/apuntes\/index.php\/wp-json\/wp\/v2\/posts\/4975","targetHints":{"allow":["GET"]}}],"collection":[{"href":"https:\/\/latribunera.com\/apuntes\/index.php\/wp-json\/wp\/v2\/posts"}],"about":[{"href":"https:\/\/latribunera.com\/apuntes\/index.php\/wp-json\/wp\/v2\/types\/post"}],"author":[{"embeddable":true,"href":"https:\/\/latribunera.com\/apuntes\/index.php\/wp-json\/wp\/v2\/users\/4"}],"replies":[{"embeddable":true,"href":"https:\/\/latribunera.com\/apuntes\/index.php\/wp-json\/wp\/v2\/comments?post=4975"}],"version-history":[{"count":2,"href":"https:\/\/latribunera.com\/apuntes\/index.php\/wp-json\/wp\/v2\/posts\/4975\/revisions"}],"predecessor-version":[{"id":4977,"href":"https:\/\/latribunera.com\/apuntes\/index.php\/wp-json\/wp\/v2\/posts\/4975\/revisions\/4977"}],"wp:featuredmedia":[{"embeddable":true,"href":"https:\/\/latribunera.com\/apuntes\/index.php\/wp-json\/wp\/v2\/media\/4978"}],"wp:attachment":[{"href":"https:\/\/latribunera.com\/apuntes\/index.php\/wp-json\/wp\/v2\/media?parent=4975"}],"wp:term":[{"taxonomy":"category","embeddable":true,"href":"https:\/\/latribunera.com\/apuntes\/index.php\/wp-json\/wp\/v2\/categories?post=4975"},{"taxonomy":"post_tag","embeddable":true,"href":"https:\/\/latribunera.com\/apuntes\/index.php\/wp-json\/wp\/v2\/tags?post=4975"}],"curies":[{"name":"wp","href":"https:\/\/api.w.org\/{rel}","templated":true}]}}