{"id":4979,"date":"2020-02-09T22:00:40","date_gmt":"2020-02-09T22:00:40","guid":{"rendered":"https:\/\/latribunera.com\/apuntes\/?p=4979"},"modified":"2020-02-09T22:00:42","modified_gmt":"2020-02-09T22:00:42","slug":"duelo-con-historia","status":"publish","type":"post","link":"https:\/\/latribunera.com\/apuntes\/index.php\/2020\/02\/09\/duelo-con-historia\/","title":{"rendered":"Duelo con historia"},"content":{"rendered":"\n<p>El Bravos ante Necaxa en el cierre de la jornada 5 del Clausura 2020 en el papel, pero el duelo en la Frontera tiene historia y presente.<\/p>\n\n\n\n<p>Los Rayos lograron el ascenso a la Primera Divisi\u00f3n en el 2016 tras derrotar en la frontera a los Bravos, algo que no olvidan en Ju\u00e1rez despu\u00e9s casi cuatro a\u00f1os.<\/p>\n\n\n\n<p>Para este partido ambos llegan como protagonistas gracias al desempe\u00f1o que han tenido en el arranque del Clausura 2020, el Necaxa marcha invicto y Bravos suma tres duelos sin caer.<\/p>\n\n\n\n<figure class=\"wp-block-embed-twitter wp-block-embed is-type-rich is-provider-twitter\"><div class=\"wp-block-embed__wrapper\">\n<blockquote class=\"twitter-tweet\" data-width=\"550\" data-dnt=\"true\"><p lang=\"es\" dir=\"ltr\">\u00a1Buenos d\u00edas a todos! <br><br>\u2708\ufe0f \ud83c\uddf2\ud83c\uddfdCd. Ju\u00e1rez Chihuahua<br><br>Esta noche x <a href=\"https:\/\/twitter.com\/TUDNMEX?ref_src=twsrc%5Etfw\">@TUDNMEX<\/a> te llevaremos el Bravos vs Rayos de <a href=\"https:\/\/twitter.com\/hashtag\/TuLigaMx?src=hash&amp;ref_src=twsrc%5Etfw\">#TuLigaMx<\/a> \ud83d\udc0evs\u26a1\ufe0f<br><br>*Para <a href=\"https:\/\/twitter.com\/ClubNecaxa?ref_src=twsrc%5Etfw\">@ClubNecaxa<\/a> hay un Antes y Despu\u00e9s tras esa final de Ascenso del 2016. <a href=\"https:\/\/t.co\/tmTfVNxAax\">pic.twitter.com\/tmTfVNxAax<\/a><\/p>&mdash; Xavi (@XaviSol_) <a href=\"https:\/\/twitter.com\/XaviSol_\/status\/1226490596543672325?ref_src=twsrc%5Etfw\">February 9, 2020<\/a><\/blockquote><script async src=\"https:\/\/platform.twitter.com\/widgets.js\" charset=\"utf-8\"><\/script>\n<\/div><\/figure>\n\n\n\n<p>Necaxa llega con dos triunfos y dos empates, el \u00faltimo con sabor a victoria tras sacarle la victoria al Campe\u00f3n Rayados en Aguascalientes en el partido pendiente de la jornada 1.<\/p>\n\n\n\n<p>Mientras que Bravos llega con dos victorias consecutivas, primero venci\u00f3 3-0 a Monarcas Morelia y despu\u00e9s le peg\u00f3 3-1 al Am\u00e9rica en el Estadio Azteca, antes de esto empataron en casa 4-4 ante Pumas en un duelo de ida y vuelta.<\/p>\n\n\n\n<p>Hay una gran probabilidad que con lo que han mostrado en el torneo ambos equipos puedan marcar esta noche en Ju\u00e1rez.<\/p>\n\n\n\n<figure class=\"wp-block-embed-twitter wp-block-embed is-type-rich is-provider-twitter\"><div class=\"wp-block-embed__wrapper\">\n<blockquote class=\"twitter-tweet\" data-width=\"550\" data-dnt=\"true\"><p lang=\"es\" dir=\"ltr\">El buen paso de Necaxa tiene como principal protagonista al comandante <a href=\"https:\/\/twitter.com\/Mauro09Q?ref_src=twsrc%5Etfw\">@Mauro09Q<\/a> <br><br>Ha participado de manera directa en 7 de los 8 goles que los Rayos tienen en el torneo, su liderazgo dentro y fuera de la cancha es de llamar la atenci\u00f3n \ud83d\udc47\ud83c\udffc<a href=\"https:\/\/t.co\/ZO7LwDU6GU\">https:\/\/t.co\/ZO7LwDU6GU<\/a><\/p>&mdash; Juan Carlos Zamora (@JCZamora07) <a href=\"https:\/\/twitter.com\/JCZamora07\/status\/1226625491278254080?ref_src=twsrc%5Etfw\">February 9, 2020<\/a><\/blockquote><script async src=\"https:\/\/platform.twitter.com\/widgets.js\" charset=\"utf-8\"><\/script>\n<\/div><\/figure>\n","protected":false},"excerpt":{"rendered":"<p>El Bravos ante Necaxa en el cierre de la jornada 5 del Clausura 2020 en el papel, pero el duelo en la Frontera tiene historia y presente. Los Rayos lograron el ascenso a la Primera Divisi\u00f3n en el 2016 tras derrotar en la frontera a los Bravos, algo que no olvidan en Ju\u00e1rez despu\u00e9s casi&#8230; <\/p>\n<div class=\"clear\"><\/div>\n<p><a href=\"https:\/\/latribunera.com\/apuntes\/index.php\/2020\/02\/09\/duelo-con-historia\/\" class=\"excerpt-read-more\">Read More<i class=\"fa fa-caret-right icon-caret-right\"><\/i><\/a><\/p>\n","protected":false},"author":4,"featured_media":4980,"comment_status":"open","ping_status":"open","sticky":false,"template":"","format":"standard","meta":{"_jetpack_memberships_contains_paid_content":false,"footnotes":""},"categories":[3,2],"tags":[116,73,74,115],"class_list":["post-4979","post","type-post","status-publish","format-standard","has-post-thumbnail","hentry","category-futbol","category-futbol-mexicano","tag-bravos","tag-clausura-2020","tag-liga-mx","tag-necaxa"],"jetpack_featured_media_url":"https:\/\/latribunera.com\/apuntes\/wp-content\/uploads\/2020\/02\/6E48D426-69A0-4ADD-B313-5493F60B99A7.jpeg","jetpack-related-posts":[{"id":45421,"url":"https:\/\/latribunera.com\/apuntes\/index.php\/2026\/04\/16\/todo-listo-para-la-14va-edicion-de-la-copa-internacional-santos-penoles\/","url_meta":{"origin":4979,"position":0},"title":"Todo listo para la 14va edici\u00f3n de la Copa Internacional Santos Pe\u00f1oles","author":"Jacob Alarcon","date":"16 abril, 2026","format":false,"excerpt":"Este jueves, en el Auditorio Orlegi de Territorio Santos Modelo, se llev\u00f3 a cabo la presentaci\u00f3noficial de la edici\u00f3n 2026 de la Copa Internacional Santos Pe\u00f1oles, torneo que se ha consolidadocomo uno de los m\u00e1s importantes a nivel infantil y juvenil en M\u00e9xico. Adem\u00e1s de brindar una competencia deportiva de\u2026","rel":"","context":"In &quot;Sin categor\u00eda&quot;","block_context":{"text":"Sin categor\u00eda","link":"https:\/\/latribunera.com\/apuntes\/index.php\/category\/sin-categoria\/"},"img":{"alt_text":"","src":"https:\/\/i0.wp.com\/latribunera.com\/apuntes\/wp-content\/uploads\/2026\/04\/Presentacion-Copa-Santos-Penoles.jpg?resize=350%2C200&ssl=1","width":350,"height":200,"srcset":"https:\/\/i0.wp.com\/latribunera.com\/apuntes\/wp-content\/uploads\/2026\/04\/Presentacion-Copa-Santos-Penoles.jpg?resize=350%2C200&ssl=1 1x, https:\/\/i0.wp.com\/latribunera.com\/apuntes\/wp-content\/uploads\/2026\/04\/Presentacion-Copa-Santos-Penoles.jpg?resize=525%2C300&ssl=1 1.5x, https:\/\/i0.wp.com\/latribunera.com\/apuntes\/wp-content\/uploads\/2026\/04\/Presentacion-Copa-Santos-Penoles.jpg?resize=700%2C400&ssl=1 2x, https:\/\/i0.wp.com\/latribunera.com\/apuntes\/wp-content\/uploads\/2026\/04\/Presentacion-Copa-Santos-Penoles.jpg?resize=1050%2C600&ssl=1 3x, https:\/\/i0.wp.com\/latribunera.com\/apuntes\/wp-content\/uploads\/2026\/04\/Presentacion-Copa-Santos-Penoles.jpg?resize=1400%2C800&ssl=1 4x"},"classes":[]}],"jetpack_sharing_enabled":true,"_links":{"self":[{"href":"https:\/\/latribunera.com\/apuntes\/index.php\/wp-json\/wp\/v2\/posts\/4979","targetHints":{"allow":["GET"]}}],"collection":[{"href":"https:\/\/latribunera.com\/apuntes\/index.php\/wp-json\/wp\/v2\/posts"}],"about":[{"href":"https:\/\/latribunera.com\/apuntes\/index.php\/wp-json\/wp\/v2\/types\/post"}],"author":[{"embeddable":true,"href":"https:\/\/latribunera.com\/apuntes\/index.php\/wp-json\/wp\/v2\/users\/4"}],"replies":[{"embeddable":true,"href":"https:\/\/latribunera.com\/apuntes\/index.php\/wp-json\/wp\/v2\/comments?post=4979"}],"version-history":[{"count":2,"href":"https:\/\/latribunera.com\/apuntes\/index.php\/wp-json\/wp\/v2\/posts\/4979\/revisions"}],"predecessor-version":[{"id":4982,"href":"https:\/\/latribunera.com\/apuntes\/index.php\/wp-json\/wp\/v2\/posts\/4979\/revisions\/4982"}],"wp:featuredmedia":[{"embeddable":true,"href":"https:\/\/latribunera.com\/apuntes\/index.php\/wp-json\/wp\/v2\/media\/4980"}],"wp:attachment":[{"href":"https:\/\/latribunera.com\/apuntes\/index.php\/wp-json\/wp\/v2\/media?parent=4979"}],"wp:term":[{"taxonomy":"category","embeddable":true,"href":"https:\/\/latribunera.com\/apuntes\/index.php\/wp-json\/wp\/v2\/categories?post=4979"},{"taxonomy":"post_tag","embeddable":true,"href":"https:\/\/latribunera.com\/apuntes\/index.php\/wp-json\/wp\/v2\/tags?post=4979"}],"curies":[{"name":"wp","href":"https:\/\/api.w.org\/{rel}","templated":true}]}}