{"id":5098,"date":"2020-02-19T19:56:50","date_gmt":"2020-02-19T19:56:50","guid":{"rendered":"https:\/\/latribunera.com\/apuntes\/?p=5098"},"modified":"2020-02-19T20:10:47","modified_gmt":"2020-02-19T20:10:47","slug":"una-temporada-sin-los-astros","status":"publish","type":"post","link":"https:\/\/latribunera.com\/apuntes\/index.php\/2020\/02\/19\/una-temporada-sin-los-astros\/","title":{"rendered":"\u00bfUna temporada sin los Astros?"},"content":{"rendered":"\n<p>Las voces que piden un castigo mas severo para los Astros de Houston por el robo de se\u00f1ales siguen hablando, ahora fue turno de Lebron James.<\/p>\n\n\n\n<p>El jugador de los Lakers de Los \u00c1ngeles opin\u00f3 sobre el esc\u00e1ndalo que rodea la MLB: &#8220;Escucha, s\u00e9 que no juego b\u00e9isbol, pero estoy en el deporte y s\u00e9 que si alguien me enga\u00f1\u00f3 al ganar el t\u00edtulo y me enter\u00e9 de eso, estar\u00eda furioso. Quiero decir, incontrolable sobre lo que har\u00eda o podr\u00eda hacer!&#8221; lanz\u00f3 el mensaje el estelar desde su cuenta verificada de Twitter.<\/p>\n\n\n\n<figure class=\"wp-block-embed-twitter wp-block-embed is-type-rich is-provider-twitter\"><div class=\"wp-block-embed__wrapper\">\n<blockquote class=\"twitter-tweet\" data-width=\"550\" data-dnt=\"true\"><p lang=\"en\" dir=\"ltr\">Listen I know I don\u2019t play baseball but I am in Sports and I know if someone cheated me out of winning the title and I found out about it I would be F*^king irate! I mean like uncontrollable about what I would\/could do! Listen here baseball commissioner listen to your&#8230;..<\/p>&mdash; LeBron James (@KingJames) <a href=\"https:\/\/twitter.com\/KingJames\/status\/1229894652234321920?ref_src=twsrc%5Etfw\">February 18, 2020<\/a><\/blockquote><script async src=\"https:\/\/platform.twitter.com\/widgets.js\" charset=\"utf-8\"><\/script>\n<\/div><\/figure>\n\n\n\n<p>Una investigaci\u00f3n de las Grandes Ligas arroj\u00f3 que los Astros de Houston utilizaron una c\u00e1mara para el robo de se\u00f1ales durante la Temporada y la Serie Mundial del 2017 cuando vencieron a los Dodgers de Los \u00c1ngeles.<\/p>\n\n\n\n<p>Despu\u00e9s de semanas no se tom\u00f3 una medida importante contra la organizaci\u00f3n o los jugadores, incluso para el comisionado Rob Manfred no hay opci\u00f3n de quitarles el Campeonato a los Astros&#8230; pero diferentes exjugadores como medios de comunicaci\u00f3n, as\u00ed como un grupo importante de aficionados han solicitado una condena que marque un presedente \u00bfser\u00e1 justa una censura para los Astros?<\/p>\n\n\n\n<figure class=\"wp-block-embed-twitter wp-block-embed is-type-rich is-provider-twitter\"><div class=\"wp-block-embed__wrapper\">\n<blockquote class=\"twitter-tweet\" data-width=\"550\" data-dnt=\"true\"><p lang=\"es\" dir=\"ltr\"><a href=\"https:\/\/twitter.com\/hashtag\/MLB?src=hash&amp;ref_src=twsrc%5Etfw\">#MLB<\/a> | Jos\u00e9 Altuve y Alex Bregman se disculparon en el primer d\u00eda de entrenamientos de los Astros de Houston luego del esc\u00e1ndalo del robo de se\u00f1as. | <a href=\"https:\/\/twitter.com\/hashtag\/ElExtrabase?src=hash&amp;ref_src=twsrc%5Etfw\">#ElExtrabase<\/a>. <a href=\"https:\/\/t.co\/Vx7kN3cubx\">pic.twitter.com\/Vx7kN3cubx<\/a><\/p>&mdash; El Extrabase \u26be\ufe0f (@ElExtrabase) <a href=\"https:\/\/twitter.com\/ElExtrabase\/status\/1227976119284006915?ref_src=twsrc%5Etfw\">February 13, 2020<\/a><\/blockquote><script async src=\"https:\/\/platform.twitter.com\/widgets.js\" charset=\"utf-8\"><\/script>\n<\/div><\/figure>\n","protected":false},"excerpt":{"rendered":"<p>Las voces que piden un castigo mas severo para los Astros de Houston por el robo de se\u00f1ales siguen hablando, ahora fue turno de Lebron James. El jugador de los Lakers de Los \u00c1ngeles opin\u00f3 sobre el esc\u00e1ndalo que rodea la MLB: &#8220;Escucha, s\u00e9 que no juego b\u00e9isbol, pero estoy en el deporte y s\u00e9&#8230; <\/p>\n<div class=\"clear\"><\/div>\n<p><a href=\"https:\/\/latribunera.com\/apuntes\/index.php\/2020\/02\/19\/una-temporada-sin-los-astros\/\" class=\"excerpt-read-more\">Read More<i class=\"fa fa-caret-right icon-caret-right\"><\/i><\/a><\/p>\n","protected":false},"author":4,"featured_media":5099,"comment_status":"open","ping_status":"open","sticky":false,"template":"","format":"standard","meta":{"_jetpack_memberships_contains_paid_content":false,"footnotes":""},"categories":[60,140,65],"tags":[144,143,145,146],"class_list":["post-5098","post","type-post","status-publish","format-standard","has-post-thumbnail","hentry","category-baseball","category-deportes","category-baseball-usa","tag-astros-houston","tag-lebron-james","tag-mlb","tag-nba"],"jetpack_featured_media_url":"https:\/\/latribunera.com\/apuntes\/wp-content\/uploads\/2020\/02\/WhatsApp-Image-2020-02-19-at-13.53.27.jpeg","jetpack-related-posts":[{"id":45421,"url":"https:\/\/latribunera.com\/apuntes\/index.php\/2026\/04\/16\/todo-listo-para-la-14va-edicion-de-la-copa-internacional-santos-penoles\/","url_meta":{"origin":5098,"position":0},"title":"Todo listo para la 14va edici\u00f3n de la Copa Internacional Santos Pe\u00f1oles","author":"Jacob Alarcon","date":"16 abril, 2026","format":false,"excerpt":"Este jueves, en el Auditorio Orlegi de Territorio Santos Modelo, se llev\u00f3 a cabo la presentaci\u00f3noficial de la edici\u00f3n 2026 de la Copa Internacional Santos Pe\u00f1oles, torneo que se ha consolidadocomo uno de los m\u00e1s importantes a nivel infantil y juvenil en M\u00e9xico. Adem\u00e1s de brindar una competencia deportiva de\u2026","rel":"","context":"In &quot;Sin categor\u00eda&quot;","block_context":{"text":"Sin categor\u00eda","link":"https:\/\/latribunera.com\/apuntes\/index.php\/category\/sin-categoria\/"},"img":{"alt_text":"","src":"https:\/\/i0.wp.com\/latribunera.com\/apuntes\/wp-content\/uploads\/2026\/04\/Presentacion-Copa-Santos-Penoles.jpg?resize=350%2C200&ssl=1","width":350,"height":200,"srcset":"https:\/\/i0.wp.com\/latribunera.com\/apuntes\/wp-content\/uploads\/2026\/04\/Presentacion-Copa-Santos-Penoles.jpg?resize=350%2C200&ssl=1 1x, https:\/\/i0.wp.com\/latribunera.com\/apuntes\/wp-content\/uploads\/2026\/04\/Presentacion-Copa-Santos-Penoles.jpg?resize=525%2C300&ssl=1 1.5x, https:\/\/i0.wp.com\/latribunera.com\/apuntes\/wp-content\/uploads\/2026\/04\/Presentacion-Copa-Santos-Penoles.jpg?resize=700%2C400&ssl=1 2x, https:\/\/i0.wp.com\/latribunera.com\/apuntes\/wp-content\/uploads\/2026\/04\/Presentacion-Copa-Santos-Penoles.jpg?resize=1050%2C600&ssl=1 3x, https:\/\/i0.wp.com\/latribunera.com\/apuntes\/wp-content\/uploads\/2026\/04\/Presentacion-Copa-Santos-Penoles.jpg?resize=1400%2C800&ssl=1 4x"},"classes":[]},{"id":45386,"url":"https:\/\/latribunera.com\/apuntes\/index.php\/2026\/03\/11\/santos-launa-impulsa-mejoras-en-la-infraestructura-de-tsm-y-estadio-corona\/","url_meta":{"origin":5098,"position":1},"title":"Santos Laguna impulsa mejoras en la infraestructura de TSM y Estadio Corona","author":"Jacob Alarcon","date":"11 marzo, 2026","format":false,"excerpt":"Club Santos Laguna lleva a cabo una serie de reformas y mejoras en la infraestructura de TerritorioSantos Modelo y del Estadio Corona, con el objetivo de impulsar la innovaci\u00f3n tecnol\u00f3gica, lasostenibilidad y la modernizaci\u00f3n de sus espacios.Con estas acciones, el club contin\u00faa fortaleciendo la experiencia de sus aficionados yactualizando sus\u2026","rel":"","context":"In &quot;Pasi\u00f3n Guerrera&quot;","block_context":{"text":"Pasi\u00f3n Guerrera","link":"https:\/\/latribunera.com\/apuntes\/index.php\/category\/tribus\/pasionguerrera\/"},"img":{"alt_text":"","src":"https:\/\/i0.wp.com\/latribunera.com\/apuntes\/wp-content\/uploads\/2026\/03\/Renovacion-TSM.jpg?resize=350%2C200&ssl=1","width":350,"height":200,"srcset":"https:\/\/i0.wp.com\/latribunera.com\/apuntes\/wp-content\/uploads\/2026\/03\/Renovacion-TSM.jpg?resize=350%2C200&ssl=1 1x, https:\/\/i0.wp.com\/latribunera.com\/apuntes\/wp-content\/uploads\/2026\/03\/Renovacion-TSM.jpg?resize=525%2C300&ssl=1 1.5x, https:\/\/i0.wp.com\/latribunera.com\/apuntes\/wp-content\/uploads\/2026\/03\/Renovacion-TSM.jpg?resize=700%2C400&ssl=1 2x, https:\/\/i0.wp.com\/latribunera.com\/apuntes\/wp-content\/uploads\/2026\/03\/Renovacion-TSM.jpg?resize=1050%2C600&ssl=1 3x, https:\/\/i0.wp.com\/latribunera.com\/apuntes\/wp-content\/uploads\/2026\/03\/Renovacion-TSM.jpg?resize=1400%2C800&ssl=1 4x"},"classes":[]}],"jetpack_sharing_enabled":true,"_links":{"self":[{"href":"https:\/\/latribunera.com\/apuntes\/index.php\/wp-json\/wp\/v2\/posts\/5098","targetHints":{"allow":["GET"]}}],"collection":[{"href":"https:\/\/latribunera.com\/apuntes\/index.php\/wp-json\/wp\/v2\/posts"}],"about":[{"href":"https:\/\/latribunera.com\/apuntes\/index.php\/wp-json\/wp\/v2\/types\/post"}],"author":[{"embeddable":true,"href":"https:\/\/latribunera.com\/apuntes\/index.php\/wp-json\/wp\/v2\/users\/4"}],"replies":[{"embeddable":true,"href":"https:\/\/latribunera.com\/apuntes\/index.php\/wp-json\/wp\/v2\/comments?post=5098"}],"version-history":[{"count":3,"href":"https:\/\/latribunera.com\/apuntes\/index.php\/wp-json\/wp\/v2\/posts\/5098\/revisions"}],"predecessor-version":[{"id":5103,"href":"https:\/\/latribunera.com\/apuntes\/index.php\/wp-json\/wp\/v2\/posts\/5098\/revisions\/5103"}],"wp:featuredmedia":[{"embeddable":true,"href":"https:\/\/latribunera.com\/apuntes\/index.php\/wp-json\/wp\/v2\/media\/5099"}],"wp:attachment":[{"href":"https:\/\/latribunera.com\/apuntes\/index.php\/wp-json\/wp\/v2\/media?parent=5098"}],"wp:term":[{"taxonomy":"category","embeddable":true,"href":"https:\/\/latribunera.com\/apuntes\/index.php\/wp-json\/wp\/v2\/categories?post=5098"},{"taxonomy":"post_tag","embeddable":true,"href":"https:\/\/latribunera.com\/apuntes\/index.php\/wp-json\/wp\/v2\/tags?post=5098"}],"curies":[{"name":"wp","href":"https:\/\/api.w.org\/{rel}","templated":true}]}}