{"id":5354,"date":"2020-03-25T23:04:22","date_gmt":"2020-03-25T23:04:22","guid":{"rendered":"https:\/\/latribunera.com\/apuntes\/?p=5354"},"modified":"2020-03-26T00:20:02","modified_gmt":"2020-03-26T00:20:02","slug":"los-mas-carinosos","status":"publish","type":"post","link":"https:\/\/latribunera.com\/apuntes\/index.php\/2020\/03\/25\/los-mas-carinosos\/","title":{"rendered":"LOS M\u00c1S CARI\u00d1OSOS"},"content":{"rendered":"\n<p>Una de las cosas que llaman m\u00e1s la atenci\u00f3n de los aficionados y medios de comunicaci\u00f3n en cada torneo son las plantillas y los jugadores m\u00e1s caros del futbol mexicano.<\/p>\n\n\n\n<p>Para la edici\u00f3n del Clausura 2020 de la Liga Mx el plantel m\u00e1s caro volvi\u00f3 a ser el del actual campe\u00f3n: los Rayados. Dentro de los cinco jugadores m\u00e1s cotizados de acuerdo al portal especializado Transfermarkt  destacan tres elementos del conjunto regiomontano.<\/p>\n\n\n\n<h2 class=\"wp-block-heading\">MAXI MEZA<\/h2>\n\n\n\n<figure class=\"wp-block-image size-large\"><img loading=\"lazy\" decoding=\"async\" width=\"1024\" height=\"521\" src=\"https:\/\/latribunera.com\/apuntes\/wp-content\/uploads\/2020\/03\/maximeza-1024x521.jpg\" alt=\"\" class=\"wp-image-5355\" srcset=\"https:\/\/latribunera.com\/apuntes\/wp-content\/uploads\/2020\/03\/maximeza-1024x521.jpg 1024w, https:\/\/latribunera.com\/apuntes\/wp-content\/uploads\/2020\/03\/maximeza-300x153.jpg 300w, https:\/\/latribunera.com\/apuntes\/wp-content\/uploads\/2020\/03\/maximeza-768x390.jpg 768w, https:\/\/latribunera.com\/apuntes\/wp-content\/uploads\/2020\/03\/maximeza.jpg 1200w\" sizes=\"auto, (max-width: 1024px) 100vw, 1024px\" \/><\/figure>\n\n\n\n<p>A pesar de que es de los jugadores m\u00e1s se\u00f1alados por la hinchada de Rayados, el argentino es el jugador mejor cotizado del Clausura 2020 de acuerdo a Transfermarkt.<\/p>\n\n\n\n<p>El argentino est\u00e1 cotizado en 10 millones de euros de acuerdo al sitio especializado.<\/p>\n\n\n\n<h2 class=\"wp-block-heading\">JUAN JOS\u00c9 MAC\u00cdAS<\/h2>\n\n\n\n<figure class=\"wp-block-image size-large\"><img loading=\"lazy\" decoding=\"async\" width=\"800\" height=\"533\" src=\"https:\/\/latribunera.com\/apuntes\/wp-content\/uploads\/2020\/03\/jjmacias.jpg\" alt=\"\" class=\"wp-image-5356\" srcset=\"https:\/\/latribunera.com\/apuntes\/wp-content\/uploads\/2020\/03\/jjmacias.jpg 800w, https:\/\/latribunera.com\/apuntes\/wp-content\/uploads\/2020\/03\/jjmacias-300x200.jpg 300w, https:\/\/latribunera.com\/apuntes\/wp-content\/uploads\/2020\/03\/jjmacias-768x512.jpg 768w\" sizes=\"auto, (max-width: 800px) 100vw, 800px\" \/><\/figure>\n\n\n\n<p>El refuerzo de Chivas es el jugador m\u00e1s cotizado de la actualidad, al tener un costo similar a la de la joya argentina de Rayados en el actual torneo.<\/p>\n\n\n\n<h2 class=\"wp-block-heading\">ROGELIO FUNES MORI<\/h2>\n\n\n\n<figure class=\"wp-block-image size-large\"><img loading=\"lazy\" decoding=\"async\" width=\"651\" height=\"400\" src=\"https:\/\/latribunera.com\/apuntes\/wp-content\/uploads\/2020\/03\/funes-mori.jpg\" alt=\"\" class=\"wp-image-5357\" srcset=\"https:\/\/latribunera.com\/apuntes\/wp-content\/uploads\/2020\/03\/funes-mori.jpg 651w, https:\/\/latribunera.com\/apuntes\/wp-content\/uploads\/2020\/03\/funes-mori-300x184.jpg 300w\" sizes=\"auto, (max-width: 651px) 100vw, 651px\" \/><\/figure>\n\n\n\n<p>Rogelio Funes Mori ha demostrado ser un delantero letal y tras superar la barrera de los 100 goles en Rayados ha cobrado valor, seg\u00fan el portal especializado est\u00e1 cotizado en ocho millones de euros. <\/p>\n\n\n\n<h2 class=\"wp-block-heading\">VINCENT JANSSEN<\/h2>\n\n\n\n<figure class=\"wp-block-image size-large\"><img loading=\"lazy\" decoding=\"async\" width=\"660\" height=\"371\" src=\"https:\/\/latribunera.com\/apuntes\/wp-content\/uploads\/2020\/03\/janssen.jpg\" alt=\"\" class=\"wp-image-5358\" srcset=\"https:\/\/latribunera.com\/apuntes\/wp-content\/uploads\/2020\/03\/janssen.jpg 660w, https:\/\/latribunera.com\/apuntes\/wp-content\/uploads\/2020\/03\/janssen-300x169.jpg 300w\" sizes=\"auto, (max-width: 660px) 100vw, 660px\" \/><\/figure>\n\n\n\n<p>El holand\u00e9s ha tenido poca regularidad en Rayados, vive a la sombre del goleador Rogelio Funes Mori y pes\u00e9 a ello vale seg\u00fan el sitio lo mismo que su compa\u00f1ero de ataque. <\/p>\n\n\n\n<h2 class=\"wp-block-heading\">BRIAN LOZANO<\/h2>\n\n\n\n<figure class=\"wp-block-image size-large\"><img loading=\"lazy\" decoding=\"async\" width=\"990\" height=\"557\" src=\"https:\/\/latribunera.com\/apuntes\/wp-content\/uploads\/2020\/03\/brian-lozano.jpg\" alt=\"\" class=\"wp-image-5359\" srcset=\"https:\/\/latribunera.com\/apuntes\/wp-content\/uploads\/2020\/03\/brian-lozano.jpg 990w, https:\/\/latribunera.com\/apuntes\/wp-content\/uploads\/2020\/03\/brian-lozano-300x169.jpg 300w, https:\/\/latribunera.com\/apuntes\/wp-content\/uploads\/2020\/03\/brian-lozano-768x432.jpg 768w\" sizes=\"auto, (max-width: 990px) 100vw, 990px\" \/><\/figure>\n\n\n\n<p>El jugador de Santos ha ca\u00eddo en La Comarca como anillo al dedo, ha marcado goles y es un jugador diferente. Lo cotizan en 7.5 millones de euros.<\/p>\n","protected":false},"excerpt":{"rendered":"<p>Una de las cosas que llaman m\u00e1s la atenci\u00f3n de los aficionados y medios de comunicaci\u00f3n en cada torneo son las plantillas y los jugadores m\u00e1s caros del futbol mexicano. Para la edici\u00f3n del Clausura 2020 de la Liga Mx el plantel m\u00e1s caro volvi\u00f3 a ser el del actual campe\u00f3n: los Rayados. Dentro de&#8230; <\/p>\n<div class=\"clear\"><\/div>\n<p><a href=\"https:\/\/latribunera.com\/apuntes\/index.php\/2020\/03\/25\/los-mas-carinosos\/\" class=\"excerpt-read-more\">Read More<i class=\"fa fa-caret-right icon-caret-right\"><\/i><\/a><\/p>\n","protected":false},"author":4,"featured_media":5367,"comment_status":"open","ping_status":"open","sticky":false,"template":"","format":"standard","meta":{"_jetpack_memberships_contains_paid_content":false,"footnotes":""},"categories":[3,2],"tags":[71,73,105,74,6,96],"class_list":["post-5354","post","type-post","status-publish","format-standard","has-post-thumbnail","hentry","category-futbol","category-futbol-mexicano","tag-chivas","tag-clausura-2020","tag-guadalajara","tag-liga-mx","tag-rayados","tag-santos"],"jetpack_featured_media_url":"https:\/\/latribunera.com\/apuntes\/wp-content\/uploads\/2020\/03\/gignac2020.jpg","jetpack-related-posts":[{"id":45392,"url":"https:\/\/latribunera.com\/apuntes\/index.php\/2026\/04\/09\/se-presento-la-13va-edicion-del-guerreton\/","url_meta":{"origin":5354,"position":0},"title":"Se presento la 13va edici\u00f3n del Guerret\u00f3n.","author":"Staff","date":"9 abril, 2026","format":false,"excerpt":"A lo largo de sus primeras 12 ediciones, Guerret\u00f3n ha logrado recolectar m\u00e1s de 121,500juguetes, peluches y balones, beneficiando a diversas asociaciones e instituciones de laregi\u00f3n lagunera, entre ellas CRIT Durango, los sistemas DIF de distintos municipios, as\u00edcomo organizaciones educativas y asistenciales. A la fecha, se han instalado cuatro ludotecas\u2026","rel":"","context":"In &quot;Ganar Sirviendo&quot;","block_context":{"text":"Ganar Sirviendo","link":"https:\/\/latribunera.com\/apuntes\/index.php\/category\/futbol\/futbol-mexicano\/ganar-sirviendo\/"},"img":{"alt_text":"","src":"https:\/\/i0.wp.com\/latribunera.com\/apuntes\/wp-content\/uploads\/2026\/04\/9Guerreton-2026-2.jpg.jpeg?resize=350%2C200&ssl=1","width":350,"height":200,"srcset":"https:\/\/i0.wp.com\/latribunera.com\/apuntes\/wp-content\/uploads\/2026\/04\/9Guerreton-2026-2.jpg.jpeg?resize=350%2C200&ssl=1 1x, https:\/\/i0.wp.com\/latribunera.com\/apuntes\/wp-content\/uploads\/2026\/04\/9Guerreton-2026-2.jpg.jpeg?resize=525%2C300&ssl=1 1.5x, https:\/\/i0.wp.com\/latribunera.com\/apuntes\/wp-content\/uploads\/2026\/04\/9Guerreton-2026-2.jpg.jpeg?resize=700%2C400&ssl=1 2x, https:\/\/i0.wp.com\/latribunera.com\/apuntes\/wp-content\/uploads\/2026\/04\/9Guerreton-2026-2.jpg.jpeg?resize=1050%2C600&ssl=1 3x, https:\/\/i0.wp.com\/latribunera.com\/apuntes\/wp-content\/uploads\/2026\/04\/9Guerreton-2026-2.jpg.jpeg?resize=1400%2C800&ssl=1 4x"},"classes":[]},{"id":45421,"url":"https:\/\/latribunera.com\/apuntes\/index.php\/2026\/04\/16\/todo-listo-para-la-14va-edicion-de-la-copa-internacional-santos-penoles\/","url_meta":{"origin":5354,"position":1},"title":"Todo listo para la 14va edici\u00f3n de la Copa Internacional Santos Pe\u00f1oles","author":"Jacob Alarcon","date":"16 abril, 2026","format":false,"excerpt":"Este jueves, en el Auditorio Orlegi de Territorio Santos Modelo, se llev\u00f3 a cabo la presentaci\u00f3noficial de la edici\u00f3n 2026 de la Copa Internacional Santos Pe\u00f1oles, torneo que se ha consolidadocomo uno de los m\u00e1s importantes a nivel infantil y juvenil en M\u00e9xico. Adem\u00e1s de brindar una competencia deportiva de\u2026","rel":"","context":"In &quot;Sin categor\u00eda&quot;","block_context":{"text":"Sin categor\u00eda","link":"https:\/\/latribunera.com\/apuntes\/index.php\/category\/sin-categoria\/"},"img":{"alt_text":"","src":"https:\/\/i0.wp.com\/latribunera.com\/apuntes\/wp-content\/uploads\/2026\/04\/Presentacion-Copa-Santos-Penoles.jpg?resize=350%2C200&ssl=1","width":350,"height":200,"srcset":"https:\/\/i0.wp.com\/latribunera.com\/apuntes\/wp-content\/uploads\/2026\/04\/Presentacion-Copa-Santos-Penoles.jpg?resize=350%2C200&ssl=1 1x, https:\/\/i0.wp.com\/latribunera.com\/apuntes\/wp-content\/uploads\/2026\/04\/Presentacion-Copa-Santos-Penoles.jpg?resize=525%2C300&ssl=1 1.5x, https:\/\/i0.wp.com\/latribunera.com\/apuntes\/wp-content\/uploads\/2026\/04\/Presentacion-Copa-Santos-Penoles.jpg?resize=700%2C400&ssl=1 2x, https:\/\/i0.wp.com\/latribunera.com\/apuntes\/wp-content\/uploads\/2026\/04\/Presentacion-Copa-Santos-Penoles.jpg?resize=1050%2C600&ssl=1 3x, https:\/\/i0.wp.com\/latribunera.com\/apuntes\/wp-content\/uploads\/2026\/04\/Presentacion-Copa-Santos-Penoles.jpg?resize=1400%2C800&ssl=1 4x"},"classes":[]},{"id":45386,"url":"https:\/\/latribunera.com\/apuntes\/index.php\/2026\/03\/11\/santos-launa-impulsa-mejoras-en-la-infraestructura-de-tsm-y-estadio-corona\/","url_meta":{"origin":5354,"position":2},"title":"Santos Laguna impulsa mejoras en la infraestructura de TSM y Estadio Corona","author":"Jacob Alarcon","date":"11 marzo, 2026","format":false,"excerpt":"Club Santos Laguna lleva a cabo una serie de reformas y mejoras en la infraestructura de TerritorioSantos Modelo y del Estadio Corona, con el objetivo de impulsar la innovaci\u00f3n tecnol\u00f3gica, lasostenibilidad y la modernizaci\u00f3n de sus espacios.Con estas acciones, el club contin\u00faa fortaleciendo la experiencia de sus aficionados yactualizando sus\u2026","rel":"","context":"In &quot;Pasi\u00f3n Guerrera&quot;","block_context":{"text":"Pasi\u00f3n Guerrera","link":"https:\/\/latribunera.com\/apuntes\/index.php\/category\/tribus\/pasionguerrera\/"},"img":{"alt_text":"","src":"https:\/\/i0.wp.com\/latribunera.com\/apuntes\/wp-content\/uploads\/2026\/03\/Renovacion-TSM.jpg?resize=350%2C200&ssl=1","width":350,"height":200,"srcset":"https:\/\/i0.wp.com\/latribunera.com\/apuntes\/wp-content\/uploads\/2026\/03\/Renovacion-TSM.jpg?resize=350%2C200&ssl=1 1x, https:\/\/i0.wp.com\/latribunera.com\/apuntes\/wp-content\/uploads\/2026\/03\/Renovacion-TSM.jpg?resize=525%2C300&ssl=1 1.5x, https:\/\/i0.wp.com\/latribunera.com\/apuntes\/wp-content\/uploads\/2026\/03\/Renovacion-TSM.jpg?resize=700%2C400&ssl=1 2x, https:\/\/i0.wp.com\/latribunera.com\/apuntes\/wp-content\/uploads\/2026\/03\/Renovacion-TSM.jpg?resize=1050%2C600&ssl=1 3x, https:\/\/i0.wp.com\/latribunera.com\/apuntes\/wp-content\/uploads\/2026\/03\/Renovacion-TSM.jpg?resize=1400%2C800&ssl=1 4x"},"classes":[]}],"jetpack_sharing_enabled":true,"_links":{"self":[{"href":"https:\/\/latribunera.com\/apuntes\/index.php\/wp-json\/wp\/v2\/posts\/5354","targetHints":{"allow":["GET"]}}],"collection":[{"href":"https:\/\/latribunera.com\/apuntes\/index.php\/wp-json\/wp\/v2\/posts"}],"about":[{"href":"https:\/\/latribunera.com\/apuntes\/index.php\/wp-json\/wp\/v2\/types\/post"}],"author":[{"embeddable":true,"href":"https:\/\/latribunera.com\/apuntes\/index.php\/wp-json\/wp\/v2\/users\/4"}],"replies":[{"embeddable":true,"href":"https:\/\/latribunera.com\/apuntes\/index.php\/wp-json\/wp\/v2\/comments?post=5354"}],"version-history":[{"count":4,"href":"https:\/\/latribunera.com\/apuntes\/index.php\/wp-json\/wp\/v2\/posts\/5354\/revisions"}],"predecessor-version":[{"id":5384,"href":"https:\/\/latribunera.com\/apuntes\/index.php\/wp-json\/wp\/v2\/posts\/5354\/revisions\/5384"}],"wp:featuredmedia":[{"embeddable":true,"href":"https:\/\/latribunera.com\/apuntes\/index.php\/wp-json\/wp\/v2\/media\/5367"}],"wp:attachment":[{"href":"https:\/\/latribunera.com\/apuntes\/index.php\/wp-json\/wp\/v2\/media?parent=5354"}],"wp:term":[{"taxonomy":"category","embeddable":true,"href":"https:\/\/latribunera.com\/apuntes\/index.php\/wp-json\/wp\/v2\/categories?post=5354"},{"taxonomy":"post_tag","embeddable":true,"href":"https:\/\/latribunera.com\/apuntes\/index.php\/wp-json\/wp\/v2\/tags?post=5354"}],"curies":[{"name":"wp","href":"https:\/\/api.w.org\/{rel}","templated":true}]}}