{"id":5387,"date":"2020-04-06T17:08:57","date_gmt":"2020-04-06T17:08:57","guid":{"rendered":"https:\/\/latribunera.com\/apuntes\/?p=5387"},"modified":"2020-04-06T17:08:58","modified_gmt":"2020-04-06T17:08:58","slug":"futbol-virus-y-tristeza","status":"publish","type":"post","link":"https:\/\/latribunera.com\/apuntes\/index.php\/2020\/04\/06\/futbol-virus-y-tristeza\/","title":{"rendered":"FUTBOL, VIRUS Y TRISTEZA"},"content":{"rendered":"\n<p>Nunca antes en la historia del futbol mundial se hab\u00eda detenido la pelota como sucede ahora en todas las Ligas, en todos los torneos, en todos los pa\u00edses&#8230; tanta es la tristeza que envuelve al mundo que muchos ya no recuerdan cual fue el \u00faltimo partido al que asistieron -y eso que apenas han transcurrido poco m\u00e1s de 20 d\u00edas- y cual fue el \u00faltimo gol que gritaron, la realidad es que todos esperamos que pase el confinamiento para poder abrazarnos unos con otros, aunque no sea para festejar un gol.<\/p>\n\n\n\n<p>Noticias de fallecimientos, contagios y brotes han sido la nota en cada d\u00eda, la jugada de la salvaci\u00f3n y el gol que pare todo se ven tan lejano como el partido que amenaza en irse a tanda de penales, todo por el Covid19, un virus que ha detenido el mundo y que ha dejado las canchas primero sin gente y despu\u00e9s sin futbol.<\/p>\n\n\n\n<p>Miles de muertos han sacudido a diferentes pa\u00edses y notas tristes han tocad el futbol, como la \u00faltima que lleg\u00f3 desde Espa\u00f1a: la muerte de la madre del t\u00e9cnico Pep Guardiola, como esta noticia ya hay varias que han tocado el bal\u00f3n.<\/p>\n\n\n\n<h2 class=\"wp-block-heading\">FALLECE EXPRESIDENTE MERENGUE<\/h2>\n\n\n\n<p>Una de las primera noticias tristes que tocaron la pelota fue el falleciemiento del expresidente del Real Madrid, Lorenzo Sanz, muri\u00f3 victima del Coronavirus a los 76 a\u00f1os de edad.<\/p>\n\n\n\n<p>La noticia cimbr\u00f3 a la comunidad merengue. <\/p>\n\n\n\n<figure class=\"wp-block-embed-twitter wp-block-embed is-type-rich is-provider-twitter\"><div class=\"wp-block-embed__wrapper\">\n<blockquote class=\"twitter-tweet\" data-width=\"550\" data-dnt=\"true\"><p lang=\"es\" dir=\"ltr\">Expreso mi tristeza por fallecimiento de mi amigo Lorenzo Sanz, quien dedic\u00f3 la vida a su familia, amigos y a su amado Real Madrid. Como presidente del club gan\u00f3 las 7a y 8va Copa de Europa. Mis condolencias a sus familiares y a madridistas por lamentable p\u00e9rdida. <a href=\"https:\/\/twitter.com\/realmadrid?ref_src=twsrc%5Etfw\">@realmadrid<\/a> <a href=\"https:\/\/t.co\/eNiWIBk6jf\">pic.twitter.com\/eNiWIBk6jf<\/a><\/p>&mdash; Hugo S\u00e1nchez (@hugosanchez_9) <a href=\"https:\/\/twitter.com\/hugosanchez_9\/status\/1241776340489003008?ref_src=twsrc%5Etfw\">March 22, 2020<\/a><\/blockquote><script async src=\"https:\/\/platform.twitter.com\/widgets.js\" charset=\"utf-8\"><\/script>\n<\/div><\/figure>\n\n\n\n<h2 class=\"wp-block-heading\">MUERE EXPRESIDENTE DEL MARSELLA<\/h2>\n\n\n\n<p>Pape Diouf falleci\u00f3 a los 68 a\u00f1os victima del Coronavirus, su muerte ocurrio en Senegal, su salud empeor\u00f3 cuando trataba de viajar a Francia para ser atentido despu\u00e9s de dar positivo en la prueba de Covid19.<\/p>\n\n\n\n<figure class=\"wp-block-embed-twitter wp-block-embed is-type-rich is-provider-twitter\"><div class=\"wp-block-embed__wrapper\">\n<blockquote class=\"twitter-tweet\" data-width=\"550\" data-dnt=\"true\"><p lang=\"es\" dir=\"ltr\">La portada de L&#39;Equipe del mi\u00e9rcoles, dedicada a Pape Diouf, ex-presidente del Olympique de Marsella entre 2005 y 2009, quien falleci\u00f3 a las 68 a\u00f1os, infectado por coronavirus. <a href=\"https:\/\/t.co\/MW41zjGxBo\">https:\/\/t.co\/MW41zjGxBo<\/a> <a href=\"https:\/\/t.co\/tIgl3l4ICV\">pic.twitter.com\/tIgl3l4ICV<\/a><\/p>&mdash; Alejandro Etcheverry (@UruAlejandro) <a href=\"https:\/\/twitter.com\/UruAlejandro\/status\/1245123601164128257?ref_src=twsrc%5Etfw\">March 31, 2020<\/a><\/blockquote><script async src=\"https:\/\/platform.twitter.com\/widgets.js\" charset=\"utf-8\"><\/script>\n<\/div><\/figure>\n\n\n\n<h2 class=\"wp-block-heading\">SE SUICIDA M\u00c9DICO EN FRANCIA<\/h2>\n\n\n\n<p>La muerte del m\u00e9dico Bernard Gonz\u00e1lez sacudi\u00f3 la Liga 1 de Francia, despu\u00e9s de que el equipo Stade de Reims comunicar\u00e1 que el doctor se suicid\u00f3 tras dar positivo a la prueba de Covid19.<\/p>\n\n\n\n<p>Ten\u00eda m\u00e1s de 20 a\u00f1os trabajando para la instituci\u00f3n.<\/p>\n\n\n\n<figure class=\"wp-block-embed-twitter wp-block-embed is-type-rich is-provider-twitter\"><div class=\"wp-block-embed__wrapper\">\n<blockquote class=\"twitter-tweet\" data-width=\"550\" data-dnt=\"true\"><p lang=\"ro\" dir=\"ltr\">M\u00e9decin. Artiste. Stadiste. <br>Docteur Gonzalez.<br>\ud83d\udc94 <a href=\"https:\/\/t.co\/Wlw6Bbr7gc\">pic.twitter.com\/Wlw6Bbr7gc<\/a><\/p>&mdash; Stade de Reims (@StadeDeReims) <a href=\"https:\/\/twitter.com\/StadeDeReims\/status\/1246878278608183298?ref_src=twsrc%5Etfw\">April 5, 2020<\/a><\/blockquote><script async src=\"https:\/\/platform.twitter.com\/widgets.js\" charset=\"utf-8\"><\/script>\n<\/div><\/figure>\n\n\n\n<h2 class=\"wp-block-heading\">LUTO EN ECUADOR<\/h2>\n\n\n\n<p>En Ecuador, en medio de una triste y desolada situaci\u00f3n, el Covid19 tambi\u00e9n toc\u00f3 las fibras del futbol.<\/p>\n\n\n\n<p>En los \u00faltimos d\u00edas fallecieron directivos tras dar positivo por el mortal Coronavirus: Franklin Mazon, presidente del Barcelona; Omar Quintana, expresidente del Emelec; as\u00ed como el empresario Carlos Gonz\u00e1lez perdieron la vida en las \u00faltimas semanas.<\/p>\n\n\n\n<figure class=\"wp-block-embed-twitter wp-block-embed is-type-rich is-provider-twitter\"><div class=\"wp-block-embed__wrapper\">\n<blockquote class=\"twitter-tweet\" data-width=\"550\" data-dnt=\"true\"><p lang=\"es\" dir=\"ltr\">Expresamos nuestras condolencias a los familiares del empresario Carlos Gonz\u00e1lez Artigas. De igual forma, a la hermana provincia de Manab\u00ed, por tan irreparable p\u00e9rdida. Paz en su tumba. <a href=\"https:\/\/t.co\/BosTPY2GEC\">pic.twitter.com\/BosTPY2GEC<\/a><\/p>&mdash; FEF \ud83c\uddea\ud83c\udde8 (@FEFecuador) <a href=\"https:\/\/twitter.com\/FEFecuador\/status\/1246563704537337858?ref_src=twsrc%5Etfw\">April 4, 2020<\/a><\/blockquote><script async src=\"https:\/\/platform.twitter.com\/widgets.js\" charset=\"utf-8\"><\/script>\n<\/div><\/figure>\n\n\n\n<h2 class=\"wp-block-heading\">FALLECE MADRE DE PEP<\/h2>\n\n\n\n<p>La semana inici\u00f3 con la lamentable noticia de la muerte de Dolors Sala Carri\u00f3, madre de Pep Guardiola, quien tras dar positivo perdi\u00f3 la batalla a los 82 a\u00f1os en Barcelona.<\/p>\n\n\n\n<figure class=\"wp-block-embed-twitter wp-block-embed is-type-rich is-provider-twitter\"><div class=\"wp-block-embed__wrapper\">\n<blockquote class=\"twitter-tweet\" data-width=\"550\" data-dnt=\"true\"><p lang=\"es\" dir=\"ltr\">La familia del Manchester City lamentamos tener que comunicar el fallecimiento de do\u00f1a Dolors Sala Carri\u00f3, madre de Pep Guardiola, a la edad de 82 a\u00f1os, a causa del coronavirus.<\/p>&mdash; Manchester City (@ManCityES) <a href=\"https:\/\/twitter.com\/ManCityES\/status\/1247165322836115456?ref_src=twsrc%5Etfw\">April 6, 2020<\/a><\/blockquote><script async src=\"https:\/\/platform.twitter.com\/widgets.js\" charset=\"utf-8\"><\/script>\n<\/div><\/figure>\n","protected":false},"excerpt":{"rendered":"<p>Nunca antes en la historia del futbol mundial se hab\u00eda detenido la pelota como sucede ahora en todas las Ligas, en todos los torneos, en todos los pa\u00edses&#8230; tanta es la tristeza que envuelve al mundo que muchos ya no recuerdan cual fue el \u00faltimo partido al que asistieron -y eso que apenas han transcurrido&#8230; <\/p>\n<div class=\"clear\"><\/div>\n<p><a href=\"https:\/\/latribunera.com\/apuntes\/index.php\/2020\/04\/06\/futbol-virus-y-tristeza\/\" class=\"excerpt-read-more\">Read More<i class=\"fa fa-caret-right icon-caret-right\"><\/i><\/a><\/p>\n","protected":false},"author":4,"featured_media":5388,"comment_status":"open","ping_status":"open","sticky":false,"template":"","format":"standard","meta":{"_jetpack_memberships_contains_paid_content":false,"footnotes":""},"categories":[3,83],"tags":[177,169,174,176,175,178],"class_list":["post-5387","post","type-post","status-publish","format-standard","has-post-thumbnail","hentry","category-futbol","category-futbol-europeo","tag-barcelona","tag-coronavirus","tag-covid19","tag-espana","tag-la-liga","tag-manchester-city"],"jetpack_featured_media_url":"https:\/\/latribunera.com\/apuntes\/wp-content\/uploads\/2020\/04\/tristeza.jpg","jetpack-related-posts":[{"id":45386,"url":"https:\/\/latribunera.com\/apuntes\/index.php\/2026\/03\/11\/santos-launa-impulsa-mejoras-en-la-infraestructura-de-tsm-y-estadio-corona\/","url_meta":{"origin":5387,"position":0},"title":"Santos Laguna impulsa mejoras en la infraestructura de TSM y Estadio Corona","author":"Jacob Alarcon","date":"11 marzo, 2026","format":false,"excerpt":"Club Santos Laguna lleva a cabo una serie de reformas y mejoras en la infraestructura de TerritorioSantos Modelo y del Estadio Corona, con el objetivo de impulsar la innovaci\u00f3n tecnol\u00f3gica, lasostenibilidad y la modernizaci\u00f3n de sus espacios.Con estas acciones, el club contin\u00faa fortaleciendo la experiencia de sus aficionados yactualizando sus\u2026","rel":"","context":"In &quot;Pasi\u00f3n Guerrera&quot;","block_context":{"text":"Pasi\u00f3n Guerrera","link":"https:\/\/latribunera.com\/apuntes\/index.php\/category\/tribus\/pasionguerrera\/"},"img":{"alt_text":"","src":"https:\/\/i0.wp.com\/latribunera.com\/apuntes\/wp-content\/uploads\/2026\/03\/Renovacion-TSM.jpg?resize=350%2C200&ssl=1","width":350,"height":200,"srcset":"https:\/\/i0.wp.com\/latribunera.com\/apuntes\/wp-content\/uploads\/2026\/03\/Renovacion-TSM.jpg?resize=350%2C200&ssl=1 1x, https:\/\/i0.wp.com\/latribunera.com\/apuntes\/wp-content\/uploads\/2026\/03\/Renovacion-TSM.jpg?resize=525%2C300&ssl=1 1.5x, https:\/\/i0.wp.com\/latribunera.com\/apuntes\/wp-content\/uploads\/2026\/03\/Renovacion-TSM.jpg?resize=700%2C400&ssl=1 2x, https:\/\/i0.wp.com\/latribunera.com\/apuntes\/wp-content\/uploads\/2026\/03\/Renovacion-TSM.jpg?resize=1050%2C600&ssl=1 3x, https:\/\/i0.wp.com\/latribunera.com\/apuntes\/wp-content\/uploads\/2026\/03\/Renovacion-TSM.jpg?resize=1400%2C800&ssl=1 4x"},"classes":[]},{"id":45392,"url":"https:\/\/latribunera.com\/apuntes\/index.php\/2026\/04\/09\/se-presento-la-13va-edicion-del-guerreton\/","url_meta":{"origin":5387,"position":1},"title":"Se presento la 13va edici\u00f3n del Guerret\u00f3n.","author":"Staff","date":"9 abril, 2026","format":false,"excerpt":"A lo largo de sus primeras 12 ediciones, Guerret\u00f3n ha logrado recolectar m\u00e1s de 121,500juguetes, peluches y balones, beneficiando a diversas asociaciones e instituciones de laregi\u00f3n lagunera, entre ellas CRIT Durango, los sistemas DIF de distintos municipios, as\u00edcomo organizaciones educativas y asistenciales. A la fecha, se han instalado cuatro ludotecas\u2026","rel":"","context":"In &quot;Ganar Sirviendo&quot;","block_context":{"text":"Ganar Sirviendo","link":"https:\/\/latribunera.com\/apuntes\/index.php\/category\/futbol\/futbol-mexicano\/ganar-sirviendo\/"},"img":{"alt_text":"","src":"https:\/\/i0.wp.com\/latribunera.com\/apuntes\/wp-content\/uploads\/2026\/04\/9Guerreton-2026-2.jpg.jpeg?resize=350%2C200&ssl=1","width":350,"height":200,"srcset":"https:\/\/i0.wp.com\/latribunera.com\/apuntes\/wp-content\/uploads\/2026\/04\/9Guerreton-2026-2.jpg.jpeg?resize=350%2C200&ssl=1 1x, https:\/\/i0.wp.com\/latribunera.com\/apuntes\/wp-content\/uploads\/2026\/04\/9Guerreton-2026-2.jpg.jpeg?resize=525%2C300&ssl=1 1.5x, https:\/\/i0.wp.com\/latribunera.com\/apuntes\/wp-content\/uploads\/2026\/04\/9Guerreton-2026-2.jpg.jpeg?resize=700%2C400&ssl=1 2x, https:\/\/i0.wp.com\/latribunera.com\/apuntes\/wp-content\/uploads\/2026\/04\/9Guerreton-2026-2.jpg.jpeg?resize=1050%2C600&ssl=1 3x, https:\/\/i0.wp.com\/latribunera.com\/apuntes\/wp-content\/uploads\/2026\/04\/9Guerreton-2026-2.jpg.jpeg?resize=1400%2C800&ssl=1 4x"},"classes":[]},{"id":45421,"url":"https:\/\/latribunera.com\/apuntes\/index.php\/2026\/04\/16\/todo-listo-para-la-14va-edicion-de-la-copa-internacional-santos-penoles\/","url_meta":{"origin":5387,"position":2},"title":"Todo listo para la 14va edici\u00f3n de la Copa Internacional Santos Pe\u00f1oles","author":"Jacob Alarcon","date":"16 abril, 2026","format":false,"excerpt":"Este jueves, en el Auditorio Orlegi de Territorio Santos Modelo, se llev\u00f3 a cabo la presentaci\u00f3noficial de la edici\u00f3n 2026 de la Copa Internacional Santos Pe\u00f1oles, torneo que se ha consolidadocomo uno de los m\u00e1s importantes a nivel infantil y juvenil en M\u00e9xico. Adem\u00e1s de brindar una competencia deportiva de\u2026","rel":"","context":"In &quot;Sin categor\u00eda&quot;","block_context":{"text":"Sin categor\u00eda","link":"https:\/\/latribunera.com\/apuntes\/index.php\/category\/sin-categoria\/"},"img":{"alt_text":"","src":"https:\/\/i0.wp.com\/latribunera.com\/apuntes\/wp-content\/uploads\/2026\/04\/Presentacion-Copa-Santos-Penoles.jpg?resize=350%2C200&ssl=1","width":350,"height":200,"srcset":"https:\/\/i0.wp.com\/latribunera.com\/apuntes\/wp-content\/uploads\/2026\/04\/Presentacion-Copa-Santos-Penoles.jpg?resize=350%2C200&ssl=1 1x, https:\/\/i0.wp.com\/latribunera.com\/apuntes\/wp-content\/uploads\/2026\/04\/Presentacion-Copa-Santos-Penoles.jpg?resize=525%2C300&ssl=1 1.5x, https:\/\/i0.wp.com\/latribunera.com\/apuntes\/wp-content\/uploads\/2026\/04\/Presentacion-Copa-Santos-Penoles.jpg?resize=700%2C400&ssl=1 2x, https:\/\/i0.wp.com\/latribunera.com\/apuntes\/wp-content\/uploads\/2026\/04\/Presentacion-Copa-Santos-Penoles.jpg?resize=1050%2C600&ssl=1 3x, https:\/\/i0.wp.com\/latribunera.com\/apuntes\/wp-content\/uploads\/2026\/04\/Presentacion-Copa-Santos-Penoles.jpg?resize=1400%2C800&ssl=1 4x"},"classes":[]}],"jetpack_sharing_enabled":true,"_links":{"self":[{"href":"https:\/\/latribunera.com\/apuntes\/index.php\/wp-json\/wp\/v2\/posts\/5387","targetHints":{"allow":["GET"]}}],"collection":[{"href":"https:\/\/latribunera.com\/apuntes\/index.php\/wp-json\/wp\/v2\/posts"}],"about":[{"href":"https:\/\/latribunera.com\/apuntes\/index.php\/wp-json\/wp\/v2\/types\/post"}],"author":[{"embeddable":true,"href":"https:\/\/latribunera.com\/apuntes\/index.php\/wp-json\/wp\/v2\/users\/4"}],"replies":[{"embeddable":true,"href":"https:\/\/latribunera.com\/apuntes\/index.php\/wp-json\/wp\/v2\/comments?post=5387"}],"version-history":[{"count":2,"href":"https:\/\/latribunera.com\/apuntes\/index.php\/wp-json\/wp\/v2\/posts\/5387\/revisions"}],"predecessor-version":[{"id":5390,"href":"https:\/\/latribunera.com\/apuntes\/index.php\/wp-json\/wp\/v2\/posts\/5387\/revisions\/5390"}],"wp:featuredmedia":[{"embeddable":true,"href":"https:\/\/latribunera.com\/apuntes\/index.php\/wp-json\/wp\/v2\/media\/5388"}],"wp:attachment":[{"href":"https:\/\/latribunera.com\/apuntes\/index.php\/wp-json\/wp\/v2\/media?parent=5387"}],"wp:term":[{"taxonomy":"category","embeddable":true,"href":"https:\/\/latribunera.com\/apuntes\/index.php\/wp-json\/wp\/v2\/categories?post=5387"},{"taxonomy":"post_tag","embeddable":true,"href":"https:\/\/latribunera.com\/apuntes\/index.php\/wp-json\/wp\/v2\/tags?post=5387"}],"curies":[{"name":"wp","href":"https:\/\/api.w.org\/{rel}","templated":true}]}}