{"id":5411,"date":"2020-04-10T08:01:57","date_gmt":"2020-04-10T08:01:57","guid":{"rendered":"https:\/\/latribunera.com\/apuntes\/?p=5411"},"modified":"2020-04-11T02:14:07","modified_gmt":"2020-04-11T02:14:07","slug":"una-liga-inedita-comienza-la-eliga-mx","status":"publish","type":"post","link":"https:\/\/latribunera.com\/apuntes\/index.php\/2020\/04\/10\/una-liga-inedita-comienza-la-eliga-mx\/","title":{"rendered":"Una Liga in\u00e9dita, \u00a1Comienza la eLiga MX!"},"content":{"rendered":"\n<p>Estamos ante un momento \u00fanico e hist\u00f3rico dentro de nuestro balompi\u00e9 azteca, la eLiga MX entra a escena entre los productos que tiene que ofrecer la Liga BBVA MX, un modo de entretenimiento in\u00e9dito a lo que estamos acostumbrados, ya que los jugadores ahora ser\u00e1n protagonistas en una cancha virtual.<\/p>\n\n\n\n<p>Este torneo surge como una iniciativa para incentivar a que los aficionados se queden, disfruten desde su casa el torneo, sigamos resguardados y podamos volver lo m\u00e1s antes posible a disfrutar del f\u00fatbol como solemos hacerlo siempre, en un estadio.<\/p>\n\n\n\n<p>Cada equipo contar\u00e1 con 3 jugadores en sus filas para afrontar el torneo, en donde solamente 1 podr\u00e1 hacer acto de presencia para disputar el partido de la jornada de su equipo. <\/p>\n\n\n\n<p>El formato el cual se disputar\u00e1 el torneo ser\u00e1 en la consola PS4, con el FIFA 20 como videojuego seleccionado. Cada jugador tienen reglas a cumplir para los partidos tales como: Minutos para prepararse antes del juego (2 a 3 minutos), dificultad seleccionada \u201cOverall 85 rate\u201d, duraci\u00f3n de cada tiempo del partido (6 minutos), estadio neutro sin configuraciones que hagan que el terreno de juego sea factor del resultado, y por supuesto reglas para los jugadores en cuanto a movimientos no permitidos que pudieran realizar y pueda incentivar a una sanci\u00f3n por parte de la Liga MX.<\/p>\n\n\n\n<h2 class=\"wp-block-heading\">Necaxa vs Rayados<\/h2>\n\n\n\n<p>Partido de estreno de la liga, el campe\u00f3n entra a escena contra los Rayos del Necaxa, los Rayados tiran de la cantera con nombres como Eric Cant\u00fa, Cesar Montes y Luis C\u00e1rdenas. Por su parte Necaxa env\u00eda a Daniel  \u00c1lvarez, Jairo Gonz\u00e1lez y Carlos Guzm\u00e1n.<\/p>\n\n\n\n<p>Los jugadores enviados a la cancha son: <strong>Carlos Guzm\u00e1n<\/strong>  vs <strong>Eric Cant\u00fa<\/strong>.<\/p>\n\n\n\n<figure class=\"wp-block-embed-twitter wp-block-embed is-type-rich is-provider-twitter\"><div class=\"wp-block-embed__wrapper\">\n<blockquote class=\"twitter-tweet\" data-width=\"550\" data-dnt=\"true\"><p lang=\"es\" dir=\"ltr\">\ud83d\udcf9 | \u00a1El jersey del debut! \ud83e\udd20\ud83d\udc55<br><br>Hoy <a href=\"https:\/\/twitter.com\/Ericcantug?ref_src=twsrc%5Etfw\">@Ericcantug<\/a> viste de gala con el Tercer Equipamiento de <a href=\"https:\/\/twitter.com\/PUMAmexico?ref_src=twsrc%5Etfw\">@PUMAmexico<\/a> \u2b1b\u25fc\u25aa\u25fc\u2b1b<br><br>Encu\u00e9ntralo en <a href=\"https:\/\/twitter.com\/hashtag\/TiendaRayada?src=hash&amp;ref_src=twsrc%5Etfw\">#TiendaRayada<\/a> en l\u00ednea \ud83d\udc49\ud83c\udffc <a href=\"https:\/\/t.co\/KKsWwg9o6y\">https:\/\/t.co\/KKsWwg9o6y<\/a><a href=\"https:\/\/twitter.com\/hashtag\/EnLaVidaYEnLaCasa?src=hash&amp;ref_src=twsrc%5Etfw\">#EnLaVidaYEnLaCasa<\/a> \ud83c\udfe1\ud83d\udc99\u26aa<a href=\"https:\/\/twitter.com\/hashtag\/TuCasaTuCancha?src=hash&amp;ref_src=twsrc%5Etfw\">#TuCasaTuCancha<\/a> <a href=\"https:\/\/t.co\/dcUUaiI9tC\">pic.twitter.com\/dcUUaiI9tC<\/a><\/p>&mdash; Rayados (desde \ud83c\udfe1) (@Rayados) <a href=\"https:\/\/twitter.com\/Rayados\/status\/1248626797048193024?ref_src=twsrc%5Etfw\">April 10, 2020<\/a><\/blockquote><script async src=\"https:\/\/platform.twitter.com\/widgets.js\" charset=\"utf-8\"><\/script>\n<\/div><\/figure>\n\n\n\n<h2 class=\"wp-block-heading\">Cruz Azul vs Atlas<\/h2>\n\n\n\n<p>Segundo partido del campeonato, cruz azul manda para este torneo a Jonathan Borja, Santiago Gim\u00e9nez y Lucas Passerini. Por su parte, los rojinegros mandan a los jugadores Luciano Acosta, Brayton V\u00e1zquez e Ismael Govea a la acci\u00f3n.<\/p>\n\n\n\n<p>Los jugadores convocados para el juego son: <strong>Lucas Passerini <\/strong>vs <strong>Luciano Acosta<\/strong>.<\/p>\n\n\n\n<figure class=\"wp-block-embed-twitter wp-block-embed is-type-rich is-provider-twitter\"><div class=\"wp-block-embed__wrapper\">\n<blockquote class=\"twitter-tweet\" data-width=\"550\" data-dnt=\"true\"><p lang=\"es\" dir=\"ltr\">\u00a1HOOOOOOY JUEGAAA LA ACADEMIAAA! \ud83d\ude4c<a href=\"https:\/\/twitter.com\/PerduraMx?ref_src=twsrc%5Etfw\">@PerduraMx<\/a> nos acompa\u00f1a en el debut de esta tarde en la <a href=\"https:\/\/twitter.com\/hashtag\/eLIGAMX?src=hash&amp;ref_src=twsrc%5Etfw\">#eLIGAMX<\/a>. <br><br>Nos vemos por <a href=\"https:\/\/twitter.com\/TUDNMEX?ref_src=twsrc%5Etfw\">@TUDNMEX<\/a> en punto de las 15:00 horas. <a href=\"https:\/\/twitter.com\/hashtag\/TuCasaTuCancha?src=hash&amp;ref_src=twsrc%5Etfw\">#TuCasaTuCancha<\/a> <a href=\"https:\/\/twitter.com\/hashtag\/LateConFuria?src=hash&amp;ref_src=twsrc%5Etfw\">#LateConFuria<\/a> \ud83d\udd34\u26ab\ufe0f <a href=\"https:\/\/t.co\/V8WnTrnv5d\">pic.twitter.com\/V8WnTrnv5d<\/a><\/p>&mdash; Atlas FC (@atlasfc) <a href=\"https:\/\/twitter.com\/atlasfc\/status\/1248657289340469249?ref_src=twsrc%5Etfw\">April 10, 2020<\/a><\/blockquote><script async src=\"https:\/\/platform.twitter.com\/widgets.js\" charset=\"utf-8\"><\/script>\n<\/div><\/figure>\n\n\n\n<h2 class=\"wp-block-heading\">Puebla vs Am\u00e9rica<\/h2>\n\n\n\n<p>\u00daltimo juego del d\u00eda, el Puebla contra el Club Am\u00e9rica, juego para acompa\u00f1ar en familia y con una buena cena. El Puebla manda para este torneo a Brayan \u00c1ngulo, Santiago Orme\u00f1o y Christian Tab\u00f3. Por parte de las \u00e1guilas, los jugadores seleccionados son Nicol\u00e1s Benedetti, Santiago C\u00e1seres y Giovani Dos Santos. <\/p>\n\n\n\n<p>Los jugadores convocados para el partidos son:  <strong>Santiago Orme\u00f1o <\/strong>vs <strong>Nicol\u00e1s Benedetti<\/strong><\/p>\n\n\n\n<figure class=\"wp-block-embed-twitter wp-block-embed is-type-rich is-provider-twitter\"><div class=\"wp-block-embed__wrapper\">\n<blockquote class=\"twitter-tweet\" data-width=\"550\" data-dnt=\"true\"><p lang=\"es\" dir=\"ltr\">\u00a1Ma\u00f1ana inicia nuestro camino por la <a href=\"https:\/\/twitter.com\/hashtag\/eLigaMX?src=hash&amp;ref_src=twsrc%5Etfw\">#eLigaMX<\/a>\ud83c\udfae!\ud83d\udd35<br><br>Confirmen que, si la ganamos, cuenta como \ud83c\udfc6 oficial; as\u00ed como los &quot;\u00f3diame m\u00e1s&quot;\ud83e\udd85 con el PRODE 85\ud83e\udd2d<a href=\"https:\/\/twitter.com\/hashtag\/LaFranjaQueNosUne?src=hash&amp;ref_src=twsrc%5Etfw\">#LaFranjaQueNosUne<\/a>\ud83c\udfbd<a href=\"https:\/\/t.co\/W2dZnXNs0s\">https:\/\/t.co\/W2dZnXNs0s<\/a><\/p>&mdash; Club Puebla\ud83c\udfbd (@ClubPueblaMX) <a href=\"https:\/\/twitter.com\/ClubPueblaMX\/status\/1248416422595706882?ref_src=twsrc%5Etfw\">April 10, 2020<\/a><\/blockquote><script async src=\"https:\/\/platform.twitter.com\/widgets.js\" charset=\"utf-8\"><\/script>\n<\/div><\/figure>\n\n\n\n<h3 class=\"wp-block-heading\"><strong>Fechas importantes del torneo y que puedes seguir junto a La Tribunera:<\/strong><\/h3>\n\n\n\n<p><strong>Cl\u00e1sico Tapat\u00edo:<\/strong> Jornada 9, Atlas vs Chivas, el&nbsp;S\u00e1bado 9 de mayo a las 20:00 horas<\/p>\n\n\n\n<p><strong>Cl\u00e1sico Capitalino<\/strong>: Jornada 9, Am\u00e9rica vs Pumas, el Domingo 10 de Mayo a las 15 horas.<\/p>\n\n\n\n<p><strong>Cl\u00e1sico Joven<\/strong>. Jornada 10, Am\u00e9rica vs Cruz Azul, el Mi\u00e9rcoles 13 de mayo a las 15:00 horas.<\/p>\n\n\n\n<p><strong>Cl\u00e1sico Nacional<\/strong>: Jornada 13, Am\u00e9rica vs Chivas, el Domingo 24 de mayo a las 15:00 horas.<\/p>\n\n\n\n<p><strong>Cl\u00e1sico Regiomontano:<\/strong>&nbsp;Jornada 13, Tigres vs Rayados, el S\u00e1bado 23 de mayo a las 15:00 horas.<\/p>\n\n\n\n<p>Comienzan las emociones y acciones en la eLiga MX, \u00bfEst\u00e1n Listos?, \u00a1Comenzamos la primera fecha de la eLiga MX!.<\/p>\n\n\n\n<figure class=\"wp-block-embed-twitter wp-block-embed is-type-rich is-provider-twitter\"><div class=\"wp-block-embed__wrapper\">\n<blockquote class=\"twitter-tweet\" data-width=\"550\" data-dnt=\"true\"><p lang=\"es\" dir=\"ltr\">\u00bfEst\u00e1s listo para disfrutar la <a href=\"https:\/\/twitter.com\/hashtag\/Jornada1?src=hash&amp;ref_src=twsrc%5Etfw\">#Jornada1<\/a> de la <a href=\"https:\/\/twitter.com\/hashtag\/eLIGAMX?src=hash&amp;ref_src=twsrc%5Etfw\">#eLIGAMX<\/a>? Es momento de preparar tu \ud83d\udcc6 <a href=\"https:\/\/twitter.com\/hashtag\/AgendaFutbol%C3%ADtica?src=hash&amp;ref_src=twsrc%5Etfw\">#AgendaFutbol\u00edtica<\/a><a href=\"https:\/\/twitter.com\/hashtag\/SienteTuLiga?src=hash&amp;ref_src=twsrc%5Etfw\">#SienteTuLiga<\/a> \u26bd <a href=\"https:\/\/twitter.com\/hashtag\/TuCasaTuCancha?src=hash&amp;ref_src=twsrc%5Etfw\">#TuCasaTuCancha<\/a> <a href=\"https:\/\/t.co\/oOowYBpDf2\">pic.twitter.com\/oOowYBpDf2<\/a><\/p>&mdash; #LigaBBVAMX #TuCasaTuCancha (@LigaBBVAMX) <a href=\"https:\/\/twitter.com\/LigaBBVAMX\/status\/1248426246628716544?ref_src=twsrc%5Etfw\">April 10, 2020<\/a><\/blockquote><script async src=\"https:\/\/platform.twitter.com\/widgets.js\" charset=\"utf-8\"><\/script>\n<\/div><\/figure>\n\n\n\n<h2 class=\"wp-block-heading\">Rayados hace historia<\/h2>\n\n\n\n<figure class=\"wp-block-embed-twitter wp-block-embed is-type-rich is-provider-twitter\"><div class=\"wp-block-embed__wrapper\">\n<blockquote class=\"twitter-tweet\" data-width=\"550\" data-dnt=\"true\"><p lang=\"es\" dir=\"ltr\">\u23f1 | 90\u2019 +2 | <a href=\"https:\/\/twitter.com\/hashtag\/NEC?src=hash&amp;ref_src=twsrc%5Etfw\">#NEC<\/a> 2 &#8211; 4 <a href=\"https:\/\/twitter.com\/hashtag\/MTY?src=hash&amp;ref_src=twsrc%5Etfw\">#MTY<\/a><br><br>\u00a1Seguimos haciendo historia! El primer triunfo de la <a href=\"https:\/\/twitter.com\/hashtag\/eLigaMX?src=hash&amp;ref_src=twsrc%5Etfw\">#eLigaMX<\/a> es Azul y Blanco \ud83d\udd35\u26aa<br><br>\u00a1ARRIBA EL MONTERREY! \ud83e\udd20<a href=\"https:\/\/twitter.com\/hashtag\/EnLaVidaYEnLaCasa?src=hash&amp;ref_src=twsrc%5Etfw\">#EnLaVidaYEnLaCasa<\/a> \ud83c\udfe1\ud83d\udc99\u26aa <a href=\"https:\/\/twitter.com\/hashtag\/TuCasaTuCancha?src=hash&amp;ref_src=twsrc%5Etfw\">#TuCasaTuCancha<\/a> <a href=\"https:\/\/t.co\/BxDbiCNJK9\">pic.twitter.com\/BxDbiCNJK9<\/a><\/p>&mdash; Rayados (desde \ud83c\udfe1) (@Rayados) <a href=\"https:\/\/twitter.com\/Rayados\/status\/1248699674791460864?ref_src=twsrc%5Etfw\">April 10, 2020<\/a><\/blockquote><script async src=\"https:\/\/platform.twitter.com\/widgets.js\" charset=\"utf-8\"><\/script>\n<\/div><\/figure>\n\n\n\n<p>El cuadro comandado por Eric Cant\u00fa gana el primer partido de la historia de la nueva eLiga MX con un marcador de 4-2. Las acciones comenzaban r\u00e1pido en la cancha, Cant\u00fa se adelantaba con un gol de vestidor de Funes Mori. Despu\u00e9s, Maxi Meza anotaba el 2-0 mediante un disparo cruzado ante un Necaxa pr\u00e1cticamente contra la pared, en el cu\u00e1l Carlos Guzm\u00e1n descontar\u00eda r\u00e1pidamente para el 2-1. Al minuto 55\u2019 exist\u00eda un penal para monterrey, en d\u00f3nde Funes Mori consegu\u00eda el segundo para su cuenta, Necaxa descontar\u00eda r\u00e1pidamente de nuevo y finalmente Jes\u00fas Gallardo anotaba el 4to para finiquitar el marcador. Con esto comienza la nueva eLiga MX, veamos que nos prepara el Cruz Azul vs Atlas que est\u00e1 pr\u00f3ximo a arrancar en punto de las 15:00 pm.<\/p>\n\n\n\n<h2 class=\"wp-block-heading\">Atlas gana a un Cruz Azul desconectado<\/h2>\n\n\n\n<figure class=\"wp-block-embed-twitter wp-block-embed is-type-rich is-provider-twitter\"><div class=\"wp-block-embed__wrapper\">\n<blockquote class=\"twitter-tweet\" data-width=\"550\" data-dnt=\"true\"><p lang=\"es\" dir=\"ltr\">GAAAN\u00d3\u00d3\u00d3\u00d3 LA FURIAAAAAAAAA!!! \ud83d\ude4c<br><br>TRIUNFO HIST\u00d3RICO!!! PRIMERA VICTORIA EN LA <a href=\"https:\/\/twitter.com\/hashtag\/ELIGAMX?src=hash&amp;ref_src=twsrc%5Etfw\">#ELIGAMX<\/a>!!!<a href=\"https:\/\/twitter.com\/hashtag\/TuCasaTuCancha?src=hash&amp;ref_src=twsrc%5Etfw\">#TuCasaTuCancha<\/a> <a href=\"https:\/\/twitter.com\/hashtag\/LateConFuria?src=hash&amp;ref_src=twsrc%5Etfw\">#LateConFuria<\/a> \ud83d\udd34\u26ab\ufe0f <a href=\"https:\/\/t.co\/B961NCbDV7\">pic.twitter.com\/B961NCbDV7<\/a><\/p>&mdash; Atlas FC (@atlasfc) <a href=\"https:\/\/twitter.com\/atlasfc\/status\/1248718385346723847?ref_src=twsrc%5Etfw\">April 10, 2020<\/a><\/blockquote><script async src=\"https:\/\/platform.twitter.com\/widgets.js\" charset=\"utf-8\"><\/script>\n<\/div><\/figure>\n\n\n\n<p>Partido con arranque muy electrizante, ocasiones tempraneras y llegadas m\u00e1s claras de un Atlas que empezaba con un inicio endemoniado. Postes y un portero llamado Jes\u00fas Corona evitaba que los rojinegros se adelantar\u00e1n en el marcador. Al 44\u2019 por fin se romp\u00eda la presi\u00f3n, y de la mano de Cuero llegaba el primero al marcador para el Atlas.<\/p>\n\n\n\n<p>Despu\u00e9s de unos minutos suspendidos por problemas con la conexi\u00f3n, se reanudaba el segundo tiempo con terminaci\u00f3n similar al primero. Al minuto 54\u2019 llegaba el 2do gol del equipo comandado por Luciano Acosta con un remate de volea. 2 minutos despu\u00e9s, Cruz Azul anotaba el descuento con un gol de penal del \u201cCabezita\u201d Rodriguez. Al minuto 61\u2019 el Atlas volv\u00eda a responder con un gol de Acosta que empezaba a condicionar el sue\u00f1o de Lucas Passerini de poder remontar un partido entretenido y con una buena propuesta ofensiva de ambas partes.<\/p>\n\n\n\n<p>Al minuto 78, Luciano Acosta pon\u00eda pr\u00e1cticamente el clavo al ata\u00fad que terminaba con las aspiraciones de Lucas Passerini de poder hacer algo m\u00e1s en el encuentro. Partido divertido, entretenido y para el recuerdo. A las 20:00 pm comienza el \u00faltimo partido de hoy entre Puebla y Club \u00c1merica.<\/p>\n\n\n\n<h2 class=\"wp-block-heading\"><br>Una franja demoledora<br><\/h2>\n\n\n\n<figure class=\"wp-block-embed-twitter wp-block-embed is-type-rich is-provider-twitter\"><div class=\"wp-block-embed__wrapper\">\n<blockquote class=\"twitter-tweet\" data-width=\"550\" data-dnt=\"true\"><p lang=\"es\" dir=\"ltr\"><a href=\"https:\/\/twitter.com\/hashtag\/Gan%C3%B3ElPue?src=hash&amp;ref_src=twsrc%5Etfw\">#Gan\u00f3ElPue<\/a>\ud83d\udd35\u26aa\ufe0f Tres que pudieron ser 8\ud83d\ude0e<br><br>\u2705 L\u00edder General<br>\u2705 Arco en cero de <a href=\"https:\/\/twitter.com\/nicovikonis27?ref_src=twsrc%5Etfw\">@nicovikonis27<\/a> <br>\u2705 5 partidos consecutivos en 0 (todas las competencias\ud83e\udd2a)<a href=\"https:\/\/twitter.com\/hashtag\/LaFranjaQueNosUne?src=hash&amp;ref_src=twsrc%5Etfw\">#LaFranjaQueNosUne<\/a>\ud83c\udfbd <a href=\"https:\/\/t.co\/VXAFqUjbxl\">pic.twitter.com\/VXAFqUjbxl<\/a><\/p>&mdash; Club Puebla\ud83c\udfbd (@ClubPueblaMX) <a href=\"https:\/\/twitter.com\/ClubPueblaMX\/status\/1248789246640611331?ref_src=twsrc%5Etfw\">April 11, 2020<\/a><\/blockquote><script async src=\"https:\/\/platform.twitter.com\/widgets.js\" charset=\"utf-8\"><\/script>\n<\/div><\/figure>\n\n\n\n<p>\u00daltimo partido del d\u00eda, Benedetti vs Orme\u00f1o, un partido que pintaba para ser m\u00e1s equilibrado, pero todo fue muy diferente en el papel. El cuadro comandado por Santiago Orme\u00f1o, fue muy superior al de las \u00c1guilas del Am\u00e9rica, esto con un Hat-Trick anotado por el mismo jugador virtual del comandante del equipo de la franja. Los goles cayeron en la segunda mitad, al 64\u2019, 81\u2019 con un error garrafal de Benedetti y por \u00faltimo para rematar al 84\u2019. <br><\/p>\n\n\n\n<p>El cuadro del Puebla se pone como uno de los candidatos para poder levantar el trofeo de la eLiga MX, despu\u00e9s de la gran exhibici\u00f3n de Santiago Orme\u00f1o que pinta para ser un protagonista muy interesante.<\/p>\n\n\n\n<h2 class=\"wp-block-heading\">Estad\u00edsticas 1er d\u00eda de acciones<\/h2>\n\n\n\n<figure class=\"wp-block-gallery columns-1 is-cropped wp-block-gallery-1 is-layout-flex wp-block-gallery-is-layout-flex\"><ul class=\"blocks-gallery-grid\"><li class=\"blocks-gallery-item\"><figure><img loading=\"lazy\" decoding=\"async\" width=\"1024\" height=\"805\" src=\"https:\/\/latribunera.com\/apuntes\/wp-content\/uploads\/2020\/04\/B06BC767-823B-490B-B465-EC45D714B423-1024x805.jpeg\" alt=\"\" data-id=\"5460\" data-full-url=\"https:\/\/latribunera.com\/apuntes\/wp-content\/uploads\/2020\/04\/B06BC767-823B-490B-B465-EC45D714B423.jpeg\" data-link=\"https:\/\/latribunera.com\/apuntes\/index.php\/2020\/04\/10\/una-liga-inedita-comienza-la-eliga-mx\/b06bc767-823b-490b-b465-ec45d714b423\/\" class=\"wp-image-5460\" srcset=\"https:\/\/latribunera.com\/apuntes\/wp-content\/uploads\/2020\/04\/B06BC767-823B-490B-B465-EC45D714B423-1024x805.jpeg 1024w, https:\/\/latribunera.com\/apuntes\/wp-content\/uploads\/2020\/04\/B06BC767-823B-490B-B465-EC45D714B423-300x236.jpeg 300w, https:\/\/latribunera.com\/apuntes\/wp-content\/uploads\/2020\/04\/B06BC767-823B-490B-B465-EC45D714B423-768x604.jpeg 768w, https:\/\/latribunera.com\/apuntes\/wp-content\/uploads\/2020\/04\/B06BC767-823B-490B-B465-EC45D714B423.jpeg 1056w\" sizes=\"auto, (max-width: 1024px) 100vw, 1024px\" \/><\/figure><\/li><\/ul><\/figure>\n\n\n\n<p>Esta es la tabla general despu\u00e9s de este primer d\u00eda de acciones en la eLiga MX en donde Atlas encabeza la competencia, seguido de Puebla y Rayados. No te pierdas ma\u00f1ana los partidos y las notas que tenemos para ti, muchas gracias por estar con nosotros y recuerda, #ArmaTuTribu con La Tribunera.<\/p>\n","protected":false},"excerpt":{"rendered":"<p>Estamos ante un momento \u00fanico e hist\u00f3rico dentro de nuestro balompi\u00e9 azteca, la eLiga MX entra a escena entre los productos que tiene que ofrecer la Liga BBVA MX, un modo de entretenimiento in\u00e9dito a lo que estamos acostumbrados, ya que los jugadores ahora ser\u00e1n protagonistas en una cancha virtual. Este torneo surge como una&#8230; <\/p>\n<div class=\"clear\"><\/div>\n<p><a href=\"https:\/\/latribunera.com\/apuntes\/index.php\/2020\/04\/10\/una-liga-inedita-comienza-la-eliga-mx\/\" class=\"excerpt-read-more\">Read More<i class=\"fa fa-caret-right icon-caret-right\"><\/i><\/a><\/p>\n","protected":false},"author":2,"featured_media":5427,"comment_status":"open","ping_status":"open","sticky":false,"template":"","format":"standard","meta":{"_jetpack_memberships_contains_paid_content":false,"footnotes":""},"categories":[140],"tags":[],"class_list":["post-5411","post","type-post","status-publish","format-standard","has-post-thumbnail","hentry","category-deportes"],"jetpack_featured_media_url":"https:\/\/latribunera.com\/apuntes\/wp-content\/uploads\/2020\/04\/89515839-8B26-4015-9F71-9D109D0077AA.jpeg","jetpack-related-posts":[{"id":45421,"url":"https:\/\/latribunera.com\/apuntes\/index.php\/2026\/04\/16\/todo-listo-para-la-14va-edicion-de-la-copa-internacional-santos-penoles\/","url_meta":{"origin":5411,"position":0},"title":"Todo listo para la 14va edici\u00f3n de la Copa Internacional Santos Pe\u00f1oles","author":"Jacob Alarcon","date":"16 abril, 2026","format":false,"excerpt":"Este jueves, en el Auditorio Orlegi de Territorio Santos Modelo, se llev\u00f3 a cabo la presentaci\u00f3noficial de la edici\u00f3n 2026 de la Copa Internacional Santos Pe\u00f1oles, torneo que se ha consolidadocomo uno de los m\u00e1s importantes a nivel infantil y juvenil en M\u00e9xico. Adem\u00e1s de brindar una competencia deportiva de\u2026","rel":"","context":"In &quot;Sin categor\u00eda&quot;","block_context":{"text":"Sin categor\u00eda","link":"https:\/\/latribunera.com\/apuntes\/index.php\/category\/sin-categoria\/"},"img":{"alt_text":"","src":"https:\/\/i0.wp.com\/latribunera.com\/apuntes\/wp-content\/uploads\/2026\/04\/Presentacion-Copa-Santos-Penoles.jpg?resize=350%2C200&ssl=1","width":350,"height":200,"srcset":"https:\/\/i0.wp.com\/latribunera.com\/apuntes\/wp-content\/uploads\/2026\/04\/Presentacion-Copa-Santos-Penoles.jpg?resize=350%2C200&ssl=1 1x, https:\/\/i0.wp.com\/latribunera.com\/apuntes\/wp-content\/uploads\/2026\/04\/Presentacion-Copa-Santos-Penoles.jpg?resize=525%2C300&ssl=1 1.5x, https:\/\/i0.wp.com\/latribunera.com\/apuntes\/wp-content\/uploads\/2026\/04\/Presentacion-Copa-Santos-Penoles.jpg?resize=700%2C400&ssl=1 2x, https:\/\/i0.wp.com\/latribunera.com\/apuntes\/wp-content\/uploads\/2026\/04\/Presentacion-Copa-Santos-Penoles.jpg?resize=1050%2C600&ssl=1 3x, https:\/\/i0.wp.com\/latribunera.com\/apuntes\/wp-content\/uploads\/2026\/04\/Presentacion-Copa-Santos-Penoles.jpg?resize=1400%2C800&ssl=1 4x"},"classes":[]},{"id":45386,"url":"https:\/\/latribunera.com\/apuntes\/index.php\/2026\/03\/11\/santos-launa-impulsa-mejoras-en-la-infraestructura-de-tsm-y-estadio-corona\/","url_meta":{"origin":5411,"position":1},"title":"Santos Laguna impulsa mejoras en la infraestructura de TSM y Estadio Corona","author":"Jacob Alarcon","date":"11 marzo, 2026","format":false,"excerpt":"Club Santos Laguna lleva a cabo una serie de reformas y mejoras en la infraestructura de TerritorioSantos Modelo y del Estadio Corona, con el objetivo de impulsar la innovaci\u00f3n tecnol\u00f3gica, lasostenibilidad y la modernizaci\u00f3n de sus espacios.Con estas acciones, el club contin\u00faa fortaleciendo la experiencia de sus aficionados yactualizando sus\u2026","rel":"","context":"In &quot;Pasi\u00f3n Guerrera&quot;","block_context":{"text":"Pasi\u00f3n Guerrera","link":"https:\/\/latribunera.com\/apuntes\/index.php\/category\/tribus\/pasionguerrera\/"},"img":{"alt_text":"","src":"https:\/\/i0.wp.com\/latribunera.com\/apuntes\/wp-content\/uploads\/2026\/03\/Renovacion-TSM.jpg?resize=350%2C200&ssl=1","width":350,"height":200,"srcset":"https:\/\/i0.wp.com\/latribunera.com\/apuntes\/wp-content\/uploads\/2026\/03\/Renovacion-TSM.jpg?resize=350%2C200&ssl=1 1x, https:\/\/i0.wp.com\/latribunera.com\/apuntes\/wp-content\/uploads\/2026\/03\/Renovacion-TSM.jpg?resize=525%2C300&ssl=1 1.5x, https:\/\/i0.wp.com\/latribunera.com\/apuntes\/wp-content\/uploads\/2026\/03\/Renovacion-TSM.jpg?resize=700%2C400&ssl=1 2x, https:\/\/i0.wp.com\/latribunera.com\/apuntes\/wp-content\/uploads\/2026\/03\/Renovacion-TSM.jpg?resize=1050%2C600&ssl=1 3x, https:\/\/i0.wp.com\/latribunera.com\/apuntes\/wp-content\/uploads\/2026\/03\/Renovacion-TSM.jpg?resize=1400%2C800&ssl=1 4x"},"classes":[]},{"id":45392,"url":"https:\/\/latribunera.com\/apuntes\/index.php\/2026\/04\/09\/se-presento-la-13va-edicion-del-guerreton\/","url_meta":{"origin":5411,"position":2},"title":"Se presento la 13va edici\u00f3n del Guerret\u00f3n.","author":"Staff","date":"9 abril, 2026","format":false,"excerpt":"A lo largo de sus primeras 12 ediciones, Guerret\u00f3n ha logrado recolectar m\u00e1s de 121,500juguetes, peluches y balones, beneficiando a diversas asociaciones e instituciones de laregi\u00f3n lagunera, entre ellas CRIT Durango, los sistemas DIF de distintos municipios, as\u00edcomo organizaciones educativas y asistenciales. A la fecha, se han instalado cuatro ludotecas\u2026","rel":"","context":"In &quot;Ganar Sirviendo&quot;","block_context":{"text":"Ganar Sirviendo","link":"https:\/\/latribunera.com\/apuntes\/index.php\/category\/futbol\/futbol-mexicano\/ganar-sirviendo\/"},"img":{"alt_text":"","src":"https:\/\/i0.wp.com\/latribunera.com\/apuntes\/wp-content\/uploads\/2026\/04\/9Guerreton-2026-2.jpg.jpeg?resize=350%2C200&ssl=1","width":350,"height":200,"srcset":"https:\/\/i0.wp.com\/latribunera.com\/apuntes\/wp-content\/uploads\/2026\/04\/9Guerreton-2026-2.jpg.jpeg?resize=350%2C200&ssl=1 1x, https:\/\/i0.wp.com\/latribunera.com\/apuntes\/wp-content\/uploads\/2026\/04\/9Guerreton-2026-2.jpg.jpeg?resize=525%2C300&ssl=1 1.5x, https:\/\/i0.wp.com\/latribunera.com\/apuntes\/wp-content\/uploads\/2026\/04\/9Guerreton-2026-2.jpg.jpeg?resize=700%2C400&ssl=1 2x, https:\/\/i0.wp.com\/latribunera.com\/apuntes\/wp-content\/uploads\/2026\/04\/9Guerreton-2026-2.jpg.jpeg?resize=1050%2C600&ssl=1 3x, https:\/\/i0.wp.com\/latribunera.com\/apuntes\/wp-content\/uploads\/2026\/04\/9Guerreton-2026-2.jpg.jpeg?resize=1400%2C800&ssl=1 4x"},"classes":[]}],"jetpack_sharing_enabled":true,"_links":{"self":[{"href":"https:\/\/latribunera.com\/apuntes\/index.php\/wp-json\/wp\/v2\/posts\/5411","targetHints":{"allow":["GET"]}}],"collection":[{"href":"https:\/\/latribunera.com\/apuntes\/index.php\/wp-json\/wp\/v2\/posts"}],"about":[{"href":"https:\/\/latribunera.com\/apuntes\/index.php\/wp-json\/wp\/v2\/types\/post"}],"author":[{"embeddable":true,"href":"https:\/\/latribunera.com\/apuntes\/index.php\/wp-json\/wp\/v2\/users\/2"}],"replies":[{"embeddable":true,"href":"https:\/\/latribunera.com\/apuntes\/index.php\/wp-json\/wp\/v2\/comments?post=5411"}],"version-history":[{"count":10,"href":"https:\/\/latribunera.com\/apuntes\/index.php\/wp-json\/wp\/v2\/posts\/5411\/revisions"}],"predecessor-version":[{"id":5463,"href":"https:\/\/latribunera.com\/apuntes\/index.php\/wp-json\/wp\/v2\/posts\/5411\/revisions\/5463"}],"wp:featuredmedia":[{"embeddable":true,"href":"https:\/\/latribunera.com\/apuntes\/index.php\/wp-json\/wp\/v2\/media\/5427"}],"wp:attachment":[{"href":"https:\/\/latribunera.com\/apuntes\/index.php\/wp-json\/wp\/v2\/media?parent=5411"}],"wp:term":[{"taxonomy":"category","embeddable":true,"href":"https:\/\/latribunera.com\/apuntes\/index.php\/wp-json\/wp\/v2\/categories?post=5411"},{"taxonomy":"post_tag","embeddable":true,"href":"https:\/\/latribunera.com\/apuntes\/index.php\/wp-json\/wp\/v2\/tags?post=5411"}],"curies":[{"name":"wp","href":"https:\/\/api.w.org\/{rel}","templated":true}]}}