{"id":5572,"date":"2020-04-15T19:26:54","date_gmt":"2020-04-15T19:26:54","guid":{"rendered":"https:\/\/latribunera.com\/apuntes\/?p=5572"},"modified":"2020-04-15T20:58:15","modified_gmt":"2020-04-15T20:58:15","slug":"continua-la-jornada-2-de-eliga-mx","status":"publish","type":"post","link":"https:\/\/latribunera.com\/apuntes\/index.php\/2020\/04\/15\/continua-la-jornada-2-de-eliga-mx\/","title":{"rendered":"CONTINUA LA JORNADA 2 DE eLIGA MX"},"content":{"rendered":"\n<h2 class=\"wp-block-heading\">SANTOS vs LEON <\/h2>\n\n\n\n<figure class=\"wp-block-embed-twitter wp-block-embed is-type-rich is-provider-twitter\"><div class=\"wp-block-embed__wrapper\">\n<blockquote class=\"twitter-tweet\" data-width=\"550\" data-dnt=\"true\"><p lang=\"es\" dir=\"ltr\">\u00a1EL CUAAAAARTO PAP\u00c1!<br><br>\u00a1GOOOOL! \ud83d\udc9a\u26bd\ufe0f\ud83d\udd25<a href=\"https:\/\/twitter.com\/hashtag\/SeJuega?src=hash&amp;ref_src=twsrc%5Etfw\">#SeJuega<\/a> \ud83c\udfae <a href=\"https:\/\/t.co\/HAZsJ31H62\">pic.twitter.com\/HAZsJ31H62<\/a><\/p>&mdash; #JugamosEnCasa \ud83c\udfe0 (@clubleonfc) <a href=\"https:\/\/twitter.com\/clubleonfc\/status\/1250509595807756292?ref_src=twsrc%5Etfw\">April 15, 2020<\/a><\/blockquote><script async src=\"https:\/\/platform.twitter.com\/widgets.js\" charset=\"utf-8\"><\/script>\n<\/div><\/figure>\n\n\n\n<p>Un juego m\u00e1s llega hacia nuestros lugares, partido muy movido desde el primer minuto duelo entre Gerardo Arteaga por parte de Santos y Nicol\u00e1s Sosa del Le\u00f3n. Minuto 16\u2019 y llegaba el primer gol del Le\u00f3n por v\u00eda de Hernandez. Pocos minutos despu\u00e9s y el \u201cChapito\u201d Montes llegaba con un zurdazo que pegaba en el poste y se met\u00eda para el segundo de la fiera. Ataques mort\u00edferos del Club Le\u00f3n que no dejaba respirar a la Laguna. Minuto 35\u2019 y el Le\u00f3n se perd\u00eda otra clara de gol con un contra golpe que pasaba por un lado. Santos empezaba a tomar control del partido y al minuto 45\u2019 ve\u00eda llegar su recompensa con un gol ag\u00f3nico  de Aguirre, en donde est\u00e1bamos a punto de irnos al medio tiempo.<\/p>\n\n\n\n<p>Comenzaba el segundo tiempo y un error del portero del le\u00f3n al 51\u2019 casi les costaba el empate para el marcador. Partido m\u00e1s equilibrado en todos sentidos para ambos equipos. <\/p>\n\n\n\n<p>Minuto 60\u2019 de acciones y llegaba el 3ero para la fiera en un error de G. Arteaga en la zaga defensiva que le costar\u00eda muy caro. El partido transcurr\u00eda y se hac\u00eda viejo, el arroz se empezaba a cocer a favor para un Le\u00f3n que ha hecho un mejor partido. Al 84\u2019 llegaba el tiro de gracia a Santos con un doblete de Luis Montes que hac\u00eda que la Fiera ligara su segunda victoria al hilo. Por su parte, Santos se queda con 3 unidades. <br><\/p>\n\n\n\n<h2 class=\"wp-block-heading\">VUELA EL AVE SOBRE EL TIGRE<\/h2>\n\n\n\n<figure class=\"wp-block-embed-twitter wp-block-embed is-type-rich is-provider-twitter\"><div class=\"wp-block-embed__wrapper\">\n<blockquote class=\"twitter-tweet\" data-width=\"550\" data-dnt=\"true\"><p lang=\"es\" dir=\"ltr\">\ud835\ude7c\ud835\ude70\ud835\ude81\ud835\ude72\ud835\ude70\ud835\ude73\ud835\ude7e\ud835\ude81 \ud835\ude75\ud835\ude78\ud835\ude7d\ud835\ude70\ud835\ude7b \ud83e\udd85 <a href=\"https:\/\/t.co\/e5UzZSKi4i\">pic.twitter.com\/e5UzZSKi4i<\/a><\/p>&mdash; Club Am\u00e9rica (@ClubAmerica) <a href=\"https:\/\/twitter.com\/ClubAmerica\/status\/1250527439488499714?ref_src=twsrc%5Etfw\">April 15, 2020<\/a><\/blockquote><script async src=\"https:\/\/platform.twitter.com\/widgets.js\" charset=\"utf-8\"><\/script>\n<\/div><\/figure>\n\n\n\n<p>Comenzaba el partido de la jornada, Gio Dos Santos contra Nahuel Guzm\u00e1n, fuerzas igualadas durante la mayor parte del primer tiempo, medici\u00f3n de fuerzas para lo que is esperaba. Minuto 26\u2019 y el andino Edu Vargas marcaba el primero de la tarde. 5 minutos despu\u00e9s y el America respond\u00eda el golpe con un gol del jugador electr\u00f3nico de Dos Santos que pon\u00eda las tablas al marcador. Duelo de fuerzas igualadas que parec\u00eda balancearse al lado azulcrema con un disparo al poste de Roger Martinez al 41\u2019 que hizo suspirar a m\u00e1s de uno.<br><\/p>\n\n\n\n<p>Arrancaba el segundo tiempo y al minuto 50\u2019 de acciones anulaban un gol al America que significaba el 2-1 del encuentro. 2 minutos despu\u00e9s y Gignac met\u00eda un susto con un gran disparo a Guillermo Ochoa que derivar\u00eda a tiro de esquina. Minuto 58\u2019 y llegaba un golazo al \u00e1ngulo de Ibarg\u00fcen que Nahuel Guzm\u00e1n poco pod\u00eda hacer. Un minuto despu\u00e9s y r\u00e1pidamente ven\u00eda un penal a valor de Tigres que meter\u00eda el Franc\u00e9s Gignac sin problema alguno, dejando a Memo Ochoa sin poder hacer nada.<\/p>\n\n\n\n<p>Segundo tiempo movido y entretenido, 15 minutos y ya ten\u00edamos 1 gol por bando, minuto 77\u2019 y hora de refrescar estrategia americanista que dar\u00eda raz\u00f3n a Gio, 2 minutos m\u00e1s tarde y llegaba el doblete de Ibarg\u00fcen que le regresaba la delantera al America. Minuto 91\u2019 y Tigres se acercaba, \u00faltima jugada y tiro de esquina que ser\u00eda el final del partido. Victoria 3-2 del Club America vs Tigres, partido emocionante que cumpl\u00eda las expectativas de todos.<\/p>\n","protected":false},"excerpt":{"rendered":"<p>SANTOS vs LEON Un juego m\u00e1s llega hacia nuestros lugares, partido muy movido desde el primer minuto duelo entre Gerardo Arteaga por parte de Santos y Nicol\u00e1s Sosa del Le\u00f3n. Minuto 16\u2019 y llegaba el primer gol del Le\u00f3n por v\u00eda de Hernandez. Pocos minutos despu\u00e9s y el \u201cChapito\u201d Montes llegaba con un zurdazo que&#8230; <\/p>\n<div class=\"clear\"><\/div>\n<p><a href=\"https:\/\/latribunera.com\/apuntes\/index.php\/2020\/04\/15\/continua-la-jornada-2-de-eliga-mx\/\" class=\"excerpt-read-more\">Read More<i class=\"fa fa-caret-right icon-caret-right\"><\/i><\/a><\/p>\n","protected":false},"author":2,"featured_media":5562,"comment_status":"open","ping_status":"open","sticky":false,"template":"","format":"standard","meta":{"_jetpack_memberships_contains_paid_content":false,"footnotes":""},"categories":[1],"tags":[],"class_list":["post-5572","post","type-post","status-publish","format-standard","has-post-thumbnail","hentry","category-sin-categoria"],"jetpack_featured_media_url":"https:\/\/latribunera.com\/apuntes\/wp-content\/uploads\/2020\/04\/54030C41-A99A-4D1B-B4A6-78C1A91E1C31.jpeg","jetpack-related-posts":[{"id":45421,"url":"https:\/\/latribunera.com\/apuntes\/index.php\/2026\/04\/16\/todo-listo-para-la-14va-edicion-de-la-copa-internacional-santos-penoles\/","url_meta":{"origin":5572,"position":0},"title":"Todo listo para la 14va edici\u00f3n de la Copa Internacional Santos Pe\u00f1oles","author":"Jacob Alarcon","date":"16 abril, 2026","format":false,"excerpt":"Este jueves, en el Auditorio Orlegi de Territorio Santos Modelo, se llev\u00f3 a cabo la presentaci\u00f3noficial de la edici\u00f3n 2026 de la Copa Internacional Santos Pe\u00f1oles, torneo que se ha consolidadocomo uno de los m\u00e1s importantes a nivel infantil y juvenil en M\u00e9xico. Adem\u00e1s de brindar una competencia deportiva de\u2026","rel":"","context":"In &quot;Sin categor\u00eda&quot;","block_context":{"text":"Sin categor\u00eda","link":"https:\/\/latribunera.com\/apuntes\/index.php\/category\/sin-categoria\/"},"img":{"alt_text":"","src":"https:\/\/i0.wp.com\/latribunera.com\/apuntes\/wp-content\/uploads\/2026\/04\/Presentacion-Copa-Santos-Penoles.jpg?resize=350%2C200&ssl=1","width":350,"height":200,"srcset":"https:\/\/i0.wp.com\/latribunera.com\/apuntes\/wp-content\/uploads\/2026\/04\/Presentacion-Copa-Santos-Penoles.jpg?resize=350%2C200&ssl=1 1x, https:\/\/i0.wp.com\/latribunera.com\/apuntes\/wp-content\/uploads\/2026\/04\/Presentacion-Copa-Santos-Penoles.jpg?resize=525%2C300&ssl=1 1.5x, https:\/\/i0.wp.com\/latribunera.com\/apuntes\/wp-content\/uploads\/2026\/04\/Presentacion-Copa-Santos-Penoles.jpg?resize=700%2C400&ssl=1 2x, https:\/\/i0.wp.com\/latribunera.com\/apuntes\/wp-content\/uploads\/2026\/04\/Presentacion-Copa-Santos-Penoles.jpg?resize=1050%2C600&ssl=1 3x, https:\/\/i0.wp.com\/latribunera.com\/apuntes\/wp-content\/uploads\/2026\/04\/Presentacion-Copa-Santos-Penoles.jpg?resize=1400%2C800&ssl=1 4x"},"classes":[]},{"id":45386,"url":"https:\/\/latribunera.com\/apuntes\/index.php\/2026\/03\/11\/santos-launa-impulsa-mejoras-en-la-infraestructura-de-tsm-y-estadio-corona\/","url_meta":{"origin":5572,"position":1},"title":"Santos Laguna impulsa mejoras en la infraestructura de TSM y Estadio Corona","author":"Jacob Alarcon","date":"11 marzo, 2026","format":false,"excerpt":"Club Santos Laguna lleva a cabo una serie de reformas y mejoras en la infraestructura de TerritorioSantos Modelo y del Estadio Corona, con el objetivo de impulsar la innovaci\u00f3n tecnol\u00f3gica, lasostenibilidad y la modernizaci\u00f3n de sus espacios.Con estas acciones, el club contin\u00faa fortaleciendo la experiencia de sus aficionados yactualizando sus\u2026","rel":"","context":"In &quot;Pasi\u00f3n Guerrera&quot;","block_context":{"text":"Pasi\u00f3n Guerrera","link":"https:\/\/latribunera.com\/apuntes\/index.php\/category\/tribus\/pasionguerrera\/"},"img":{"alt_text":"","src":"https:\/\/i0.wp.com\/latribunera.com\/apuntes\/wp-content\/uploads\/2026\/03\/Renovacion-TSM.jpg?resize=350%2C200&ssl=1","width":350,"height":200,"srcset":"https:\/\/i0.wp.com\/latribunera.com\/apuntes\/wp-content\/uploads\/2026\/03\/Renovacion-TSM.jpg?resize=350%2C200&ssl=1 1x, https:\/\/i0.wp.com\/latribunera.com\/apuntes\/wp-content\/uploads\/2026\/03\/Renovacion-TSM.jpg?resize=525%2C300&ssl=1 1.5x, https:\/\/i0.wp.com\/latribunera.com\/apuntes\/wp-content\/uploads\/2026\/03\/Renovacion-TSM.jpg?resize=700%2C400&ssl=1 2x, https:\/\/i0.wp.com\/latribunera.com\/apuntes\/wp-content\/uploads\/2026\/03\/Renovacion-TSM.jpg?resize=1050%2C600&ssl=1 3x, https:\/\/i0.wp.com\/latribunera.com\/apuntes\/wp-content\/uploads\/2026\/03\/Renovacion-TSM.jpg?resize=1400%2C800&ssl=1 4x"},"classes":[]},{"id":45392,"url":"https:\/\/latribunera.com\/apuntes\/index.php\/2026\/04\/09\/se-presento-la-13va-edicion-del-guerreton\/","url_meta":{"origin":5572,"position":2},"title":"Se presento la 13va edici\u00f3n del Guerret\u00f3n.","author":"Staff","date":"9 abril, 2026","format":false,"excerpt":"A lo largo de sus primeras 12 ediciones, Guerret\u00f3n ha logrado recolectar m\u00e1s de 121,500juguetes, peluches y balones, beneficiando a diversas asociaciones e instituciones de laregi\u00f3n lagunera, entre ellas CRIT Durango, los sistemas DIF de distintos municipios, as\u00edcomo organizaciones educativas y asistenciales. A la fecha, se han instalado cuatro ludotecas\u2026","rel":"","context":"In &quot;Ganar Sirviendo&quot;","block_context":{"text":"Ganar Sirviendo","link":"https:\/\/latribunera.com\/apuntes\/index.php\/category\/futbol\/futbol-mexicano\/ganar-sirviendo\/"},"img":{"alt_text":"","src":"https:\/\/i0.wp.com\/latribunera.com\/apuntes\/wp-content\/uploads\/2026\/04\/9Guerreton-2026-2.jpg.jpeg?resize=350%2C200&ssl=1","width":350,"height":200,"srcset":"https:\/\/i0.wp.com\/latribunera.com\/apuntes\/wp-content\/uploads\/2026\/04\/9Guerreton-2026-2.jpg.jpeg?resize=350%2C200&ssl=1 1x, https:\/\/i0.wp.com\/latribunera.com\/apuntes\/wp-content\/uploads\/2026\/04\/9Guerreton-2026-2.jpg.jpeg?resize=525%2C300&ssl=1 1.5x, https:\/\/i0.wp.com\/latribunera.com\/apuntes\/wp-content\/uploads\/2026\/04\/9Guerreton-2026-2.jpg.jpeg?resize=700%2C400&ssl=1 2x, https:\/\/i0.wp.com\/latribunera.com\/apuntes\/wp-content\/uploads\/2026\/04\/9Guerreton-2026-2.jpg.jpeg?resize=1050%2C600&ssl=1 3x, https:\/\/i0.wp.com\/latribunera.com\/apuntes\/wp-content\/uploads\/2026\/04\/9Guerreton-2026-2.jpg.jpeg?resize=1400%2C800&ssl=1 4x"},"classes":[]}],"jetpack_sharing_enabled":true,"_links":{"self":[{"href":"https:\/\/latribunera.com\/apuntes\/index.php\/wp-json\/wp\/v2\/posts\/5572","targetHints":{"allow":["GET"]}}],"collection":[{"href":"https:\/\/latribunera.com\/apuntes\/index.php\/wp-json\/wp\/v2\/posts"}],"about":[{"href":"https:\/\/latribunera.com\/apuntes\/index.php\/wp-json\/wp\/v2\/types\/post"}],"author":[{"embeddable":true,"href":"https:\/\/latribunera.com\/apuntes\/index.php\/wp-json\/wp\/v2\/users\/2"}],"replies":[{"embeddable":true,"href":"https:\/\/latribunera.com\/apuntes\/index.php\/wp-json\/wp\/v2\/comments?post=5572"}],"version-history":[{"count":9,"href":"https:\/\/latribunera.com\/apuntes\/index.php\/wp-json\/wp\/v2\/posts\/5572\/revisions"}],"predecessor-version":[{"id":5584,"href":"https:\/\/latribunera.com\/apuntes\/index.php\/wp-json\/wp\/v2\/posts\/5572\/revisions\/5584"}],"wp:featuredmedia":[{"embeddable":true,"href":"https:\/\/latribunera.com\/apuntes\/index.php\/wp-json\/wp\/v2\/media\/5562"}],"wp:attachment":[{"href":"https:\/\/latribunera.com\/apuntes\/index.php\/wp-json\/wp\/v2\/media?parent=5572"}],"wp:term":[{"taxonomy":"category","embeddable":true,"href":"https:\/\/latribunera.com\/apuntes\/index.php\/wp-json\/wp\/v2\/categories?post=5572"},{"taxonomy":"post_tag","embeddable":true,"href":"https:\/\/latribunera.com\/apuntes\/index.php\/wp-json\/wp\/v2\/tags?post=5572"}],"curies":[{"name":"wp","href":"https:\/\/api.w.org\/{rel}","templated":true}]}}