{"id":5656,"date":"2020-04-19T19:46:58","date_gmt":"2020-04-19T19:46:58","guid":{"rendered":"https:\/\/latribunera.com\/apuntes\/?p=5656"},"modified":"2020-04-19T20:51:37","modified_gmt":"2020-04-19T20:51:37","slug":"cierre-de-acciones-jornada-3-eliga-mx","status":"publish","type":"post","link":"https:\/\/latribunera.com\/apuntes\/index.php\/2020\/04\/19\/cierre-de-acciones-jornada-3-eliga-mx\/","title":{"rendered":"CIERRE DE ACCIONES JORNADA 3. eLIGA MX"},"content":{"rendered":"\n<h2 class=\"wp-block-heading\">UN PUMA PERFECTO<\/h2>\n\n\n\n<p>Arranque del partido, Pumas vs Monterrey, Luis Quintana vs C\u00e9sar Montes. Partido de carburaci\u00f3n lenta y el primero del d\u00eda. Las imprecisiones se hac\u00edan ver durante la primera hora del partido, <\/p>\n\n\n\n<p>Llegadas sin claridad hasta que lleg\u00f3 el minuto 39\u2019 con un gol de Alan Mendoza que enviaba al \u00e1ngulo inferior del segundo palo de Marcelo Barovero. Sin embargo, el partido no dejaba de ser titubeante, no termina de arrancar. Fin del primer tiempo que dejaba a deber, esperando todos una segunda mejor parte complementaria.<\/p>\n\n\n\n<p>Arrancaban las acciones, partido que Cesar Montes de Rayados empezaba a carburar, minuto 65\u2019 y llegaba el gol de Rayados, parec\u00eda que la pandilla empezaba a despertar.<\/p>\n\n\n\n<p>Minuto 75\u2019 y gran error en la salida del Monterrey,  gol de Pumas, 2-1 al marcador. Faltaban 15 minutos para terminar el encuentro, en donde entre cambios y jugadas desperdiciadas por ambos lados, los universitarios ganaban el partido ante un Monterrey que hilvana su segunda derrota consecutiva. Muchas cosas que mejorar para los regiomontanos, por su parte, Pumas llega a 9 puntos en el actual torneo con un paso perfecto ganando todos sus juegos. Siendo as\u00ed, el \u00fanico equipo en lograrlo hasta el momento.<\/p>\n\n\n\n<figure class=\"wp-block-embed-twitter wp-block-embed is-type-rich is-provider-twitter\"><div class=\"wp-block-embed__wrapper\">\n<blockquote class=\"twitter-tweet\" data-width=\"550\" data-dnt=\"true\"><p lang=\"es\" dir=\"ltr\">\u00a1Nos vamos directamente a la cima de la <a href=\"https:\/\/twitter.com\/hashtag\/eLigaMX?src=hash&amp;ref_src=twsrc%5Etfw\">#eLigaMX<\/a>! \ud83e\udd29<br><br>Culmina el partido en el e-Ol\u00edmpico Universitario, con triunfo para nuestros Pumas. \u00a1Gracias por su apoyo!<a href=\"https:\/\/twitter.com\/hashtag\/TuCasaTuCancha?src=hash&amp;ref_src=twsrc%5Etfw\">#TuCasaTuCancha<\/a> <a href=\"https:\/\/twitter.com\/hashtag\/ATomarElControl?src=hash&amp;ref_src=twsrc%5Etfw\">#ATomarElControl<\/a>\ud83c\udfae<a href=\"https:\/\/twitter.com\/hashtag\/SoyDePumas?src=hash&amp;ref_src=twsrc%5Etfw\">#SoyDePumas<\/a> <a href=\"https:\/\/t.co\/Gd0K6Yz7Td\">pic.twitter.com\/Gd0K6Yz7Td<\/a><\/p>&mdash; PUMAS (@PumasMX) <a href=\"https:\/\/twitter.com\/PumasMX\/status\/1251959604684165122?ref_src=twsrc%5Etfw\">April 19, 2020<\/a><\/blockquote><script async src=\"https:\/\/platform.twitter.com\/widgets.js\" charset=\"utf-8\"><\/script>\n<\/div><\/figure>\n\n\n\n<h2 class=\"wp-block-heading\">EMPATE PARA EL INSOMNIO<\/h2>\n\n\n\n<p>Chivas vs Toluca, segundo partido del d\u00eda, Ra\u00fal Gudi\u00f1o vs Alan Medina, comenzaban las acciones, minuto 24\u2019 y atajadon de Gudi\u00f1o ante un gol eminente del Toluca en lo que ser\u00eda el primer gol del partido. Primer tiempo en donde no pasaban muchas acciones, dominio mayor del Toluca que no concretaba ante unas Chivas de p\u00f3lvora mojada.<br><br>Comienzo de segundo tiempo, partido muy igualado y sin claridad al arco, algo inusual en esta eLIGA MX, Toluca llegaba un poco m\u00e1s intenso que Chivas, en donde ya en 4 ocaciones, Gudi\u00f1o ha tenido que intervenir en el arco.<\/p>\n\n\n\n<p>\u00daltima jugada de las Chivas que parec\u00eda por fin romper el cerrojo, terminaba el partido, historia pura, primer juego sin goles en esta eLIGA MX, peque\u00f1a mejora de Chivas respecto a su partido anterior ante Pachuca. Por otra parte, Toluca bajando un poco su rendimiento respecto a lo que ven\u00eda mostrando antes. El peor partido de la temporada hasta el momento sin duda alguna, juego que quedaba a deber para todos. <\/p>\n\n\n\n<figure class=\"wp-block-embed-twitter wp-block-embed is-type-rich is-provider-twitter\"><div class=\"wp-block-embed__wrapper\">\n<blockquote class=\"twitter-tweet\" data-width=\"550\" data-dnt=\"true\"><p lang=\"es\" dir=\"ltr\">\u00a1\u00a1 Partido de ida y vuelta con defensas impresionantes !!<br><br>Par de roscas entre las e-<a href=\"https:\/\/twitter.com\/Chivas?ref_src=twsrc%5Etfw\">@Chivas<\/a> Rayadas y los Ciber Diablos de <a href=\"https:\/\/twitter.com\/TolucaFC?ref_src=twsrc%5Etfw\">@TolucaFC<\/a> <br><br>Partidazo de <a href=\"https:\/\/twitter.com\/hashtag\/TeamGudi%C3%B1o?src=hash&amp;ref_src=twsrc%5Etfw\">#TeamGudi\u00f1o<\/a> y <a href=\"https:\/\/twitter.com\/hashtag\/TeamAlan?src=hash&amp;ref_src=twsrc%5Etfw\">#TeamAlan<\/a> <a href=\"https:\/\/twitter.com\/hashtag\/TuCasaTuCancha?src=hash&amp;ref_src=twsrc%5Etfw\">#TuCasaTuCancha<\/a> \ud83c\udfe1<a href=\"https:\/\/twitter.com\/hashtag\/Desaf%C3%ADo?src=hash&amp;ref_src=twsrc%5Etfw\">#Desaf\u00edo<\/a> \ud83c\udfae <a href=\"https:\/\/twitter.com\/hashtag\/eLIGAMX?src=hash&amp;ref_src=twsrc%5Etfw\">#eLIGAMX<\/a> <a href=\"https:\/\/t.co\/5Tv783vWg6\">pic.twitter.com\/5Tv783vWg6<\/a><\/p>&mdash; #LigaBBVAMX #TuCasaTuCancha (@LigaBBVAMX) <a href=\"https:\/\/twitter.com\/LigaBBVAMX\/status\/1251973025643233282?ref_src=twsrc%5Etfw\">April 19, 2020<\/a><\/blockquote><script async src=\"https:\/\/platform.twitter.com\/widgets.js\" charset=\"utf-8\"><\/script>\n<\/div><\/figure>\n","protected":false},"excerpt":{"rendered":"<p>UN PUMA PERFECTO Arranque del partido, Pumas vs Monterrey, Luis Quintana vs C\u00e9sar Montes. Partido de carburaci\u00f3n lenta y el primero del d\u00eda. Las imprecisiones se hac\u00edan ver durante la primera hora del partido, Llegadas sin claridad hasta que lleg\u00f3 el minuto 39\u2019 con un gol de Alan Mendoza que enviaba al \u00e1ngulo inferior del&#8230; <\/p>\n<div class=\"clear\"><\/div>\n<p><a href=\"https:\/\/latribunera.com\/apuntes\/index.php\/2020\/04\/19\/cierre-de-acciones-jornada-3-eliga-mx\/\" class=\"excerpt-read-more\">Read More<i class=\"fa fa-caret-right icon-caret-right\"><\/i><\/a><\/p>\n","protected":false},"author":2,"featured_media":5645,"comment_status":"open","ping_status":"open","sticky":false,"template":"","format":"standard","meta":{"_jetpack_memberships_contains_paid_content":false,"footnotes":""},"categories":[2,1],"tags":[],"class_list":["post-5656","post","type-post","status-publish","format-standard","has-post-thumbnail","hentry","category-futbol-mexicano","category-sin-categoria"],"jetpack_featured_media_url":"https:\/\/latribunera.com\/apuntes\/wp-content\/uploads\/2020\/04\/C9947F5E-F1E8-44D8-BC0B-FE72F1FDE455.png","jetpack-related-posts":[{"id":45392,"url":"https:\/\/latribunera.com\/apuntes\/index.php\/2026\/04\/09\/se-presento-la-13va-edicion-del-guerreton\/","url_meta":{"origin":5656,"position":0},"title":"Se presento la 13va edici\u00f3n del Guerret\u00f3n.","author":"Staff","date":"9 abril, 2026","format":false,"excerpt":"A lo largo de sus primeras 12 ediciones, Guerret\u00f3n ha logrado recolectar m\u00e1s de 121,500juguetes, peluches y balones, beneficiando a diversas asociaciones e instituciones de laregi\u00f3n lagunera, entre ellas CRIT Durango, los sistemas DIF de distintos municipios, as\u00edcomo organizaciones educativas y asistenciales. A la fecha, se han instalado cuatro ludotecas\u2026","rel":"","context":"In &quot;Ganar Sirviendo&quot;","block_context":{"text":"Ganar Sirviendo","link":"https:\/\/latribunera.com\/apuntes\/index.php\/category\/futbol\/futbol-mexicano\/ganar-sirviendo\/"},"img":{"alt_text":"","src":"https:\/\/i0.wp.com\/latribunera.com\/apuntes\/wp-content\/uploads\/2026\/04\/9Guerreton-2026-2.jpg.jpeg?resize=350%2C200&ssl=1","width":350,"height":200,"srcset":"https:\/\/i0.wp.com\/latribunera.com\/apuntes\/wp-content\/uploads\/2026\/04\/9Guerreton-2026-2.jpg.jpeg?resize=350%2C200&ssl=1 1x, https:\/\/i0.wp.com\/latribunera.com\/apuntes\/wp-content\/uploads\/2026\/04\/9Guerreton-2026-2.jpg.jpeg?resize=525%2C300&ssl=1 1.5x, https:\/\/i0.wp.com\/latribunera.com\/apuntes\/wp-content\/uploads\/2026\/04\/9Guerreton-2026-2.jpg.jpeg?resize=700%2C400&ssl=1 2x, https:\/\/i0.wp.com\/latribunera.com\/apuntes\/wp-content\/uploads\/2026\/04\/9Guerreton-2026-2.jpg.jpeg?resize=1050%2C600&ssl=1 3x, https:\/\/i0.wp.com\/latribunera.com\/apuntes\/wp-content\/uploads\/2026\/04\/9Guerreton-2026-2.jpg.jpeg?resize=1400%2C800&ssl=1 4x"},"classes":[]},{"id":45386,"url":"https:\/\/latribunera.com\/apuntes\/index.php\/2026\/03\/11\/santos-launa-impulsa-mejoras-en-la-infraestructura-de-tsm-y-estadio-corona\/","url_meta":{"origin":5656,"position":1},"title":"Santos Laguna impulsa mejoras en la infraestructura de TSM y Estadio Corona","author":"Jacob Alarcon","date":"11 marzo, 2026","format":false,"excerpt":"Club Santos Laguna lleva a cabo una serie de reformas y mejoras en la infraestructura de TerritorioSantos Modelo y del Estadio Corona, con el objetivo de impulsar la innovaci\u00f3n tecnol\u00f3gica, lasostenibilidad y la modernizaci\u00f3n de sus espacios.Con estas acciones, el club contin\u00faa fortaleciendo la experiencia de sus aficionados yactualizando sus\u2026","rel":"","context":"In &quot;Pasi\u00f3n Guerrera&quot;","block_context":{"text":"Pasi\u00f3n Guerrera","link":"https:\/\/latribunera.com\/apuntes\/index.php\/category\/tribus\/pasionguerrera\/"},"img":{"alt_text":"","src":"https:\/\/i0.wp.com\/latribunera.com\/apuntes\/wp-content\/uploads\/2026\/03\/Renovacion-TSM.jpg?resize=350%2C200&ssl=1","width":350,"height":200,"srcset":"https:\/\/i0.wp.com\/latribunera.com\/apuntes\/wp-content\/uploads\/2026\/03\/Renovacion-TSM.jpg?resize=350%2C200&ssl=1 1x, https:\/\/i0.wp.com\/latribunera.com\/apuntes\/wp-content\/uploads\/2026\/03\/Renovacion-TSM.jpg?resize=525%2C300&ssl=1 1.5x, https:\/\/i0.wp.com\/latribunera.com\/apuntes\/wp-content\/uploads\/2026\/03\/Renovacion-TSM.jpg?resize=700%2C400&ssl=1 2x, https:\/\/i0.wp.com\/latribunera.com\/apuntes\/wp-content\/uploads\/2026\/03\/Renovacion-TSM.jpg?resize=1050%2C600&ssl=1 3x, https:\/\/i0.wp.com\/latribunera.com\/apuntes\/wp-content\/uploads\/2026\/03\/Renovacion-TSM.jpg?resize=1400%2C800&ssl=1 4x"},"classes":[]},{"id":45421,"url":"https:\/\/latribunera.com\/apuntes\/index.php\/2026\/04\/16\/todo-listo-para-la-14va-edicion-de-la-copa-internacional-santos-penoles\/","url_meta":{"origin":5656,"position":2},"title":"Todo listo para la 14va edici\u00f3n de la Copa Internacional Santos Pe\u00f1oles","author":"Jacob Alarcon","date":"16 abril, 2026","format":false,"excerpt":"Este jueves, en el Auditorio Orlegi de Territorio Santos Modelo, se llev\u00f3 a cabo la presentaci\u00f3noficial de la edici\u00f3n 2026 de la Copa Internacional Santos Pe\u00f1oles, torneo que se ha consolidadocomo uno de los m\u00e1s importantes a nivel infantil y juvenil en M\u00e9xico. Adem\u00e1s de brindar una competencia deportiva de\u2026","rel":"","context":"In &quot;Sin categor\u00eda&quot;","block_context":{"text":"Sin categor\u00eda","link":"https:\/\/latribunera.com\/apuntes\/index.php\/category\/sin-categoria\/"},"img":{"alt_text":"","src":"https:\/\/i0.wp.com\/latribunera.com\/apuntes\/wp-content\/uploads\/2026\/04\/Presentacion-Copa-Santos-Penoles.jpg?resize=350%2C200&ssl=1","width":350,"height":200,"srcset":"https:\/\/i0.wp.com\/latribunera.com\/apuntes\/wp-content\/uploads\/2026\/04\/Presentacion-Copa-Santos-Penoles.jpg?resize=350%2C200&ssl=1 1x, https:\/\/i0.wp.com\/latribunera.com\/apuntes\/wp-content\/uploads\/2026\/04\/Presentacion-Copa-Santos-Penoles.jpg?resize=525%2C300&ssl=1 1.5x, https:\/\/i0.wp.com\/latribunera.com\/apuntes\/wp-content\/uploads\/2026\/04\/Presentacion-Copa-Santos-Penoles.jpg?resize=700%2C400&ssl=1 2x, https:\/\/i0.wp.com\/latribunera.com\/apuntes\/wp-content\/uploads\/2026\/04\/Presentacion-Copa-Santos-Penoles.jpg?resize=1050%2C600&ssl=1 3x, https:\/\/i0.wp.com\/latribunera.com\/apuntes\/wp-content\/uploads\/2026\/04\/Presentacion-Copa-Santos-Penoles.jpg?resize=1400%2C800&ssl=1 4x"},"classes":[]}],"jetpack_sharing_enabled":true,"_links":{"self":[{"href":"https:\/\/latribunera.com\/apuntes\/index.php\/wp-json\/wp\/v2\/posts\/5656","targetHints":{"allow":["GET"]}}],"collection":[{"href":"https:\/\/latribunera.com\/apuntes\/index.php\/wp-json\/wp\/v2\/posts"}],"about":[{"href":"https:\/\/latribunera.com\/apuntes\/index.php\/wp-json\/wp\/v2\/types\/post"}],"author":[{"embeddable":true,"href":"https:\/\/latribunera.com\/apuntes\/index.php\/wp-json\/wp\/v2\/users\/2"}],"replies":[{"embeddable":true,"href":"https:\/\/latribunera.com\/apuntes\/index.php\/wp-json\/wp\/v2\/comments?post=5656"}],"version-history":[{"count":6,"href":"https:\/\/latribunera.com\/apuntes\/index.php\/wp-json\/wp\/v2\/posts\/5656\/revisions"}],"predecessor-version":[{"id":5665,"href":"https:\/\/latribunera.com\/apuntes\/index.php\/wp-json\/wp\/v2\/posts\/5656\/revisions\/5665"}],"wp:featuredmedia":[{"embeddable":true,"href":"https:\/\/latribunera.com\/apuntes\/index.php\/wp-json\/wp\/v2\/media\/5645"}],"wp:attachment":[{"href":"https:\/\/latribunera.com\/apuntes\/index.php\/wp-json\/wp\/v2\/media?parent=5656"}],"wp:term":[{"taxonomy":"category","embeddable":true,"href":"https:\/\/latribunera.com\/apuntes\/index.php\/wp-json\/wp\/v2\/categories?post=5656"},{"taxonomy":"post_tag","embeddable":true,"href":"https:\/\/latribunera.com\/apuntes\/index.php\/wp-json\/wp\/v2\/tags?post=5656"}],"curies":[{"name":"wp","href":"https:\/\/api.w.org\/{rel}","templated":true}]}}