{"id":5816,"date":"2020-04-27T17:04:15","date_gmt":"2020-04-27T17:04:15","guid":{"rendered":"https:\/\/latribunera.com\/apuntes\/?p=5816"},"modified":"2020-04-28T00:26:27","modified_gmt":"2020-04-28T00:26:27","slug":"comienza-jornada-6-eliga-mx","status":"publish","type":"post","link":"https:\/\/latribunera.com\/apuntes\/index.php\/2020\/04\/27\/comienza-jornada-6-eliga-mx\/","title":{"rendered":"COMIENZA JORNADA 6. eLIGA MX"},"content":{"rendered":"\n<h2 class=\"wp-block-heading\">UNA PANDILLA CONTUNDENTE<\/h2>\n\n\n\n<figure class=\"wp-block-embed-twitter wp-block-embed is-type-rich is-provider-twitter\"><div class=\"wp-block-embed__wrapper\">\n<blockquote class=\"twitter-tweet\" data-width=\"550\" data-dnt=\"true\"><p lang=\"es\" dir=\"ltr\">\u23f1 | 90\u2019+2 | <a href=\"https:\/\/twitter.com\/hashtag\/MTY?src=hash&amp;ref_src=twsrc%5Etfw\">#MTY<\/a> 3 &#8211; 1 <a href=\"https:\/\/twitter.com\/hashtag\/MOR?src=hash&amp;ref_src=twsrc%5Etfw\">#MOR<\/a><br><br>\u00a1Termina el encuentro en la <a href=\"https:\/\/twitter.com\/hashtag\/CasaRayada?src=hash&amp;ref_src=twsrc%5Etfw\">#CasaRayada<\/a> ! De la mano de <a href=\"https:\/\/twitter.com\/luisCardenas22?ref_src=twsrc%5Etfw\">@LuisCardenas22<\/a>, conseguimos tres puntos m\u00e1s \ud83e\udd29\ud83c\udfae<a href=\"https:\/\/twitter.com\/BBVA_Mex?ref_src=twsrc%5Etfw\">@BBVA_MEX<\/a> presenta el marcador final<br><br>\u00a1VAMOOOS RAYADOS! Seguimos sumando\ud83e\udd20\ud83d\udcaa\ud83c\udffc<a href=\"https:\/\/twitter.com\/hashtag\/EnLaVidaYEnLaCasa?src=hash&amp;ref_src=twsrc%5Etfw\">#EnLaVidaYEnLaCasa<\/a> \ud83c\udfe1\ud83d\udc99\u26aa<a href=\"https:\/\/twitter.com\/hashtag\/TuCasaTuCancha?src=hash&amp;ref_src=twsrc%5Etfw\">#TuCasaTuCancha<\/a> <a href=\"https:\/\/t.co\/WKOesX4Zmp\">pic.twitter.com\/WKOesX4Zmp<\/a><\/p>&mdash; Rayados (desde \ud83c\udfe1) (@Rayados) <a href=\"https:\/\/twitter.com\/Rayados\/status\/1254854102678306816?ref_src=twsrc%5Etfw\">April 27, 2020<\/a><\/blockquote><script async src=\"https:\/\/platform.twitter.com\/widgets.js\" charset=\"utf-8\"><\/script>\n<\/div><\/figure>\n\n\n\n<p>Comienzo de partido, Rayados vs Bravos, comenzaba el partido y r\u00e1pidamente penal a favor de Monterrey que fallaba Luis Cardenas al minuto 11\u2019, golpe duro para la pandilla. <\/p>\n\n\n\n<p>Partido que comenzaba a aumentar de ritmo, minuto 22\u2019 y Bravos respond\u00eda con un cabezazo al poste que preocupaba a parte de la sultana del norte. Pasaban los minutos, y nos daba la sensaci\u00f3n de ser un partido de pocos goles, si es que ninguno.<\/p>\n\n\n\n<p>Contra golpe mort\u00edfero y llegaba el primero del partido, gol de Rayados, 1 a 0 por cortes\u00eda de A. Hurtado que met\u00eda con un disparo en el primer poste del arquero.<\/p>\n\n\n\n<p>Comienzo de la segunda mitad, minuto 48\u2019 y gol de Rayados, Funes Mori se hacia presente en el marcador, situaci\u00f3n adversa para Borelli que se sab\u00eda reponer del golpe y al 54\u2019 anotaba el descuento, 2-1 y ten\u00edamos partido.<\/p>\n\n\n\n<p>10 minutos m\u00e1s tarde y Rayados volv\u00eda a pegar, 3-1 hasta el momento, golpe pesado para Bravos que empezaba a crecer en el juego. Buen gol de Charly Rodriguez.<\/p>\n\n\n\n<p>Pasaban los minutos, y Rayados comenzaba a poner hielo a bal\u00f3n, el juego estaba pr\u00e1cticamente en la bolsa de la pandilla. Lleg\u00e1bamos al fin del partido, victoria del Monterrey que llega a 10 puntos, por su parte, Bravos se queda con 1 punto en el fondo.<\/p>\n\n\n\n<h2 class=\"wp-block-heading\">UN TIGRE RESURGE<\/h2>\n\n\n\n<figure class=\"wp-block-embed-twitter wp-block-embed is-type-rich is-provider-twitter\"><div class=\"wp-block-embed__wrapper\">\n<blockquote class=\"twitter-tweet\" data-width=\"550\" data-dnt=\"true\"><p lang=\"es\" dir=\"ltr\">Termin\u00f3 el partido y estamos de regreso. \ud83d\udc4a\ud83d\udc2f<br><br>\u00a1Ya nos tocaba! \u26bd\ufe0f\ud83d\udd25<a href=\"https:\/\/twitter.com\/hashtag\/EstoEsTigres?src=hash&amp;ref_src=twsrc%5Etfw\">#EstoEsTigres<\/a> \ud83d\udc2f <a href=\"https:\/\/twitter.com\/hashtag\/6DecadasDeTigres?src=hash&amp;ref_src=twsrc%5Etfw\">#6DecadasDeTigres<\/a> \ud83d\udfe1\ud83d\udd35 <a href=\"https:\/\/t.co\/vIiSH4iPPQ\">pic.twitter.com\/vIiSH4iPPQ<\/a><\/p>&mdash; Club Tigres Oficial (en Casa \ud83c\udfe0\ud83d\ude37) (@TigresOficial) <a href=\"https:\/\/twitter.com\/TigresOficial\/status\/1254861787658203137?ref_src=twsrc%5Etfw\">April 27, 2020<\/a><\/blockquote><script async src=\"https:\/\/platform.twitter.com\/widgets.js\" charset=\"utf-8\"><\/script>\n<\/div><\/figure>\n\n\n\n<p>Comienzo del segundo encuentro del d\u00eda, Santos vs Tigres, Minuto 9\u2019 de acciones y llegaba el invitado especial, gol de Tigres, Edu Vargas anotaba el primero.<\/p>\n\n\n\n<p>Un equipo felino totalmente diferente a la primera versi\u00f3n ofrecida por el Tigres de Venegas, minuto 25\u2019 y 2-0 felino, Santos irreconocible por su parte y sin reacci\u00f3n. Termino de la primera mitad, Tigres sale con ventaja ante un Santos de Aguirre inoperante.<\/p>\n\n\n\n<p>Comienzo de la segunda mitad y nada cambiaba en la cancha, minuto 63\u2019 y tercero de Tigres, partido m\u00e1s que finiquitado en el papel, remate de zurda que entraba al \u00e1ngulo para ser un golazo. Partido totalmente de dominio felino, cambio radical de Venegas de 360 grados. Termino de partido y que creen, gol de Tigres, 4-0 cortes\u00eda de Enner Valencia que estaba intratable. Fin del encuentro, Santos pierde la oportunidad de irse al liderato qued\u00e1ndose con 12 puntos, por su parte, Tigres despega un poco y llega a 4 unidades a\u00fan en la parte baja de la tabla pero con signos de vida.<\/p>\n","protected":false},"excerpt":{"rendered":"<p>UNA PANDILLA CONTUNDENTE Comienzo de partido, Rayados vs Bravos, comenzaba el partido y r\u00e1pidamente penal a favor de Monterrey que fallaba Luis Cardenas al minuto 11\u2019, golpe duro para la pandilla. Partido que comenzaba a aumentar de ritmo, minuto 22\u2019 y Bravos respond\u00eda con un cabezazo al poste que preocupaba a parte de la sultana&#8230; <\/p>\n<div class=\"clear\"><\/div>\n<p><a href=\"https:\/\/latribunera.com\/apuntes\/index.php\/2020\/04\/27\/comienza-jornada-6-eliga-mx\/\" class=\"excerpt-read-more\">Read More<i class=\"fa fa-caret-right icon-caret-right\"><\/i><\/a><\/p>\n","protected":false},"author":2,"featured_media":5687,"comment_status":"open","ping_status":"open","sticky":false,"template":"","format":"standard","meta":{"_jetpack_memberships_contains_paid_content":false,"footnotes":""},"categories":[2,1],"tags":[],"class_list":["post-5816","post","type-post","status-publish","format-standard","has-post-thumbnail","hentry","category-futbol-mexicano","category-sin-categoria"],"jetpack_featured_media_url":"https:\/\/latribunera.com\/apuntes\/wp-content\/uploads\/2020\/04\/7653D007-64FD-4802-A6E7-21C43529CE1C.png","jetpack-related-posts":[{"id":45392,"url":"https:\/\/latribunera.com\/apuntes\/index.php\/2026\/04\/09\/se-presento-la-13va-edicion-del-guerreton\/","url_meta":{"origin":5816,"position":0},"title":"Se presento la 13va edici\u00f3n del Guerret\u00f3n.","author":"Staff","date":"9 abril, 2026","format":false,"excerpt":"A lo largo de sus primeras 12 ediciones, Guerret\u00f3n ha logrado recolectar m\u00e1s de 121,500juguetes, peluches y balones, beneficiando a diversas asociaciones e instituciones de laregi\u00f3n lagunera, entre ellas CRIT Durango, los sistemas DIF de distintos municipios, as\u00edcomo organizaciones educativas y asistenciales. A la fecha, se han instalado cuatro ludotecas\u2026","rel":"","context":"In &quot;Ganar Sirviendo&quot;","block_context":{"text":"Ganar Sirviendo","link":"https:\/\/latribunera.com\/apuntes\/index.php\/category\/futbol\/futbol-mexicano\/ganar-sirviendo\/"},"img":{"alt_text":"","src":"https:\/\/i0.wp.com\/latribunera.com\/apuntes\/wp-content\/uploads\/2026\/04\/9Guerreton-2026-2.jpg.jpeg?resize=350%2C200&ssl=1","width":350,"height":200,"srcset":"https:\/\/i0.wp.com\/latribunera.com\/apuntes\/wp-content\/uploads\/2026\/04\/9Guerreton-2026-2.jpg.jpeg?resize=350%2C200&ssl=1 1x, https:\/\/i0.wp.com\/latribunera.com\/apuntes\/wp-content\/uploads\/2026\/04\/9Guerreton-2026-2.jpg.jpeg?resize=525%2C300&ssl=1 1.5x, https:\/\/i0.wp.com\/latribunera.com\/apuntes\/wp-content\/uploads\/2026\/04\/9Guerreton-2026-2.jpg.jpeg?resize=700%2C400&ssl=1 2x, https:\/\/i0.wp.com\/latribunera.com\/apuntes\/wp-content\/uploads\/2026\/04\/9Guerreton-2026-2.jpg.jpeg?resize=1050%2C600&ssl=1 3x, https:\/\/i0.wp.com\/latribunera.com\/apuntes\/wp-content\/uploads\/2026\/04\/9Guerreton-2026-2.jpg.jpeg?resize=1400%2C800&ssl=1 4x"},"classes":[]},{"id":45386,"url":"https:\/\/latribunera.com\/apuntes\/index.php\/2026\/03\/11\/santos-launa-impulsa-mejoras-en-la-infraestructura-de-tsm-y-estadio-corona\/","url_meta":{"origin":5816,"position":1},"title":"Santos Laguna impulsa mejoras en la infraestructura de TSM y Estadio Corona","author":"Jacob Alarcon","date":"11 marzo, 2026","format":false,"excerpt":"Club Santos Laguna lleva a cabo una serie de reformas y mejoras en la infraestructura de TerritorioSantos Modelo y del Estadio Corona, con el objetivo de impulsar la innovaci\u00f3n tecnol\u00f3gica, lasostenibilidad y la modernizaci\u00f3n de sus espacios.Con estas acciones, el club contin\u00faa fortaleciendo la experiencia de sus aficionados yactualizando sus\u2026","rel":"","context":"In &quot;Pasi\u00f3n Guerrera&quot;","block_context":{"text":"Pasi\u00f3n Guerrera","link":"https:\/\/latribunera.com\/apuntes\/index.php\/category\/tribus\/pasionguerrera\/"},"img":{"alt_text":"","src":"https:\/\/i0.wp.com\/latribunera.com\/apuntes\/wp-content\/uploads\/2026\/03\/Renovacion-TSM.jpg?resize=350%2C200&ssl=1","width":350,"height":200,"srcset":"https:\/\/i0.wp.com\/latribunera.com\/apuntes\/wp-content\/uploads\/2026\/03\/Renovacion-TSM.jpg?resize=350%2C200&ssl=1 1x, https:\/\/i0.wp.com\/latribunera.com\/apuntes\/wp-content\/uploads\/2026\/03\/Renovacion-TSM.jpg?resize=525%2C300&ssl=1 1.5x, https:\/\/i0.wp.com\/latribunera.com\/apuntes\/wp-content\/uploads\/2026\/03\/Renovacion-TSM.jpg?resize=700%2C400&ssl=1 2x, https:\/\/i0.wp.com\/latribunera.com\/apuntes\/wp-content\/uploads\/2026\/03\/Renovacion-TSM.jpg?resize=1050%2C600&ssl=1 3x, https:\/\/i0.wp.com\/latribunera.com\/apuntes\/wp-content\/uploads\/2026\/03\/Renovacion-TSM.jpg?resize=1400%2C800&ssl=1 4x"},"classes":[]},{"id":45421,"url":"https:\/\/latribunera.com\/apuntes\/index.php\/2026\/04\/16\/todo-listo-para-la-14va-edicion-de-la-copa-internacional-santos-penoles\/","url_meta":{"origin":5816,"position":2},"title":"Todo listo para la 14va edici\u00f3n de la Copa Internacional Santos Pe\u00f1oles","author":"Jacob Alarcon","date":"16 abril, 2026","format":false,"excerpt":"Este jueves, en el Auditorio Orlegi de Territorio Santos Modelo, se llev\u00f3 a cabo la presentaci\u00f3noficial de la edici\u00f3n 2026 de la Copa Internacional Santos Pe\u00f1oles, torneo que se ha consolidadocomo uno de los m\u00e1s importantes a nivel infantil y juvenil en M\u00e9xico. Adem\u00e1s de brindar una competencia deportiva de\u2026","rel":"","context":"In &quot;Sin categor\u00eda&quot;","block_context":{"text":"Sin categor\u00eda","link":"https:\/\/latribunera.com\/apuntes\/index.php\/category\/sin-categoria\/"},"img":{"alt_text":"","src":"https:\/\/i0.wp.com\/latribunera.com\/apuntes\/wp-content\/uploads\/2026\/04\/Presentacion-Copa-Santos-Penoles.jpg?resize=350%2C200&ssl=1","width":350,"height":200,"srcset":"https:\/\/i0.wp.com\/latribunera.com\/apuntes\/wp-content\/uploads\/2026\/04\/Presentacion-Copa-Santos-Penoles.jpg?resize=350%2C200&ssl=1 1x, https:\/\/i0.wp.com\/latribunera.com\/apuntes\/wp-content\/uploads\/2026\/04\/Presentacion-Copa-Santos-Penoles.jpg?resize=525%2C300&ssl=1 1.5x, https:\/\/i0.wp.com\/latribunera.com\/apuntes\/wp-content\/uploads\/2026\/04\/Presentacion-Copa-Santos-Penoles.jpg?resize=700%2C400&ssl=1 2x, https:\/\/i0.wp.com\/latribunera.com\/apuntes\/wp-content\/uploads\/2026\/04\/Presentacion-Copa-Santos-Penoles.jpg?resize=1050%2C600&ssl=1 3x, https:\/\/i0.wp.com\/latribunera.com\/apuntes\/wp-content\/uploads\/2026\/04\/Presentacion-Copa-Santos-Penoles.jpg?resize=1400%2C800&ssl=1 4x"},"classes":[]}],"jetpack_sharing_enabled":true,"_links":{"self":[{"href":"https:\/\/latribunera.com\/apuntes\/index.php\/wp-json\/wp\/v2\/posts\/5816","targetHints":{"allow":["GET"]}}],"collection":[{"href":"https:\/\/latribunera.com\/apuntes\/index.php\/wp-json\/wp\/v2\/posts"}],"about":[{"href":"https:\/\/latribunera.com\/apuntes\/index.php\/wp-json\/wp\/v2\/types\/post"}],"author":[{"embeddable":true,"href":"https:\/\/latribunera.com\/apuntes\/index.php\/wp-json\/wp\/v2\/users\/2"}],"replies":[{"embeddable":true,"href":"https:\/\/latribunera.com\/apuntes\/index.php\/wp-json\/wp\/v2\/comments?post=5816"}],"version-history":[{"count":10,"href":"https:\/\/latribunera.com\/apuntes\/index.php\/wp-json\/wp\/v2\/posts\/5816\/revisions"}],"predecessor-version":[{"id":5834,"href":"https:\/\/latribunera.com\/apuntes\/index.php\/wp-json\/wp\/v2\/posts\/5816\/revisions\/5834"}],"wp:featuredmedia":[{"embeddable":true,"href":"https:\/\/latribunera.com\/apuntes\/index.php\/wp-json\/wp\/v2\/media\/5687"}],"wp:attachment":[{"href":"https:\/\/latribunera.com\/apuntes\/index.php\/wp-json\/wp\/v2\/media?parent=5816"}],"wp:term":[{"taxonomy":"category","embeddable":true,"href":"https:\/\/latribunera.com\/apuntes\/index.php\/wp-json\/wp\/v2\/categories?post=5816"},{"taxonomy":"post_tag","embeddable":true,"href":"https:\/\/latribunera.com\/apuntes\/index.php\/wp-json\/wp\/v2\/tags?post=5816"}],"curies":[{"name":"wp","href":"https:\/\/api.w.org\/{rel}","templated":true}]}}