{"id":5871,"date":"2020-05-02T19:18:06","date_gmt":"2020-05-02T19:18:06","guid":{"rendered":"https:\/\/latribunera.com\/apuntes\/?p=5871"},"modified":"2020-05-03T00:53:42","modified_gmt":"2020-05-03T00:53:42","slug":"5871","status":"publish","type":"post","link":"https:\/\/latribunera.com\/apuntes\/index.php\/2020\/05\/02\/5871\/","title":{"rendered":"CONTIN\u00daA JORNADA 7. eLIGA MX"},"content":{"rendered":"\n<h2 class=\"wp-block-heading\">REMONTADA MONARCA<\/h2>\n\n\n\n<figure class=\"wp-block-embed-twitter wp-block-embed is-type-rich is-provider-twitter\"><div class=\"wp-block-embed__wrapper\">\n<blockquote class=\"twitter-tweet\" data-width=\"550\" data-dnt=\"true\"><p lang=\"es\" dir=\"ltr\">Cuando busques &#39;Partidazo&#39; en la <a href=\"https:\/\/twitter.com\/RAEinforma?ref_src=twsrc%5Etfw\">@RAEinforma<\/a>, salen los goles de esta victoria, \u00a1GANAMOS HIJOS DE JUAN COLORADO! \u2764\ufe0f\ud83d\udc9b\u2764\ufe0f\ud83d\udc9b <a href=\"https:\/\/t.co\/JntBfI96Y0\">pic.twitter.com\/JntBfI96Y0<\/a><\/p>&mdash; Monarcas Morelia (@FuerzaMonarca) <a href=\"https:\/\/twitter.com\/FuerzaMonarca\/status\/1256668538363883521?ref_src=twsrc%5Etfw\">May 2, 2020<\/a><\/blockquote><script async src=\"https:\/\/platform.twitter.com\/widgets.js\" charset=\"utf-8\"><\/script>\n<\/div><\/figure>\n\n\n\n<p>Comenzaba el partido, Pumas vs Morelia, arrancaba el primer juego del d\u00eda, los universitarios antes del 15\u2019 lo ganaban 2 a 0 con una actuaci\u00f3n contundente de J.P Vig\u00f3n, Parec\u00eda que todo era un partido de tr\u00e1mite cuando los Monarcas anotaban el descuento al 43\u2019 con un disparo cruzado que se colaba a la porter\u00eda.<\/p>\n\n\n\n<p>Inicio de segunda mitad que era pospuesto unos minutos por problemas de conexi\u00f3n, partido que cambiaba totalmente de tono, Morelia empezaba a dominar las acciones y jugando al filo de la navaja, al minuto 67\u2019 ve\u00edan su recompensa, 2-2, tablas en el marcador. Pumas no sent\u00eda el golpe an\u00edmico, 3 minutos despu\u00e9s y llegaba el 3-2 al marcador despu\u00e9s de 3 disparos seguidos fallados por universidad. Ten\u00edamos partido, parece ser que el paro de acciones modificaba todo. A los 5 minutos de la remontaba unamita, llegaba un golazo de los dirigidos por Malag\u00f3n por v\u00eda tiro libre, que partido se\u00f1oras y se\u00f1ores, impresionante el ritmo que hab\u00eda, esto no acababa y Morelia volv\u00eda a remontar el marcador, llegaba el t\u00e9rmino del partido, Monarcas se impon\u00eda 4-3 a un Pumas que baj\u00f3 su nivel y se vio afectado en el marcador. Con esto Monarcas se posiciona en la 9na posici\u00f3n con 12 puntos, mientras Pumas est\u00e1 en la 10ma con 9.<\/p>\n\n\n\n<h2 class=\"wp-block-heading\">FIERA MANDONA<\/h2>\n\n\n\n<figure class=\"wp-block-embed-twitter wp-block-embed is-type-rich is-provider-twitter\"><div class=\"wp-block-embed__wrapper\">\n<blockquote class=\"twitter-tweet\" data-width=\"550\" data-dnt=\"true\"><p lang=\"es\" dir=\"ltr\">\u00a1TERMINA EL PARTIDO! \ud83c\udfae<br><br>LO GANA <a href=\"https:\/\/twitter.com\/hashtag\/NICKILLER?src=hash&amp;ref_src=twsrc%5Etfw\">#NICKILLER<\/a> \ud83d\ude45\ud83c\udffb\u200d\u2642\ufe0f, LO GANA LA eFIERA \ud83e\udd81.<br><br>Presentado por <a href=\"https:\/\/twitter.com\/Telcel?ref_src=twsrc%5Etfw\">@Telcel<\/a>.<a href=\"https:\/\/twitter.com\/hashtag\/SeJuega?src=hash&amp;ref_src=twsrc%5Etfw\">#SeJuega<\/a> \ud83c\udfae<a href=\"https:\/\/twitter.com\/hashtag\/TuCasaTuCancha?src=hash&amp;ref_src=twsrc%5Etfw\">#TuCasaTuCancha<\/a> \ud83c\uddf2\ud83c\uddfd <a href=\"https:\/\/t.co\/s7zTbe3NVw\">pic.twitter.com\/s7zTbe3NVw<\/a><\/p>&mdash; #JugamosEnCasa \ud83c\udfe0 (@clubleonfc) <a href=\"https:\/\/twitter.com\/clubleonfc\/status\/1256675346646208513?ref_src=twsrc%5Etfw\">May 2, 2020<\/a><\/blockquote><script async src=\"https:\/\/platform.twitter.com\/widgets.js\" charset=\"utf-8\"><\/script>\n<\/div><\/figure>\n\n\n\n<p>Comienzo del segundo partido del d\u00eda, Le\u00f3n vs Necaxa, el L\u00edder comenzaba haciendo honor a su nombre, minuto 15\u2019 y 1-0 al marcador. 7 minutos despu\u00e9s y ten\u00edamos m\u00e1s, minuto 22\u2019 y se pon\u00edan las tablas al marcador, 1-1 que empataban los dirigidos por Necaxa. Que partido ten\u00edamos, minuto 28\u2019 y la fiera volv\u00eda a pegar, 2-1 que anotaba Campbell con un golazo, este era un se\u00f1or partido, intercambio de golpes por ambos bandos. Minutos antes para irnos al descanso y llegaba un golazo de tiro libre del Le\u00f3n, cortes\u00eda de \u00c1ngel Mena, el encuentro se pon\u00eda 3 a 1, Nico Sosa apretaba el acelerador y enseguida ve\u00edamos la diferencia.<\/p>\n\n\n\n<p>Arranque de segunda parte, minuto 51\u2019 y gol de Le\u00f3n, Campbell se hac\u00eda presente de nuevo con una jugada de vaselina, partido m\u00e1s que sentenciado en el papel, Necaxa sin respuesta y un  Le\u00f3n que quer\u00eda mas, consegu\u00eda el 5to al minuto 74\u2019, partido finiquitado, mero tr\u00e1mite para la fiera, por su parte, Necaxa con un juego gris, parec\u00eda querer evitar una mayor goleada que el intentar empatar el encuentro. Terminaba el partido, recital de la fiera que se afianza en primer lugar con 19 unidades mientras Necaxa est\u00e1 en el decimotercer pelda\u00f1o con 6 puntos.<\/p>\n\n\n\n<h2 class=\"wp-block-heading\">RECITAL RAYADO<\/h2>\n\n\n\n<figure class=\"wp-block-embed-twitter wp-block-embed is-type-rich is-provider-twitter\"><div class=\"wp-block-embed__wrapper\">\n<blockquote class=\"twitter-tweet\" data-width=\"550\" data-dnt=\"true\"><p lang=\"es\" dir=\"ltr\">\u23f1 | 90\u2019+2 | FINAL | <a href=\"https:\/\/twitter.com\/hashtag\/MTY?src=hash&amp;ref_src=twsrc%5Etfw\">#MTY<\/a> 4 &#8211; 1 <a href=\"https:\/\/twitter.com\/hashtag\/AME?src=hash&amp;ref_src=twsrc%5Etfw\">#AME<\/a><br><br>\u00a1Termina el encuentro de la s\u00e9ptima jornada! De la mano de <a href=\"https:\/\/twitter.com\/Ericcantug?ref_src=twsrc%5Etfw\">@Ericcantug<\/a>, conseguimos tres puntos m\u00e1s \ud83e\udd20\ud83c\udfae \u00a1Estamos en zona de clasificaci\u00f3n!<a href=\"https:\/\/twitter.com\/BBVA_Mex?ref_src=twsrc%5Etfw\">@BBVA_MEX<\/a> presenta el marcador final.\u2070<br><br>\u00a1ARRIBA EL MONTERREY! \ud83d\udde3<a href=\"https:\/\/twitter.com\/hashtag\/TuCasaTuCancha?src=hash&amp;ref_src=twsrc%5Etfw\">#TuCasaTuCancha<\/a><a href=\"https:\/\/twitter.com\/hashtag\/EnLaVidaYEnLaCasa?src=hash&amp;ref_src=twsrc%5Etfw\">#EnLaVidaYEnLaCasa<\/a> <a href=\"https:\/\/t.co\/8c2RAXJRKQ\">pic.twitter.com\/8c2RAXJRKQ<\/a><\/p>&mdash; Rayados (desde \ud83c\udfe1) (@Rayados) <a href=\"https:\/\/twitter.com\/Rayados\/status\/1256744587688849408?ref_src=twsrc%5Etfw\">May 3, 2020<\/a><\/blockquote><script async src=\"https:\/\/platform.twitter.com\/widgets.js\" charset=\"utf-8\"><\/script>\n<\/div><\/figure>\n\n\n\n<p>Comienzo del \u00faltimo partido del d\u00eda, partido que comenzaba electrizante con un gol de Rogelio Funes Mori al 7\u2019, Benedetti no se quedaba atr\u00e1s, empezaba a manejar el partido poco a poco hasta conseguir el empate v\u00eda Gio Dos Santos con el que pon\u00eda las tablas al marcador 1 a 1. Se equilibraban las acciones y terminaba el primer tiempo con sabor a que tendremos mucho m\u00e1s en el segundo.<\/p>\n\n\n\n<p>Comenzaba el segundo tiempo, ida y vuelta incesante, trazos largos, balones filtrados, oportunidades cercanas que terminaban en el \u00e1rea chica, ten\u00edamos un buen partido, llegaba el minuto 65\u2019 y gol de A. Hurtado despu\u00e9s de que Guillermo Ochoa soltar\u00e1 un bal\u00f3n que \u201cAvi\u201d aprovechar\u00eda.<\/p>\n\n\n\n<p>El partido empezaba a subir de nivel conforme avanzaba, el mejor partido de la jornada al momento. Minuto 80\u2019 y gol lapidario, gol de la pandilla que concretaba con un 3 a 1 con calidad por v\u00eda de V. Janssen, se comenzaba a terminar el partido, y faltaba otro gol, llegaba el 4to de Rayados con un doblete de A. Hurtado despu\u00e9s de cabecear un gran centro. Fin de partido, Rayados llega al 5to puesto con 13 puntos, mientras el \u00c1merica est\u00e1 en 8vo con 12 unidades.<\/p>\n","protected":false},"excerpt":{"rendered":"<p>REMONTADA MONARCA Comenzaba el partido, Pumas vs Morelia, arrancaba el primer juego del d\u00eda, los universitarios antes del 15\u2019 lo ganaban 2 a 0 con una actuaci\u00f3n contundente de J.P Vig\u00f3n, Parec\u00eda que todo era un partido de tr\u00e1mite cuando los Monarcas anotaban el descuento al 43\u2019 con un disparo cruzado que se colaba a&#8230; <\/p>\n<div class=\"clear\"><\/div>\n<p><a href=\"https:\/\/latribunera.com\/apuntes\/index.php\/2020\/05\/02\/5871\/\" class=\"excerpt-read-more\">Read More<i class=\"fa fa-caret-right icon-caret-right\"><\/i><\/a><\/p>\n","protected":false},"author":2,"featured_media":5696,"comment_status":"open","ping_status":"open","sticky":false,"template":"","format":"standard","meta":{"_jetpack_memberships_contains_paid_content":false,"footnotes":""},"categories":[2,1],"tags":[],"class_list":["post-5871","post","type-post","status-publish","format-standard","has-post-thumbnail","hentry","category-futbol-mexicano","category-sin-categoria"],"jetpack_featured_media_url":"https:\/\/latribunera.com\/apuntes\/wp-content\/uploads\/2020\/04\/AA7FB785-A56F-4D9B-871E-73C02CDAA31E.png","jetpack-related-posts":[{"id":45386,"url":"https:\/\/latribunera.com\/apuntes\/index.php\/2026\/03\/11\/santos-launa-impulsa-mejoras-en-la-infraestructura-de-tsm-y-estadio-corona\/","url_meta":{"origin":5871,"position":0},"title":"Santos Laguna impulsa mejoras en la infraestructura de TSM y Estadio Corona","author":"Jacob Alarcon","date":"11 marzo, 2026","format":false,"excerpt":"Club Santos Laguna lleva a cabo una serie de reformas y mejoras en la infraestructura de TerritorioSantos Modelo y del Estadio Corona, con el objetivo de impulsar la innovaci\u00f3n tecnol\u00f3gica, lasostenibilidad y la modernizaci\u00f3n de sus espacios.Con estas acciones, el club contin\u00faa fortaleciendo la experiencia de sus aficionados yactualizando sus\u2026","rel":"","context":"In &quot;Pasi\u00f3n Guerrera&quot;","block_context":{"text":"Pasi\u00f3n Guerrera","link":"https:\/\/latribunera.com\/apuntes\/index.php\/category\/tribus\/pasionguerrera\/"},"img":{"alt_text":"","src":"https:\/\/i0.wp.com\/latribunera.com\/apuntes\/wp-content\/uploads\/2026\/03\/Renovacion-TSM.jpg?resize=350%2C200&ssl=1","width":350,"height":200,"srcset":"https:\/\/i0.wp.com\/latribunera.com\/apuntes\/wp-content\/uploads\/2026\/03\/Renovacion-TSM.jpg?resize=350%2C200&ssl=1 1x, https:\/\/i0.wp.com\/latribunera.com\/apuntes\/wp-content\/uploads\/2026\/03\/Renovacion-TSM.jpg?resize=525%2C300&ssl=1 1.5x, https:\/\/i0.wp.com\/latribunera.com\/apuntes\/wp-content\/uploads\/2026\/03\/Renovacion-TSM.jpg?resize=700%2C400&ssl=1 2x, https:\/\/i0.wp.com\/latribunera.com\/apuntes\/wp-content\/uploads\/2026\/03\/Renovacion-TSM.jpg?resize=1050%2C600&ssl=1 3x, https:\/\/i0.wp.com\/latribunera.com\/apuntes\/wp-content\/uploads\/2026\/03\/Renovacion-TSM.jpg?resize=1400%2C800&ssl=1 4x"},"classes":[]},{"id":45392,"url":"https:\/\/latribunera.com\/apuntes\/index.php\/2026\/04\/09\/se-presento-la-13va-edicion-del-guerreton\/","url_meta":{"origin":5871,"position":1},"title":"Se presento la 13va edici\u00f3n del Guerret\u00f3n.","author":"Staff","date":"9 abril, 2026","format":false,"excerpt":"A lo largo de sus primeras 12 ediciones, Guerret\u00f3n ha logrado recolectar m\u00e1s de 121,500juguetes, peluches y balones, beneficiando a diversas asociaciones e instituciones de laregi\u00f3n lagunera, entre ellas CRIT Durango, los sistemas DIF de distintos municipios, as\u00edcomo organizaciones educativas y asistenciales. A la fecha, se han instalado cuatro ludotecas\u2026","rel":"","context":"In &quot;Ganar Sirviendo&quot;","block_context":{"text":"Ganar Sirviendo","link":"https:\/\/latribunera.com\/apuntes\/index.php\/category\/futbol\/futbol-mexicano\/ganar-sirviendo\/"},"img":{"alt_text":"","src":"https:\/\/i0.wp.com\/latribunera.com\/apuntes\/wp-content\/uploads\/2026\/04\/9Guerreton-2026-2.jpg.jpeg?resize=350%2C200&ssl=1","width":350,"height":200,"srcset":"https:\/\/i0.wp.com\/latribunera.com\/apuntes\/wp-content\/uploads\/2026\/04\/9Guerreton-2026-2.jpg.jpeg?resize=350%2C200&ssl=1 1x, https:\/\/i0.wp.com\/latribunera.com\/apuntes\/wp-content\/uploads\/2026\/04\/9Guerreton-2026-2.jpg.jpeg?resize=525%2C300&ssl=1 1.5x, https:\/\/i0.wp.com\/latribunera.com\/apuntes\/wp-content\/uploads\/2026\/04\/9Guerreton-2026-2.jpg.jpeg?resize=700%2C400&ssl=1 2x, https:\/\/i0.wp.com\/latribunera.com\/apuntes\/wp-content\/uploads\/2026\/04\/9Guerreton-2026-2.jpg.jpeg?resize=1050%2C600&ssl=1 3x, https:\/\/i0.wp.com\/latribunera.com\/apuntes\/wp-content\/uploads\/2026\/04\/9Guerreton-2026-2.jpg.jpeg?resize=1400%2C800&ssl=1 4x"},"classes":[]},{"id":45421,"url":"https:\/\/latribunera.com\/apuntes\/index.php\/2026\/04\/16\/todo-listo-para-la-14va-edicion-de-la-copa-internacional-santos-penoles\/","url_meta":{"origin":5871,"position":2},"title":"Todo listo para la 14va edici\u00f3n de la Copa Internacional Santos Pe\u00f1oles","author":"Jacob Alarcon","date":"16 abril, 2026","format":false,"excerpt":"Este jueves, en el Auditorio Orlegi de Territorio Santos Modelo, se llev\u00f3 a cabo la presentaci\u00f3noficial de la edici\u00f3n 2026 de la Copa Internacional Santos Pe\u00f1oles, torneo que se ha consolidadocomo uno de los m\u00e1s importantes a nivel infantil y juvenil en M\u00e9xico. Adem\u00e1s de brindar una competencia deportiva de\u2026","rel":"","context":"In &quot;Sin categor\u00eda&quot;","block_context":{"text":"Sin categor\u00eda","link":"https:\/\/latribunera.com\/apuntes\/index.php\/category\/sin-categoria\/"},"img":{"alt_text":"","src":"https:\/\/i0.wp.com\/latribunera.com\/apuntes\/wp-content\/uploads\/2026\/04\/Presentacion-Copa-Santos-Penoles.jpg?resize=350%2C200&ssl=1","width":350,"height":200,"srcset":"https:\/\/i0.wp.com\/latribunera.com\/apuntes\/wp-content\/uploads\/2026\/04\/Presentacion-Copa-Santos-Penoles.jpg?resize=350%2C200&ssl=1 1x, https:\/\/i0.wp.com\/latribunera.com\/apuntes\/wp-content\/uploads\/2026\/04\/Presentacion-Copa-Santos-Penoles.jpg?resize=525%2C300&ssl=1 1.5x, https:\/\/i0.wp.com\/latribunera.com\/apuntes\/wp-content\/uploads\/2026\/04\/Presentacion-Copa-Santos-Penoles.jpg?resize=700%2C400&ssl=1 2x, https:\/\/i0.wp.com\/latribunera.com\/apuntes\/wp-content\/uploads\/2026\/04\/Presentacion-Copa-Santos-Penoles.jpg?resize=1050%2C600&ssl=1 3x, https:\/\/i0.wp.com\/latribunera.com\/apuntes\/wp-content\/uploads\/2026\/04\/Presentacion-Copa-Santos-Penoles.jpg?resize=1400%2C800&ssl=1 4x"},"classes":[]}],"jetpack_sharing_enabled":true,"_links":{"self":[{"href":"https:\/\/latribunera.com\/apuntes\/index.php\/wp-json\/wp\/v2\/posts\/5871","targetHints":{"allow":["GET"]}}],"collection":[{"href":"https:\/\/latribunera.com\/apuntes\/index.php\/wp-json\/wp\/v2\/posts"}],"about":[{"href":"https:\/\/latribunera.com\/apuntes\/index.php\/wp-json\/wp\/v2\/types\/post"}],"author":[{"embeddable":true,"href":"https:\/\/latribunera.com\/apuntes\/index.php\/wp-json\/wp\/v2\/users\/2"}],"replies":[{"embeddable":true,"href":"https:\/\/latribunera.com\/apuntes\/index.php\/wp-json\/wp\/v2\/comments?post=5871"}],"version-history":[{"count":10,"href":"https:\/\/latribunera.com\/apuntes\/index.php\/wp-json\/wp\/v2\/posts\/5871\/revisions"}],"predecessor-version":[{"id":5899,"href":"https:\/\/latribunera.com\/apuntes\/index.php\/wp-json\/wp\/v2\/posts\/5871\/revisions\/5899"}],"wp:featuredmedia":[{"embeddable":true,"href":"https:\/\/latribunera.com\/apuntes\/index.php\/wp-json\/wp\/v2\/media\/5696"}],"wp:attachment":[{"href":"https:\/\/latribunera.com\/apuntes\/index.php\/wp-json\/wp\/v2\/media?parent=5871"}],"wp:term":[{"taxonomy":"category","embeddable":true,"href":"https:\/\/latribunera.com\/apuntes\/index.php\/wp-json\/wp\/v2\/categories?post=5871"},{"taxonomy":"post_tag","embeddable":true,"href":"https:\/\/latribunera.com\/apuntes\/index.php\/wp-json\/wp\/v2\/tags?post=5871"}],"curies":[{"name":"wp","href":"https:\/\/api.w.org\/{rel}","templated":true}]}}