{"id":5904,"date":"2020-05-04T19:35:48","date_gmt":"2020-05-04T19:35:48","guid":{"rendered":"https:\/\/latribunera.com\/apuntes\/?p=5904"},"modified":"2020-05-05T00:24:12","modified_gmt":"2020-05-05T00:24:12","slug":"comienza-jornada-8-eliga-mx","status":"publish","type":"post","link":"https:\/\/latribunera.com\/apuntes\/index.php\/2020\/05\/04\/comienza-jornada-8-eliga-mx\/","title":{"rendered":"COMIENZA JORNADA 8. eLIGA MX"},"content":{"rendered":"\n<h2 class=\"wp-block-heading\">TUZA GOLEADA<\/h2>\n\n\n\n<figure class=\"wp-block-embed-twitter wp-block-embed is-type-rich is-provider-twitter\"><div class=\"wp-block-embed__wrapper\">\n<blockquote class=\"twitter-tweet\" data-width=\"550\" data-dnt=\"true\"><p lang=\"es\" dir=\"ltr\">\u23f1\ufe0f MF \ud83d\udc99 PACHUCA 3\ud83c\udd9a0 Quer\u00e9taro \ud83d\udc13<br><br>\u00a1Y la cuenta la cerr\u00f3 el &#39;Jinete&#39; Franco Jara, para poner el 3-0 definitivo y darle los 3 puntos a los Tuzos para llegar a 15 unidades en la <a href=\"https:\/\/twitter.com\/hashtag\/eLigaMX?src=hash&amp;ref_src=twsrc%5Etfw\">#eLigaMX<\/a>!<a href=\"https:\/\/twitter.com\/hashtag\/Qu%C3%A9dateEnCasa?src=hash&amp;ref_src=twsrc%5Etfw\">#Qu\u00e9dateEnCasa<\/a> <a href=\"https:\/\/twitter.com\/hashtag\/SienteTuLiga?src=hash&amp;ref_src=twsrc%5Etfw\">#SienteTuLiga<\/a><a href=\"https:\/\/twitter.com\/hashtag\/J8eLigaMX?src=hash&amp;ref_src=twsrc%5Etfw\">#J8eLigaMX<\/a> \u26bd\ud83c\udfae <a href=\"https:\/\/twitter.com\/hashtag\/TuCasaTuCancha?src=hash&amp;ref_src=twsrc%5Etfw\">#TuCasaTuCancha<\/a><a href=\"https:\/\/twitter.com\/hashtag\/TeJuroQueTeAmo?src=hash&amp;ref_src=twsrc%5Etfw\">#TeJuroQueTeAmo<\/a> <a href=\"https:\/\/twitter.com\/hashtag\/El%C3%9AnicoEnMi?src=hash&amp;ref_src=twsrc%5Etfw\">#El\u00danicoEnMi<\/a>\ud83d\udc99 <a href=\"https:\/\/t.co\/ssCxNG6AkV\">pic.twitter.com\/ssCxNG6AkV<\/a><\/p>&mdash; Club Pachuca (desde \ud83c\udfe1\ud83c\udfae) (@Tuzos) <a href=\"https:\/\/twitter.com\/Tuzos\/status\/1257426910231003136?ref_src=twsrc%5Etfw\">May 4, 2020<\/a><\/blockquote><script async src=\"https:\/\/platform.twitter.com\/widgets.js\" charset=\"utf-8\"><\/script>\n<\/div><\/figure>\n\n\n\n<p>Comienzo del primer partido del d\u00eda, 2 equipos que no han venido teniendo un buen rendimiento en lo que va del torneo, Pachuca vs Quer\u00e9taro. Partido con un arranque tibio, lento e impreciso. Llegaba el minuto 33\u2019 y ten\u00edamos gol, cortes\u00eda de Pachuca que se adelantaba y que 7 minutos mas tarde volver\u00eda a pegar de nuevo para que tengamos el 2-0 antes del descanso.<\/p>\n\n\n\n<p>Inicio de la parte complementaria, minuto 50\u2019 y ten\u00edamos gol de vestidor, 3 a 0 zapatero que se colaba a la porter\u00eda de los dirigidos por Jimmy G\u00f3mez. Partido mas que finiquitado r\u00e1pidamente, Quer\u00e9taro no presentaba reacci\u00f3n alguna en el partido, transcurr\u00edan los minutos y un Pachuca con oficio empezaba a enfriar el bal\u00f3n para dejar sin opciones de por lo menos un gol. Con este resultado, Pachuca con esta victoria llega a 15 puntos en la 4ta posici\u00f3n, por su parte, Quer\u00e9taro se queda en la 16va con solo 3 puntos de 24 posibles, muy mala campa\u00f1a para los gallos.<\/p>\n\n\n\n<h2 class=\"wp-block-heading\">CAMOTE PULVERIZADO<\/h2>\n\n\n\n<figure class=\"wp-block-embed-twitter wp-block-embed is-type-rich is-provider-twitter\"><div class=\"wp-block-embed__wrapper\">\n<blockquote class=\"twitter-tweet\" data-width=\"550\" data-dnt=\"true\"><p lang=\"es\" dir=\"ltr\">Bueno, se cuidan, BAI\ud83d\ude2a\ud83e\udd37\u200d\u2642\ufe0f<a href=\"https:\/\/twitter.com\/hashtag\/LaFranjaQueNosUne?src=hash&amp;ref_src=twsrc%5Etfw\">#LaFranjaQueNosUne<\/a>\ud83c\udfbd <a href=\"https:\/\/t.co\/Ll3KIs0QiM\">pic.twitter.com\/Ll3KIs0QiM<\/a><\/p>&mdash; eClub ePuebla\ud83c\udfbd (@ClubPueblaMX) <a href=\"https:\/\/twitter.com\/ClubPueblaMX\/status\/1257398625006768128?ref_src=twsrc%5Etfw\">May 4, 2020<\/a><\/blockquote><script async src=\"https:\/\/platform.twitter.com\/widgets.js\" charset=\"utf-8\"><\/script>\n<\/div><\/figure>\n\n\n\n<p>Comienzo del segundo partido del d\u00eda, Xolos contra Puebla, otro partido de equipos que necesitan mejorar si quieren entrar a la fiesta grande. El invitado especial no se hacia esperar, gol de Xolos al minuto 15\u2019 con un golazo al \u00e1ngulo, que manera de empezar el encuentro.<\/p>\n\n\n\n<p>Puebla empezaba a reaccionar, su toque de bal\u00f3n empezaba a hacerse notar m\u00e1s y m\u00e1s. Lleg\u00e1bamos al fin del primer tiempo, las jugadas de gol fueron escasas, oportunidad aprovechada por Xolos ante la escasez para ir ganando en el marcador.<\/p>\n\n\n\n<p>Termino y comienzo del segundo tiempo del partido, al minuto 49\u2019 llegaba el puebla en busca de su primer gol del partido. 20 minutos despu\u00e9s llegar\u00eda el 2do de los fronterizos con un gol de cabeza al estilo de Jared Borgetti que empezaba a encaminar el partido. Xolos ten\u00eda el partido en la bolsa, dominio total del partido. Minuto 90+1\u2019 de acciones, \u00faltimo clavo al ata\u00fad del Puebla, 3 a 0 para Xolos que busc\u00f3 ganar el partido en busca de los 3 puntos, con esto, el equipo de la frontera llega a 8 puntos en la 12ma posici\u00f3n, por otro lado, Puebla despu\u00e9s de un buen inicio, baja a la 13ra posici\u00f3n, hilvanando derrotas consecutivas.<\/p>\n","protected":false},"excerpt":{"rendered":"<p>TUZA GOLEADA Comienzo del primer partido del d\u00eda, 2 equipos que no han venido teniendo un buen rendimiento en lo que va del torneo, Pachuca vs Quer\u00e9taro. Partido con un arranque tibio, lento e impreciso. Llegaba el minuto 33\u2019 y ten\u00edamos gol, cortes\u00eda de Pachuca que se adelantaba y que 7 minutos mas tarde volver\u00eda&#8230; <\/p>\n<div class=\"clear\"><\/div>\n<p><a href=\"https:\/\/latribunera.com\/apuntes\/index.php\/2020\/05\/04\/comienza-jornada-8-eliga-mx\/\" class=\"excerpt-read-more\">Read More<i class=\"fa fa-caret-right icon-caret-right\"><\/i><\/a><\/p>\n","protected":false},"author":2,"featured_media":5687,"comment_status":"open","ping_status":"open","sticky":false,"template":"","format":"standard","meta":{"_jetpack_memberships_contains_paid_content":false,"footnotes":""},"categories":[2,1],"tags":[],"class_list":["post-5904","post","type-post","status-publish","format-standard","has-post-thumbnail","hentry","category-futbol-mexicano","category-sin-categoria"],"jetpack_featured_media_url":"https:\/\/latribunera.com\/apuntes\/wp-content\/uploads\/2020\/04\/7653D007-64FD-4802-A6E7-21C43529CE1C.png","jetpack-related-posts":[{"id":45386,"url":"https:\/\/latribunera.com\/apuntes\/index.php\/2026\/03\/11\/santos-launa-impulsa-mejoras-en-la-infraestructura-de-tsm-y-estadio-corona\/","url_meta":{"origin":5904,"position":0},"title":"Santos Laguna impulsa mejoras en la infraestructura de TSM y Estadio Corona","author":"Jacob Alarcon","date":"11 marzo, 2026","format":false,"excerpt":"Club Santos Laguna lleva a cabo una serie de reformas y mejoras en la infraestructura de TerritorioSantos Modelo y del Estadio Corona, con el objetivo de impulsar la innovaci\u00f3n tecnol\u00f3gica, lasostenibilidad y la modernizaci\u00f3n de sus espacios.Con estas acciones, el club contin\u00faa fortaleciendo la experiencia de sus aficionados yactualizando sus\u2026","rel":"","context":"In &quot;Pasi\u00f3n Guerrera&quot;","block_context":{"text":"Pasi\u00f3n Guerrera","link":"https:\/\/latribunera.com\/apuntes\/index.php\/category\/tribus\/pasionguerrera\/"},"img":{"alt_text":"","src":"https:\/\/i0.wp.com\/latribunera.com\/apuntes\/wp-content\/uploads\/2026\/03\/Renovacion-TSM.jpg?resize=350%2C200&ssl=1","width":350,"height":200,"srcset":"https:\/\/i0.wp.com\/latribunera.com\/apuntes\/wp-content\/uploads\/2026\/03\/Renovacion-TSM.jpg?resize=350%2C200&ssl=1 1x, https:\/\/i0.wp.com\/latribunera.com\/apuntes\/wp-content\/uploads\/2026\/03\/Renovacion-TSM.jpg?resize=525%2C300&ssl=1 1.5x, https:\/\/i0.wp.com\/latribunera.com\/apuntes\/wp-content\/uploads\/2026\/03\/Renovacion-TSM.jpg?resize=700%2C400&ssl=1 2x, https:\/\/i0.wp.com\/latribunera.com\/apuntes\/wp-content\/uploads\/2026\/03\/Renovacion-TSM.jpg?resize=1050%2C600&ssl=1 3x, https:\/\/i0.wp.com\/latribunera.com\/apuntes\/wp-content\/uploads\/2026\/03\/Renovacion-TSM.jpg?resize=1400%2C800&ssl=1 4x"},"classes":[]},{"id":45392,"url":"https:\/\/latribunera.com\/apuntes\/index.php\/2026\/04\/09\/se-presento-la-13va-edicion-del-guerreton\/","url_meta":{"origin":5904,"position":1},"title":"Se presento la 13va edici\u00f3n del Guerret\u00f3n.","author":"Staff","date":"9 abril, 2026","format":false,"excerpt":"A lo largo de sus primeras 12 ediciones, Guerret\u00f3n ha logrado recolectar m\u00e1s de 121,500juguetes, peluches y balones, beneficiando a diversas asociaciones e instituciones de laregi\u00f3n lagunera, entre ellas CRIT Durango, los sistemas DIF de distintos municipios, as\u00edcomo organizaciones educativas y asistenciales. A la fecha, se han instalado cuatro ludotecas\u2026","rel":"","context":"In &quot;Ganar Sirviendo&quot;","block_context":{"text":"Ganar Sirviendo","link":"https:\/\/latribunera.com\/apuntes\/index.php\/category\/futbol\/futbol-mexicano\/ganar-sirviendo\/"},"img":{"alt_text":"","src":"https:\/\/i0.wp.com\/latribunera.com\/apuntes\/wp-content\/uploads\/2026\/04\/9Guerreton-2026-2.jpg.jpeg?resize=350%2C200&ssl=1","width":350,"height":200,"srcset":"https:\/\/i0.wp.com\/latribunera.com\/apuntes\/wp-content\/uploads\/2026\/04\/9Guerreton-2026-2.jpg.jpeg?resize=350%2C200&ssl=1 1x, https:\/\/i0.wp.com\/latribunera.com\/apuntes\/wp-content\/uploads\/2026\/04\/9Guerreton-2026-2.jpg.jpeg?resize=525%2C300&ssl=1 1.5x, https:\/\/i0.wp.com\/latribunera.com\/apuntes\/wp-content\/uploads\/2026\/04\/9Guerreton-2026-2.jpg.jpeg?resize=700%2C400&ssl=1 2x, https:\/\/i0.wp.com\/latribunera.com\/apuntes\/wp-content\/uploads\/2026\/04\/9Guerreton-2026-2.jpg.jpeg?resize=1050%2C600&ssl=1 3x, https:\/\/i0.wp.com\/latribunera.com\/apuntes\/wp-content\/uploads\/2026\/04\/9Guerreton-2026-2.jpg.jpeg?resize=1400%2C800&ssl=1 4x"},"classes":[]},{"id":45421,"url":"https:\/\/latribunera.com\/apuntes\/index.php\/2026\/04\/16\/todo-listo-para-la-14va-edicion-de-la-copa-internacional-santos-penoles\/","url_meta":{"origin":5904,"position":2},"title":"Todo listo para la 14va edici\u00f3n de la Copa Internacional Santos Pe\u00f1oles","author":"Jacob Alarcon","date":"16 abril, 2026","format":false,"excerpt":"Este jueves, en el Auditorio Orlegi de Territorio Santos Modelo, se llev\u00f3 a cabo la presentaci\u00f3noficial de la edici\u00f3n 2026 de la Copa Internacional Santos Pe\u00f1oles, torneo que se ha consolidadocomo uno de los m\u00e1s importantes a nivel infantil y juvenil en M\u00e9xico. Adem\u00e1s de brindar una competencia deportiva de\u2026","rel":"","context":"In &quot;Sin categor\u00eda&quot;","block_context":{"text":"Sin categor\u00eda","link":"https:\/\/latribunera.com\/apuntes\/index.php\/category\/sin-categoria\/"},"img":{"alt_text":"","src":"https:\/\/i0.wp.com\/latribunera.com\/apuntes\/wp-content\/uploads\/2026\/04\/Presentacion-Copa-Santos-Penoles.jpg?resize=350%2C200&ssl=1","width":350,"height":200,"srcset":"https:\/\/i0.wp.com\/latribunera.com\/apuntes\/wp-content\/uploads\/2026\/04\/Presentacion-Copa-Santos-Penoles.jpg?resize=350%2C200&ssl=1 1x, https:\/\/i0.wp.com\/latribunera.com\/apuntes\/wp-content\/uploads\/2026\/04\/Presentacion-Copa-Santos-Penoles.jpg?resize=525%2C300&ssl=1 1.5x, https:\/\/i0.wp.com\/latribunera.com\/apuntes\/wp-content\/uploads\/2026\/04\/Presentacion-Copa-Santos-Penoles.jpg?resize=700%2C400&ssl=1 2x, https:\/\/i0.wp.com\/latribunera.com\/apuntes\/wp-content\/uploads\/2026\/04\/Presentacion-Copa-Santos-Penoles.jpg?resize=1050%2C600&ssl=1 3x, https:\/\/i0.wp.com\/latribunera.com\/apuntes\/wp-content\/uploads\/2026\/04\/Presentacion-Copa-Santos-Penoles.jpg?resize=1400%2C800&ssl=1 4x"},"classes":[]}],"jetpack_sharing_enabled":true,"_links":{"self":[{"href":"https:\/\/latribunera.com\/apuntes\/index.php\/wp-json\/wp\/v2\/posts\/5904","targetHints":{"allow":["GET"]}}],"collection":[{"href":"https:\/\/latribunera.com\/apuntes\/index.php\/wp-json\/wp\/v2\/posts"}],"about":[{"href":"https:\/\/latribunera.com\/apuntes\/index.php\/wp-json\/wp\/v2\/types\/post"}],"author":[{"embeddable":true,"href":"https:\/\/latribunera.com\/apuntes\/index.php\/wp-json\/wp\/v2\/users\/2"}],"replies":[{"embeddable":true,"href":"https:\/\/latribunera.com\/apuntes\/index.php\/wp-json\/wp\/v2\/comments?post=5904"}],"version-history":[{"count":9,"href":"https:\/\/latribunera.com\/apuntes\/index.php\/wp-json\/wp\/v2\/posts\/5904\/revisions"}],"predecessor-version":[{"id":5917,"href":"https:\/\/latribunera.com\/apuntes\/index.php\/wp-json\/wp\/v2\/posts\/5904\/revisions\/5917"}],"wp:featuredmedia":[{"embeddable":true,"href":"https:\/\/latribunera.com\/apuntes\/index.php\/wp-json\/wp\/v2\/media\/5687"}],"wp:attachment":[{"href":"https:\/\/latribunera.com\/apuntes\/index.php\/wp-json\/wp\/v2\/media?parent=5904"}],"wp:term":[{"taxonomy":"category","embeddable":true,"href":"https:\/\/latribunera.com\/apuntes\/index.php\/wp-json\/wp\/v2\/categories?post=5904"},{"taxonomy":"post_tag","embeddable":true,"href":"https:\/\/latribunera.com\/apuntes\/index.php\/wp-json\/wp\/v2\/tags?post=5904"}],"curies":[{"name":"wp","href":"https:\/\/api.w.org\/{rel}","templated":true}]}}