{"id":5959,"date":"2020-05-09T19:12:49","date_gmt":"2020-05-09T19:12:49","guid":{"rendered":"https:\/\/latribunera.com\/apuntes\/?p=5959"},"modified":"2020-05-09T20:14:07","modified_gmt":"2020-05-09T20:14:07","slug":"continua-jornada-9-eliga-mx","status":"publish","type":"post","link":"https:\/\/latribunera.com\/apuntes\/index.php\/2020\/05\/09\/continua-jornada-9-eliga-mx\/","title":{"rendered":"CONTIN\u00daA JORNADA 9. eLIGA MX"},"content":{"rendered":"\n<h2 class=\"wp-block-heading\">RENACER CEMENTERO<\/h2>\n\n\n\n<figure class=\"wp-block-embed-twitter wp-block-embed is-type-rich is-provider-twitter\"><div class=\"wp-block-embed__wrapper\">\n<blockquote class=\"twitter-tweet\" data-width=\"550\" data-dnt=\"true\"><p lang=\"es\" dir=\"ltr\">Con goles de Roberto Alvarado y Orbel\u00edn Pineda, La M\u00e1quina derrot\u00f3 a <a href=\"https:\/\/twitter.com\/Xolos?ref_src=twsrc%5Etfw\">@Xolos<\/a> por un marcador de 2-1 en lo que fue la jornada 9 de la <a href=\"https:\/\/twitter.com\/hashtag\/eLigaMX?src=hash&amp;ref_src=twsrc%5Etfw\">#eLigaMX<\/a>. <br><br>El marcador del partido es presentado por <a href=\"https:\/\/twitter.com\/JomaSport?ref_src=twsrc%5Etfw\">@JomaSport<\/a>.<a href=\"https:\/\/twitter.com\/hashtag\/UnaFormaDeVida?src=hash&amp;ref_src=twsrc%5Etfw\">#UnaFormaDeVida<\/a> <a href=\"https:\/\/t.co\/J9YG77pnUr\">pic.twitter.com\/J9YG77pnUr<\/a><\/p>&mdash; CRUZ AZUL (@CruzAzulCD) <a href=\"https:\/\/twitter.com\/CruzAzulCD\/status\/1259208513571577856?ref_src=twsrc%5Etfw\">May 9, 2020<\/a><\/blockquote><script async src=\"https:\/\/platform.twitter.com\/widgets.js\" charset=\"utf-8\"><\/script>\n<\/div><\/figure>\n\n\n\n<p>Primer partido del d\u00eda, Cruz Azul vs Xolos, partido que por urgencia de ambos cuadros, pinta para tener un victorioso, minuto 20\u2019 y ya est\u00e1bamos 1-1 en el marcador, Cruz Azul con m\u00e1s claridad al ataque, perd\u00eda opciones al frente, empez\u00e1bamos a entrar en un peque\u00f1o lapso de imprecisiones. Minuto 38\u2019 y poste de la m\u00e1quina, el cuadro comandado por S. Gimenez empezaba a hacerse amo y se\u00f1or del encuentro. Final de primer tiempo, 1-1 que pinta para que tengamos m\u00e1s goles por lo mostrado en el juego.<\/p>\n\n\n\n<p>Comienza la segunda parte, pod\u00edamos ver claramente un cambio en el ritmo, ambos equipos sal\u00edan por la victoria. Minuto 53\u2019 y llegaba el segundo de la m\u00e1quina, 2-1 por cortes\u00eda de Pineda con un zurdazo al segundo palo del arquero. <\/p>\n\n\n\n<p>Llegadas continuas de Xolos que quer\u00eda el empate, por momentos parec\u00eda que el cuadro de Santiago Gim\u00e9nez cuando quer\u00eda, pod\u00eda meter el 3ero en el marcador. Minuto 81\u2019 y poste de Xolos, jugada incre\u00edble que no entraba y que el bal\u00f3n se paseaba por toda la l\u00ednea de gol, todo parece ser que Cruz Azul por fin podr\u00e1 sumar sus primeros puntos del torneo y salir de la \u00faltima posici\u00f3n, por su parte, Xolos se queda en la decimotercera posici\u00f3n con 8 puntos.<\/p>\n\n\n\n<h2 class=\"wp-block-heading\">VICTORIA AJUSTADA<\/h2>\n\n\n\n<figure class=\"wp-block-embed-twitter wp-block-embed is-type-rich is-provider-twitter\"><div class=\"wp-block-embed__wrapper\">\n<blockquote class=\"twitter-tweet\" data-width=\"550\" data-dnt=\"true\"><p lang=\"es\" dir=\"ltr\">Se jug\u00f3, se domin\u00f3 y se venci\u00f3&#8230; \ud83d\ude0f\u26aa\ufe0f\ud83d\udd35<br><br>\u00a1El <a href=\"https:\/\/twitter.com\/hashtag\/Kevinismo?src=hash&amp;ref_src=twsrc%5Etfw\">#Kevinismo<\/a> consigue 3 puntos m\u00e1s para el eTuzo \u26f4 sobre Santos Laguna! \ud83d\udc4a\ud83c\udffc<br><br>\u00a1BUENAAAAAA <a href=\"https:\/\/twitter.com\/KevinAlvarez_2?ref_src=twsrc%5Etfw\">@KevinAlvarez_2<\/a> + <a href=\"https:\/\/twitter.com\/alacran_6?ref_src=twsrc%5Etfw\">@alacran_6<\/a>! \ud83d\ude0e<br><br>Por <a href=\"https:\/\/twitter.com\/OfficeDepotMex?ref_src=twsrc%5Etfw\">@OfficeDepotMex<\/a> <a href=\"https:\/\/twitter.com\/hashtag\/TuCasaTuCancha?src=hash&amp;ref_src=twsrc%5Etfw\">#TuCasaTuCancha<\/a> <a href=\"https:\/\/twitter.com\/hashtag\/TeJuroQueTeAmo?src=hash&amp;ref_src=twsrc%5Etfw\">#TeJuroQueTeAmo<\/a>\ud83d\udc99 <a href=\"https:\/\/t.co\/fBKU1Z6XKj\">pic.twitter.com\/fBKU1Z6XKj<\/a><\/p>&mdash; Club Pachuca (desde \ud83c\udfe1\ud83c\udfae) (@Tuzos) <a href=\"https:\/\/twitter.com\/Tuzos\/status\/1259211524322684928?ref_src=twsrc%5Etfw\">May 9, 2020<\/a><\/blockquote><script async src=\"https:\/\/platform.twitter.com\/widgets.js\" charset=\"utf-8\"><\/script>\n<\/div><\/figure>\n\n\n\n<p>Comienzo del segundo partido del d\u00eda, Kevin \u00c1lvarez vs Eduardo Aguirre, Pachuca y Santos a escena, arrancaba el partido con un alto ritmo y llegadas constantes de Tuzos. Minuto 30\u2019 y segu\u00edamos 0-0, Santos empezaba a tomar el bal\u00f3n, chispazos entre jugadas que incitaban a tener el invitado especial en cualquier momento. Final de primeras acciones, empate sin goles hasta el momento, que pinta para aprovechar al m\u00e1ximo cada oportunidad.<\/p>\n\n\n\n<p>Inicio de la segunda mitad, minuto 56\u2019 y gol del Pachuca, Kevin \u00c1lvarez met\u00eda el acelerador en el partido, minutos despu\u00e9s llegaba de nuevo en donde por poco hac\u00eda el 2-0, Santos por su parte ,no presentaba mucha reacci\u00f3n alguna. Empezaba a morir el partido, minuto 90\u2019 y Santos por poco empataba por no ser por la oportuna barrida del defensor hidalguense. Llegaba el final del partido, con este resultado, Pachuca llegaba a 18 puntos en la tercera posici\u00f3n, por su parte, Santos se quedaba en 4to con la misma cantidad de puntos pero peor diferencia de goles.<\/p>\n","protected":false},"excerpt":{"rendered":"<p>RENACER CEMENTERO Primer partido del d\u00eda, Cruz Azul vs Xolos, partido que por urgencia de ambos cuadros, pinta para tener un victorioso, minuto 20\u2019 y ya est\u00e1bamos 1-1 en el marcador, Cruz Azul con m\u00e1s claridad al ataque, perd\u00eda opciones al frente, empez\u00e1bamos a entrar en un peque\u00f1o lapso de imprecisiones. Minuto 38\u2019 y poste&#8230; <\/p>\n<div class=\"clear\"><\/div>\n<p><a href=\"https:\/\/latribunera.com\/apuntes\/index.php\/2020\/05\/09\/continua-jornada-9-eliga-mx\/\" class=\"excerpt-read-more\">Read More<i class=\"fa fa-caret-right icon-caret-right\"><\/i><\/a><\/p>\n","protected":false},"author":2,"featured_media":5771,"comment_status":"open","ping_status":"open","sticky":false,"template":"","format":"standard","meta":{"_jetpack_memberships_contains_paid_content":false,"footnotes":""},"categories":[2,1],"tags":[],"class_list":["post-5959","post","type-post","status-publish","format-standard","has-post-thumbnail","hentry","category-futbol-mexicano","category-sin-categoria"],"jetpack_featured_media_url":"https:\/\/latribunera.com\/apuntes\/wp-content\/uploads\/2020\/04\/928974D9-7F03-43C4-9C15-95FABE4159D2.png","jetpack-related-posts":[{"id":45386,"url":"https:\/\/latribunera.com\/apuntes\/index.php\/2026\/03\/11\/santos-launa-impulsa-mejoras-en-la-infraestructura-de-tsm-y-estadio-corona\/","url_meta":{"origin":5959,"position":0},"title":"Santos Laguna impulsa mejoras en la infraestructura de TSM y Estadio Corona","author":"Jacob Alarcon","date":"11 marzo, 2026","format":false,"excerpt":"Club Santos Laguna lleva a cabo una serie de reformas y mejoras en la infraestructura de TerritorioSantos Modelo y del Estadio Corona, con el objetivo de impulsar la innovaci\u00f3n tecnol\u00f3gica, lasostenibilidad y la modernizaci\u00f3n de sus espacios.Con estas acciones, el club contin\u00faa fortaleciendo la experiencia de sus aficionados yactualizando sus\u2026","rel":"","context":"In &quot;Pasi\u00f3n Guerrera&quot;","block_context":{"text":"Pasi\u00f3n Guerrera","link":"https:\/\/latribunera.com\/apuntes\/index.php\/category\/tribus\/pasionguerrera\/"},"img":{"alt_text":"","src":"https:\/\/i0.wp.com\/latribunera.com\/apuntes\/wp-content\/uploads\/2026\/03\/Renovacion-TSM.jpg?resize=350%2C200&ssl=1","width":350,"height":200,"srcset":"https:\/\/i0.wp.com\/latribunera.com\/apuntes\/wp-content\/uploads\/2026\/03\/Renovacion-TSM.jpg?resize=350%2C200&ssl=1 1x, https:\/\/i0.wp.com\/latribunera.com\/apuntes\/wp-content\/uploads\/2026\/03\/Renovacion-TSM.jpg?resize=525%2C300&ssl=1 1.5x, https:\/\/i0.wp.com\/latribunera.com\/apuntes\/wp-content\/uploads\/2026\/03\/Renovacion-TSM.jpg?resize=700%2C400&ssl=1 2x, https:\/\/i0.wp.com\/latribunera.com\/apuntes\/wp-content\/uploads\/2026\/03\/Renovacion-TSM.jpg?resize=1050%2C600&ssl=1 3x, https:\/\/i0.wp.com\/latribunera.com\/apuntes\/wp-content\/uploads\/2026\/03\/Renovacion-TSM.jpg?resize=1400%2C800&ssl=1 4x"},"classes":[]},{"id":45421,"url":"https:\/\/latribunera.com\/apuntes\/index.php\/2026\/04\/16\/todo-listo-para-la-14va-edicion-de-la-copa-internacional-santos-penoles\/","url_meta":{"origin":5959,"position":1},"title":"Todo listo para la 14va edici\u00f3n de la Copa Internacional Santos Pe\u00f1oles","author":"Jacob Alarcon","date":"16 abril, 2026","format":false,"excerpt":"Este jueves, en el Auditorio Orlegi de Territorio Santos Modelo, se llev\u00f3 a cabo la presentaci\u00f3noficial de la edici\u00f3n 2026 de la Copa Internacional Santos Pe\u00f1oles, torneo que se ha consolidadocomo uno de los m\u00e1s importantes a nivel infantil y juvenil en M\u00e9xico. Adem\u00e1s de brindar una competencia deportiva de\u2026","rel":"","context":"In &quot;Sin categor\u00eda&quot;","block_context":{"text":"Sin categor\u00eda","link":"https:\/\/latribunera.com\/apuntes\/index.php\/category\/sin-categoria\/"},"img":{"alt_text":"","src":"https:\/\/i0.wp.com\/latribunera.com\/apuntes\/wp-content\/uploads\/2026\/04\/Presentacion-Copa-Santos-Penoles.jpg?resize=350%2C200&ssl=1","width":350,"height":200,"srcset":"https:\/\/i0.wp.com\/latribunera.com\/apuntes\/wp-content\/uploads\/2026\/04\/Presentacion-Copa-Santos-Penoles.jpg?resize=350%2C200&ssl=1 1x, https:\/\/i0.wp.com\/latribunera.com\/apuntes\/wp-content\/uploads\/2026\/04\/Presentacion-Copa-Santos-Penoles.jpg?resize=525%2C300&ssl=1 1.5x, https:\/\/i0.wp.com\/latribunera.com\/apuntes\/wp-content\/uploads\/2026\/04\/Presentacion-Copa-Santos-Penoles.jpg?resize=700%2C400&ssl=1 2x, https:\/\/i0.wp.com\/latribunera.com\/apuntes\/wp-content\/uploads\/2026\/04\/Presentacion-Copa-Santos-Penoles.jpg?resize=1050%2C600&ssl=1 3x, https:\/\/i0.wp.com\/latribunera.com\/apuntes\/wp-content\/uploads\/2026\/04\/Presentacion-Copa-Santos-Penoles.jpg?resize=1400%2C800&ssl=1 4x"},"classes":[]},{"id":45392,"url":"https:\/\/latribunera.com\/apuntes\/index.php\/2026\/04\/09\/se-presento-la-13va-edicion-del-guerreton\/","url_meta":{"origin":5959,"position":2},"title":"Se presento la 13va edici\u00f3n del Guerret\u00f3n.","author":"Staff","date":"9 abril, 2026","format":false,"excerpt":"A lo largo de sus primeras 12 ediciones, Guerret\u00f3n ha logrado recolectar m\u00e1s de 121,500juguetes, peluches y balones, beneficiando a diversas asociaciones e instituciones de laregi\u00f3n lagunera, entre ellas CRIT Durango, los sistemas DIF de distintos municipios, as\u00edcomo organizaciones educativas y asistenciales. A la fecha, se han instalado cuatro ludotecas\u2026","rel":"","context":"In &quot;Ganar Sirviendo&quot;","block_context":{"text":"Ganar Sirviendo","link":"https:\/\/latribunera.com\/apuntes\/index.php\/category\/futbol\/futbol-mexicano\/ganar-sirviendo\/"},"img":{"alt_text":"","src":"https:\/\/i0.wp.com\/latribunera.com\/apuntes\/wp-content\/uploads\/2026\/04\/9Guerreton-2026-2.jpg.jpeg?resize=350%2C200&ssl=1","width":350,"height":200,"srcset":"https:\/\/i0.wp.com\/latribunera.com\/apuntes\/wp-content\/uploads\/2026\/04\/9Guerreton-2026-2.jpg.jpeg?resize=350%2C200&ssl=1 1x, https:\/\/i0.wp.com\/latribunera.com\/apuntes\/wp-content\/uploads\/2026\/04\/9Guerreton-2026-2.jpg.jpeg?resize=525%2C300&ssl=1 1.5x, https:\/\/i0.wp.com\/latribunera.com\/apuntes\/wp-content\/uploads\/2026\/04\/9Guerreton-2026-2.jpg.jpeg?resize=700%2C400&ssl=1 2x, https:\/\/i0.wp.com\/latribunera.com\/apuntes\/wp-content\/uploads\/2026\/04\/9Guerreton-2026-2.jpg.jpeg?resize=1050%2C600&ssl=1 3x, https:\/\/i0.wp.com\/latribunera.com\/apuntes\/wp-content\/uploads\/2026\/04\/9Guerreton-2026-2.jpg.jpeg?resize=1400%2C800&ssl=1 4x"},"classes":[]}],"jetpack_sharing_enabled":true,"_links":{"self":[{"href":"https:\/\/latribunera.com\/apuntes\/index.php\/wp-json\/wp\/v2\/posts\/5959","targetHints":{"allow":["GET"]}}],"collection":[{"href":"https:\/\/latribunera.com\/apuntes\/index.php\/wp-json\/wp\/v2\/posts"}],"about":[{"href":"https:\/\/latribunera.com\/apuntes\/index.php\/wp-json\/wp\/v2\/types\/post"}],"author":[{"embeddable":true,"href":"https:\/\/latribunera.com\/apuntes\/index.php\/wp-json\/wp\/v2\/users\/2"}],"replies":[{"embeddable":true,"href":"https:\/\/latribunera.com\/apuntes\/index.php\/wp-json\/wp\/v2\/comments?post=5959"}],"version-history":[{"count":9,"href":"https:\/\/latribunera.com\/apuntes\/index.php\/wp-json\/wp\/v2\/posts\/5959\/revisions"}],"predecessor-version":[{"id":5979,"href":"https:\/\/latribunera.com\/apuntes\/index.php\/wp-json\/wp\/v2\/posts\/5959\/revisions\/5979"}],"wp:featuredmedia":[{"embeddable":true,"href":"https:\/\/latribunera.com\/apuntes\/index.php\/wp-json\/wp\/v2\/media\/5771"}],"wp:attachment":[{"href":"https:\/\/latribunera.com\/apuntes\/index.php\/wp-json\/wp\/v2\/media?parent=5959"}],"wp:term":[{"taxonomy":"category","embeddable":true,"href":"https:\/\/latribunera.com\/apuntes\/index.php\/wp-json\/wp\/v2\/categories?post=5959"},{"taxonomy":"post_tag","embeddable":true,"href":"https:\/\/latribunera.com\/apuntes\/index.php\/wp-json\/wp\/v2\/tags?post=5959"}],"curies":[{"name":"wp","href":"https:\/\/api.w.org\/{rel}","templated":true}]}}