{"id":6024,"date":"2020-05-12T19:16:50","date_gmt":"2020-05-12T19:16:50","guid":{"rendered":"https:\/\/latribunera.com\/apuntes\/?p=6024"},"modified":"2020-05-12T20:05:17","modified_gmt":"2020-05-12T20:05:17","slug":"6024","status":"publish","type":"post","link":"https:\/\/latribunera.com\/apuntes\/index.php\/2020\/05\/12\/6024\/","title":{"rendered":"CONTIN\u00daA JORNADA 10. ELIGA MX"},"content":{"rendered":"\n<h2 class=\"wp-block-heading\">EMPATE A GOLES<\/h2>\n\n\n\n<figure class=\"wp-block-embed-twitter wp-block-embed is-type-rich is-provider-twitter\"><div class=\"wp-block-embed__wrapper\">\n<blockquote class=\"twitter-tweet\" data-width=\"550\" data-dnt=\"true\"><p lang=\"es\" dir=\"ltr\">\u23f1 | 90\u2019+2 | <a href=\"https:\/\/twitter.com\/hashtag\/CHI?src=hash&amp;ref_src=twsrc%5Etfw\">#CHI<\/a> 2 &#8211; 2 <a href=\"https:\/\/twitter.com\/hashtag\/MTY?src=hash&amp;ref_src=twsrc%5Etfw\">#MTY<\/a><br><br>\u00a1Termina el encuentro de la d\u00e9cima jornada! Nos vamos con un punto de visitantes \ud83e\udd20\ud83c\udfae<a href=\"https:\/\/twitter.com\/BBVA_Mex?ref_src=twsrc%5Etfw\">@BBVA_MEX<\/a> presenta el marcador final.\u2070<br>\u00a1ARRIBA EL MONTERREY! \ud83d\udde3<a href=\"https:\/\/twitter.com\/hashtag\/TuCasaTuCancha?src=hash&amp;ref_src=twsrc%5Etfw\">#TuCasaTuCancha<\/a><a href=\"https:\/\/twitter.com\/hashtag\/EnLaVidaYEnLaCasa?src=hash&amp;ref_src=twsrc%5Etfw\">#EnLaVidaYEnLaCasa<\/a> \ud83c\udfe1\ud83d\udc99\u26aa <a href=\"https:\/\/t.co\/ai4gV5bJLB\">pic.twitter.com\/ai4gV5bJLB<\/a><\/p>&mdash; Rayados (desde \ud83c\udfe1) (@Rayados) <a href=\"https:\/\/twitter.com\/Rayados\/status\/1260291243260723200?ref_src=twsrc%5Etfw\">May 12, 2020<\/a><\/blockquote><script async src=\"https:\/\/platform.twitter.com\/widgets.js\" charset=\"utf-8\"><\/script>\n<\/div><\/figure>\n\n\n\n<p>Comenzaba el primer partido del d\u00eda, Rayados vs Chivas. Partido que empezaba muy cerrado, pocas oportunidades que hasta el minuto 23\u2019 llegar\u00eda el gol de Rayados, Rogelio Funes Mori dec\u00eda presente en el marcador. El Monterrey empezaba a manipular el partido, control que se reg\u00eda lentamente, llegaba el minuto 35\u2019 y Rayados volv\u00eda a pegar, 2-0 al marcador a favor de la pandilla por medio de un zurdazo de Celso Ortiz que la pon\u00eda e el fondo de las redes.<\/p>\n\n\n\n<p>Chivas por su parte, parec\u00eda noqueado desde el primer gol, juego muy ap\u00e1tico por parte de los tapat\u00edos, final de primer tiempo que perfila una segunda mitad de tr\u00e1mite para los Rayados. \u00bfHabr\u00e1 un milagro para el chiver\u00edo?.<\/p>\n\n\n\n<p>Comienzo de la segunda mitad, inicio de acciones complementarias, parec\u00eda que el descanso sirvi\u00f3 a unas Chivas que empezaba a mostrar se\u00f1ales de vida.<\/p>\n\n\n\n<p>Minuto 60\u2019, gol del Guadalajara que gracias a \u00c1ngulo, se met\u00edan de nuevo en el partido. A partir del gol, Chivas empez\u00f3 a dominar el partido, mucho toque de bal\u00f3n est\u00e9ril que intercambiaba en estos la posesi\u00f3n con los Rayados.<\/p>\n\n\n\n<p>Minuto 74\u2019 y ahora el noqueado eran los de Luis Cardenas, gol de las Chivas que pon\u00edan el empate al marcador, disparo al segundo poste que se colaba a la porter\u00eda del \u201cMochis\u201d Cardenas.<\/p>\n\n\n\n<p>Minutos finales del partido, Chivas jugando en el \u00e1rea Rayada que trataba de parar los embates de unas Chivas crecidas con el gol. Final del partido, empate en la sultana del norte, con este resultado, Rayados alcanza los 17 puntos en la 8va posici\u00f3n, por otro lado, las Chivas llegan a 14 unidades en el d\u00e9cimo pelda\u00f1o, escalando poco a poco despu\u00e9s del mal inicio que tuvieron.<\/p>\n\n\n\n<h2 class=\"wp-block-heading\">MANDA EL SUPERL\u00cdDER<\/h2>\n\n\n\n<figure class=\"wp-block-embed-twitter wp-block-embed is-type-rich is-provider-twitter\"><div class=\"wp-block-embed__wrapper\">\n<blockquote class=\"twitter-tweet\" data-width=\"550\" data-dnt=\"true\"><p lang=\"es\" dir=\"ltr\">VUELVE A GANAR LA eFIERA. \ud83e\udd81<br><br>VUELVE A GANAR <a href=\"https:\/\/twitter.com\/hashtag\/NICKILLER?src=hash&amp;ref_src=twsrc%5Etfw\">#NICKILLER<\/a>. \ud83d\ude45\ud83c\udffb\u200d\u2642\ufe0f<br><br>Presentado por <a href=\"https:\/\/twitter.com\/Telcel?ref_src=twsrc%5Etfw\">@Telcel<\/a> <br><br>\ud83d\udcf2<a href=\"https:\/\/t.co\/BRPscPGNNE\">https:\/\/t.co\/BRPscPGNNE<\/a><a href=\"https:\/\/twitter.com\/hashtag\/VamosAVolver?src=hash&amp;ref_src=twsrc%5Etfw\">#VamosAVolver<\/a> <a href=\"https:\/\/t.co\/robf4wMkgP\">pic.twitter.com\/robf4wMkgP<\/a><\/p>&mdash; #VamosAVolver (@clubleonfc) <a href=\"https:\/\/twitter.com\/clubleonfc\/status\/1260299074839777280?ref_src=twsrc%5Etfw\">May 12, 2020<\/a><\/blockquote><script async src=\"https:\/\/platform.twitter.com\/widgets.js\" charset=\"utf-8\"><\/script>\n<\/div><\/figure>\n\n\n\n<p>Comienzo del segundo partido del d\u00eda, Le\u00f3n vs Pumas, duelo de fieras, primeros minutos de acci\u00f3n y llegada clara del Le\u00f3n que pegaba en el poste, primer aviso de Nikiller.<\/p>\n\n\n\n<p>Minuto 15\u2019 y otro aviso de la fiera, disparo de Campbell que sacaba Saldivar del fondo. Empezaba un juego de ida y vuelta interesante, a los 23\u2019 llegada de Pumas que empezaba a encontrar su juego en el partido.<\/p>\n\n\n\n<p>Llegadas constantes por ambos lados que terminaban en nada, Nico Sosa apretaba el acelerador y met\u00eda el primero del partido, Campbell por fin romp\u00eda las redes despu\u00e9s de tantos intentos, 1 a 0 en el marcador al minuto 38\u2019. Parec\u00eda que terminaba as\u00ed el primer tiempo, minuto 45\u2019 y llegaba gol de Universidad, tablas al marcador por cortes\u00eda de Gonz\u00e1lez, 1 a 1 al descanso.<\/p>\n\n\n\n<p>Inicio de la parte complementaria, ida y vuelta reinante, por momentos parec\u00eda m\u00e1s cerca el gol de Pumas que el del l\u00edder Le\u00f3n, \u00bfEstaba Nico Sosa por fin teniendo un golpe de realidad?.<\/p>\n\n\n\n<p>Minuto 78\u2019 y Le\u00f3n quer\u00eda la victoria, jugada pol\u00e9mica que terminaba en penalti, \u00c1ngel Mena lo met\u00eda y 2 a 1 el marcador. Empezaba a morir el encuentro, minuto 89\u2019 y gol de Nico Sosa, partido sellado con un 3 a 1 definitivo, con este marcador Le\u00f3n llega a 26 puntos, pr\u00e1cticamente calificados, por su parte, Pumas se queda con 12 puntos.<\/p>\n","protected":false},"excerpt":{"rendered":"<p>EMPATE A GOLES Comenzaba el primer partido del d\u00eda, Rayados vs Chivas. Partido que empezaba muy cerrado, pocas oportunidades que hasta el minuto 23\u2019 llegar\u00eda el gol de Rayados, Rogelio Funes Mori dec\u00eda presente en el marcador. El Monterrey empezaba a manipular el partido, control que se reg\u00eda lentamente, llegaba el minuto 35\u2019 y Rayados&#8230; <\/p>\n<div class=\"clear\"><\/div>\n<p><a href=\"https:\/\/latribunera.com\/apuntes\/index.php\/2020\/05\/12\/6024\/\" class=\"excerpt-read-more\">Read More<i class=\"fa fa-caret-right icon-caret-right\"><\/i><\/a><\/p>\n","protected":false},"author":2,"featured_media":6053,"comment_status":"open","ping_status":"open","sticky":false,"template":"","format":"standard","meta":{"_jetpack_memberships_contains_paid_content":false,"footnotes":""},"categories":[2],"tags":[],"class_list":["post-6024","post","type-post","status-publish","format-standard","has-post-thumbnail","hentry","category-futbol-mexicano"],"jetpack_featured_media_url":"https:\/\/latribunera.com\/apuntes\/wp-content\/uploads\/2020\/05\/7C339200-9087-46F4-901A-FCFC6E8B521A.png","jetpack-related-posts":[{"id":45392,"url":"https:\/\/latribunera.com\/apuntes\/index.php\/2026\/04\/09\/se-presento-la-13va-edicion-del-guerreton\/","url_meta":{"origin":6024,"position":0},"title":"Se presento la 13va edici\u00f3n del Guerret\u00f3n.","author":"Staff","date":"9 abril, 2026","format":false,"excerpt":"A lo largo de sus primeras 12 ediciones, Guerret\u00f3n ha logrado recolectar m\u00e1s de 121,500juguetes, peluches y balones, beneficiando a diversas asociaciones e instituciones de laregi\u00f3n lagunera, entre ellas CRIT Durango, los sistemas DIF de distintos municipios, as\u00edcomo organizaciones educativas y asistenciales. A la fecha, se han instalado cuatro ludotecas\u2026","rel":"","context":"In &quot;Ganar Sirviendo&quot;","block_context":{"text":"Ganar Sirviendo","link":"https:\/\/latribunera.com\/apuntes\/index.php\/category\/futbol\/futbol-mexicano\/ganar-sirviendo\/"},"img":{"alt_text":"","src":"https:\/\/i0.wp.com\/latribunera.com\/apuntes\/wp-content\/uploads\/2026\/04\/9Guerreton-2026-2.jpg.jpeg?resize=350%2C200&ssl=1","width":350,"height":200,"srcset":"https:\/\/i0.wp.com\/latribunera.com\/apuntes\/wp-content\/uploads\/2026\/04\/9Guerreton-2026-2.jpg.jpeg?resize=350%2C200&ssl=1 1x, https:\/\/i0.wp.com\/latribunera.com\/apuntes\/wp-content\/uploads\/2026\/04\/9Guerreton-2026-2.jpg.jpeg?resize=525%2C300&ssl=1 1.5x, https:\/\/i0.wp.com\/latribunera.com\/apuntes\/wp-content\/uploads\/2026\/04\/9Guerreton-2026-2.jpg.jpeg?resize=700%2C400&ssl=1 2x, https:\/\/i0.wp.com\/latribunera.com\/apuntes\/wp-content\/uploads\/2026\/04\/9Guerreton-2026-2.jpg.jpeg?resize=1050%2C600&ssl=1 3x, https:\/\/i0.wp.com\/latribunera.com\/apuntes\/wp-content\/uploads\/2026\/04\/9Guerreton-2026-2.jpg.jpeg?resize=1400%2C800&ssl=1 4x"},"classes":[]},{"id":45386,"url":"https:\/\/latribunera.com\/apuntes\/index.php\/2026\/03\/11\/santos-launa-impulsa-mejoras-en-la-infraestructura-de-tsm-y-estadio-corona\/","url_meta":{"origin":6024,"position":1},"title":"Santos Laguna impulsa mejoras en la infraestructura de TSM y Estadio Corona","author":"Jacob Alarcon","date":"11 marzo, 2026","format":false,"excerpt":"Club Santos Laguna lleva a cabo una serie de reformas y mejoras en la infraestructura de TerritorioSantos Modelo y del Estadio Corona, con el objetivo de impulsar la innovaci\u00f3n tecnol\u00f3gica, lasostenibilidad y la modernizaci\u00f3n de sus espacios.Con estas acciones, el club contin\u00faa fortaleciendo la experiencia de sus aficionados yactualizando sus\u2026","rel":"","context":"In &quot;Pasi\u00f3n Guerrera&quot;","block_context":{"text":"Pasi\u00f3n Guerrera","link":"https:\/\/latribunera.com\/apuntes\/index.php\/category\/tribus\/pasionguerrera\/"},"img":{"alt_text":"","src":"https:\/\/i0.wp.com\/latribunera.com\/apuntes\/wp-content\/uploads\/2026\/03\/Renovacion-TSM.jpg?resize=350%2C200&ssl=1","width":350,"height":200,"srcset":"https:\/\/i0.wp.com\/latribunera.com\/apuntes\/wp-content\/uploads\/2026\/03\/Renovacion-TSM.jpg?resize=350%2C200&ssl=1 1x, https:\/\/i0.wp.com\/latribunera.com\/apuntes\/wp-content\/uploads\/2026\/03\/Renovacion-TSM.jpg?resize=525%2C300&ssl=1 1.5x, https:\/\/i0.wp.com\/latribunera.com\/apuntes\/wp-content\/uploads\/2026\/03\/Renovacion-TSM.jpg?resize=700%2C400&ssl=1 2x, https:\/\/i0.wp.com\/latribunera.com\/apuntes\/wp-content\/uploads\/2026\/03\/Renovacion-TSM.jpg?resize=1050%2C600&ssl=1 3x, https:\/\/i0.wp.com\/latribunera.com\/apuntes\/wp-content\/uploads\/2026\/03\/Renovacion-TSM.jpg?resize=1400%2C800&ssl=1 4x"},"classes":[]},{"id":45421,"url":"https:\/\/latribunera.com\/apuntes\/index.php\/2026\/04\/16\/todo-listo-para-la-14va-edicion-de-la-copa-internacional-santos-penoles\/","url_meta":{"origin":6024,"position":2},"title":"Todo listo para la 14va edici\u00f3n de la Copa Internacional Santos Pe\u00f1oles","author":"Jacob Alarcon","date":"16 abril, 2026","format":false,"excerpt":"Este jueves, en el Auditorio Orlegi de Territorio Santos Modelo, se llev\u00f3 a cabo la presentaci\u00f3noficial de la edici\u00f3n 2026 de la Copa Internacional Santos Pe\u00f1oles, torneo que se ha consolidadocomo uno de los m\u00e1s importantes a nivel infantil y juvenil en M\u00e9xico. Adem\u00e1s de brindar una competencia deportiva de\u2026","rel":"","context":"In &quot;Sin categor\u00eda&quot;","block_context":{"text":"Sin categor\u00eda","link":"https:\/\/latribunera.com\/apuntes\/index.php\/category\/sin-categoria\/"},"img":{"alt_text":"","src":"https:\/\/i0.wp.com\/latribunera.com\/apuntes\/wp-content\/uploads\/2026\/04\/Presentacion-Copa-Santos-Penoles.jpg?resize=350%2C200&ssl=1","width":350,"height":200,"srcset":"https:\/\/i0.wp.com\/latribunera.com\/apuntes\/wp-content\/uploads\/2026\/04\/Presentacion-Copa-Santos-Penoles.jpg?resize=350%2C200&ssl=1 1x, https:\/\/i0.wp.com\/latribunera.com\/apuntes\/wp-content\/uploads\/2026\/04\/Presentacion-Copa-Santos-Penoles.jpg?resize=525%2C300&ssl=1 1.5x, https:\/\/i0.wp.com\/latribunera.com\/apuntes\/wp-content\/uploads\/2026\/04\/Presentacion-Copa-Santos-Penoles.jpg?resize=700%2C400&ssl=1 2x, https:\/\/i0.wp.com\/latribunera.com\/apuntes\/wp-content\/uploads\/2026\/04\/Presentacion-Copa-Santos-Penoles.jpg?resize=1050%2C600&ssl=1 3x, https:\/\/i0.wp.com\/latribunera.com\/apuntes\/wp-content\/uploads\/2026\/04\/Presentacion-Copa-Santos-Penoles.jpg?resize=1400%2C800&ssl=1 4x"},"classes":[]}],"jetpack_sharing_enabled":true,"_links":{"self":[{"href":"https:\/\/latribunera.com\/apuntes\/index.php\/wp-json\/wp\/v2\/posts\/6024","targetHints":{"allow":["GET"]}}],"collection":[{"href":"https:\/\/latribunera.com\/apuntes\/index.php\/wp-json\/wp\/v2\/posts"}],"about":[{"href":"https:\/\/latribunera.com\/apuntes\/index.php\/wp-json\/wp\/v2\/types\/post"}],"author":[{"embeddable":true,"href":"https:\/\/latribunera.com\/apuntes\/index.php\/wp-json\/wp\/v2\/users\/2"}],"replies":[{"embeddable":true,"href":"https:\/\/latribunera.com\/apuntes\/index.php\/wp-json\/wp\/v2\/comments?post=6024"}],"version-history":[{"count":9,"href":"https:\/\/latribunera.com\/apuntes\/index.php\/wp-json\/wp\/v2\/posts\/6024\/revisions"}],"predecessor-version":[{"id":6054,"href":"https:\/\/latribunera.com\/apuntes\/index.php\/wp-json\/wp\/v2\/posts\/6024\/revisions\/6054"}],"wp:featuredmedia":[{"embeddable":true,"href":"https:\/\/latribunera.com\/apuntes\/index.php\/wp-json\/wp\/v2\/media\/6053"}],"wp:attachment":[{"href":"https:\/\/latribunera.com\/apuntes\/index.php\/wp-json\/wp\/v2\/media?parent=6024"}],"wp:term":[{"taxonomy":"category","embeddable":true,"href":"https:\/\/latribunera.com\/apuntes\/index.php\/wp-json\/wp\/v2\/categories?post=6024"},{"taxonomy":"post_tag","embeddable":true,"href":"https:\/\/latribunera.com\/apuntes\/index.php\/wp-json\/wp\/v2\/tags?post=6024"}],"curies":[{"name":"wp","href":"https:\/\/api.w.org\/{rel}","templated":true}]}}